{"id":51175,"date":"2025-03-07T09:30:52","date_gmt":"2025-03-07T12:30:52","guid":{"rendered":"https:\/\/radiorevelacionfm.cl\/?p=51175"},"modified":"2025-03-07T09:30:52","modified_gmt":"2025-03-07T12:30:52","slug":"de-cara-a-una-nueva-conmemoracion-del-8m-ursula-mix-releva-los-avances-del-gobierno-para-las-mujeres","status":"publish","type":"post","link":"https:\/\/radiorevelacionfm.cl\/?p=51175","title":{"rendered":"De cara a una nueva conmemoraci\u00f3n del 8M: \u00darsula Mix releva los avances del Gobierno para las mujeres"},"content":{"rendered":"<div class=\"flex_column av_one_full  flex_column_div av-zero-column-padding first  avia-builder-el-0  el_before_av_one_full  avia-builder-el-first  \" style='border-radius:0px; '><div  class='avia-image-container  av-styling-    avia-builder-el-1  avia-builder-el-no-sibling  avia-align-center '  itemprop=\"image\" itemscope=\"itemscope\" itemtype=\"https:\/\/schema.org\/ImageObject\"  ><div class='avia-image-container-inner'><div class='avia-image-overlay-wrap'><img decoding=\"async\" class='wp-image-51176 avia-img-lazy-loading-not-51176 avia_image' src=\"https:\/\/radiorevelacionfm.cl\/wp-content\/uploads\/2025\/03\/voceria-1-1.jpg\" alt='' title='voceria (1) (1)' height=\"605\" width=\"803\"  itemprop=\"thumbnailUrl\" srcset=\"https:\/\/radiorevelacionfm.cl\/wp-content\/uploads\/2025\/03\/voceria-1-1.jpg 803w, https:\/\/radiorevelacionfm.cl\/wp-content\/uploads\/2025\/03\/voceria-1-1-300x226.jpg 300w, https:\/\/radiorevelacionfm.cl\/wp-content\/uploads\/2025\/03\/voceria-1-1-768x579.jpg 768w, https:\/\/radiorevelacionfm.cl\/wp-content\/uploads\/2025\/03\/voceria-1-1-705x531.jpg 705w, https:\/\/radiorevelacionfm.cl\/wp-content\/uploads\/2025\/03\/voceria-1-1-450x339.jpg 450w, https:\/\/radiorevelacionfm.cl\/wp-content\/uploads\/2025\/03\/voceria-1-1-600x452.jpg 600w\" sizes=\"(max-width: 803px) 100vw, 803px\" \/><\/div><\/div><\/div><\/div><div class=\"flex_column av_one_full  flex_column_div av-zero-column-padding first  avia-builder-el-2  el_after_av_one_full  el_before_av_one_full  column-top-margin\" style='border-radius:0px; '><section class=\"av_textblock_section \"  itemscope=\"itemscope\" itemtype=\"https:\/\/schema.org\/BlogPosting\" itemprop=\"blogPost\" ><div class='avia_textblock  '   itemprop=\"text\" ><p style=\"text-align: center;\"><span style=\"font-size: 18pt;\"><strong>De cara a una nueva conmemoraci\u00f3n del 8M: \u00darsula Mix releva los avances del Gobierno para las mujeres<\/strong><\/span><\/p>\n<div id=\"gtx-trans\" style=\"position: absolute; left: -50px; top: 4.31534px;\">\n<div class=\"gtx-trans-icon\"><\/div>\n<\/div>\n<\/div><\/section><\/div><div class=\"flex_column av_one_full  flex_column_div av-zero-column-padding first  avia-builder-el-4  el_after_av_one_full  el_before_av_hr  column-top-margin\" style='border-radius:0px; '><section class=\"av_textblock_section \"  itemscope=\"itemscope\" itemtype=\"https:\/\/schema.org\/BlogPosting\" itemprop=\"blogPost\" ><div class='avia_textblock  '   itemprop=\"text\" ><p style=\"text-align: justify;\">De cara a una nueva conmemoraci\u00f3n del 8 M, D\u00eda Internacional de la Mujer, la seremi de gobierno de Ays\u00e9n, \u00darsula Mix Jim\u00e9nez, destac\u00f3 los avances y acciones emprendidas por la actual administraci\u00f3n para prevenir, sancionar y erradicar la violencia de g\u00e9nero, entregarles a las mujeres mayor autonom\u00eda econ\u00f3mica y empleabilidad y avanzar en sus derechos sexuales y reproductivos.<\/p>\n<p style=\"text-align: justify;\">En este sentido, la vocera destac\u00f3 la creaci\u00f3n en Cochrane, en noviembre del a\u00f1o 2024, del Primer Centro de Atenci\u00f3n Especializada en Violencias de G\u00e9nero de la Regi\u00f3n de Ays\u00e9n, se\u00f1alando que en esa oportunidad no solo se cumpli\u00f3 con un compromiso presidencial -de pasar de tener tres centros en el pa\u00eds a tener uno en cada regi\u00f3n-, sino que adem\u00e1s se inaugur\u00f3 en la Provincia de Capit\u00e1n Prat un espacio de protecci\u00f3n y apoyo\u00a0 para las v\u00edctimas de violencia de g\u00e9nero, posibilitando que cada mujer tenga acceso a una atenci\u00f3n segura, cercana y especializada.<\/p>\n<p style=\"text-align: justify;\">\u201cPara nuestro gobierno, en el Chile de hoy no hay espacio para la violencia de g\u00e9nero. Tenemos el deber moral, pol\u00edtico e hist\u00f3rico de defender el legado de nuestras madres, abuelas y antecesoras. Avanzar y no retroceder, por eso nuestro mensaje es CHILE PARA TODAS. Su seguridad y bienestar son nuestra prioridad y seguiremos trabajando por una sociedad m\u00e1s igualitaria y libre de violencia\u201d, dijo.<\/p>\n<p style=\"text-align: justify;\">En este contexto, record\u00f3 tambi\u00e9n la aprobaci\u00f3n, en junio del a\u00f1o 2024, de la Ley Integral para prevenir, sancionar y erradicar la violencia de g\u00e9nero que, adem\u00e1s de proteger a ni\u00f1as, ni\u00f1os y adolescentes, reconoci\u00e9ndoles como v\u00edctimas directas de la violencia, mandata a distintos \u00f3rganos del Estado a velar por el debido acceso a la justicia de las v\u00edctimas.<\/p>\n<p style=\"text-align: justify;\">La portavoz tambi\u00e9n relev\u00f3 los avances contra la violencia econ\u00f3mica hacia las mujeres mediante la implementaci\u00f3n el Registro Nacional de Deudores y la puesta en marcha del mecanismo para el pago efectivo de deudas de pensiones de alimentos (que en la regi\u00f3n lleg\u00f3 a ser un total de 900 deudores siendo un 94% hombres), a\u00f1adiendo que gracias a esta ley se ha logrado que un 55.4% haya pagado o llegado a un acuerdo de pago.<\/p>\n<p style=\"text-align: justify;\">\u201cEn cuanto a la violencia sexual, que afecta principalmente a ni\u00f1as y adolescentes, es oportuno relevar que nuestro Gobierno, a trav\u00e9s del Ministerio de la Mujer, incorpor\u00f3 las agresiones sexuales al GES, y adem\u00e1s se ha constatado que m\u00e1s mujeres han accedido a la Ley\u00a0 de Interrupci\u00f3n Voluntaria del Embarazo (IVE) por la causal de embarazo por violaci\u00f3n, como resultado de la mejor articulaci\u00f3n entre instituciones del Estado\u201d, a\u00f1adi\u00f3 Mix Jim\u00e9nez.<\/p>\n<p style=\"text-align: justify;\">Del mismo modo, la Seremi destac\u00f3 que durante el gobierno del Presidente Gabriel Boric Font se logr\u00f3 recuperar la participaci\u00f3n laboral femenina, fuertemente afectada por la pandemia.<\/p>\n<p style=\"text-align: justify;\">As\u00ed tambi\u00e9n relev\u00f3 la puesta en marcha la Ley de Conciliaci\u00f3n de la vida personal, familiar y laboral, cuya finalidad es mejorar la inserci\u00f3n laboral y las condiciones de trabajo de miles de mujeres; la implementaci\u00f3n gradual de la Ley de 40 horas, que reduce gradualmente la jornada laboral de 45 a 40 horas semanales; la aprobaci\u00f3n y entrada en vigencia de la Ley Karin, para investigar, prevenir y sancionar el acoso laboral, sexual y la violencia en el trabajo.<\/p>\n<p style=\"text-align: justify;\">\u00darsula Mix Jim\u00e9nez Agreg\u00f3 que de la misma forma en que se logr\u00f3 la aprobaci\u00f3n de la Reforma de Pensiones, que mejorar\u00e1 la calidad de vida de los y las actuales y futuros jubilados y jubiladas, el gobierno seguir\u00e1 consolidando el Sistema Nacional de apoyos y cuidados \u201cChile Cuida\u201d, inaugurando Centros Comunitarios de Cuidado en todo el pa\u00eds, ampliando la Red de Chile Cuida y los beneficios a las personas cuidadoras y quienes requieren cuidados.<\/p>\n<p style=\"text-align: justify;\">\u201cAdem\u00e1s de los avances ya indicados en materia de g\u00e9nero, y muchos otros, nos vamos a mantener firmes y seguiremos trabajando por los derechos y la igualdad de las mujeres en la sociedad. Es muy importante incorporar la perspectiva de g\u00e9nero y seguir trabajando en transversalizar nuestras acciones en los distintos espacios que ocupamos\u201d, concluy\u00f3<\/p>\n<\/div><\/section><\/div><div  style='height:50px' class='hr hr-invisible   avia-builder-el-6  el_after_av_one_full  el_before_av_social_share '><span class='hr-inner ' ><span class='hr-inner-style'><\/span><\/span><\/div><\/p>\n<div  class='av-social-sharing-box  avia-builder-el-7  el_after_av_hr  el_before_av_hr  '><div class='av-share-box'><h5 class='av-share-link-description av-no-toc '>Compartir esta noticia<\/h5><ul class='av-share-box-list noLightbox'><li class='av-share-link av-social-link-facebook' ><a target=\"_blank\" aria-label=\"Compartir en Facebook\" href='https:\/\/www.facebook.com\/sharer.php?u=https:\/\/radiorevelacionfm.cl\/?p=51175&#038;t=De%20cara%20a%20una%20nueva%20conmemoraci%C3%B3n%20del%208M%3A%20%C3%9Arsula%20Mix%20releva%20los%20avances%20del%20Gobierno%20para%20las%20mujeres' aria-hidden='false' data-av_icon='\ue8f3' data-av_iconfont='entypo-fontello' title='' data-avia-related-tooltip='Compartir en Facebook' rel=\"noopener\"><span class='avia_hidden_link_text'>Compartir en Facebook<\/span><\/a><\/li><li class='av-share-link av-social-link-twitter' ><a target=\"_blank\" aria-label=\"Compartir en Twitter\" href='https:\/\/twitter.com\/share?text=De%20cara%20a%20una%20nueva%20conmemoraci%C3%B3n%20del%208M%3A%20%C3%9Arsula%20Mix%20releva%20los%20avances%20del%20Gobierno%20para%20las%20mujeres&#038;url=https:\/\/radiorevelacionfm.cl\/?p=51175' aria-hidden='false' data-av_icon='\ue8f1' data-av_iconfont='entypo-fontello' title='' data-avia-related-tooltip='Compartir en Twitter' rel=\"noopener\"><span class='avia_hidden_link_text'>Compartir en Twitter<\/span><\/a><\/li><li class='av-share-link av-social-link-whatsapp' ><a target=\"_blank\" aria-label=\"Compartir en Whatsapp\" href='https:\/\/api.whatsapp.com\/send?text=https:\/\/radiorevelacionfm.cl\/?p=51175' aria-hidden='false' data-av_icon='\uf232' data-av_iconfont='entypo-fontello' title='' data-avia-related-tooltip='Compartir en Whatsapp' rel=\"noopener\"><span class='avia_hidden_link_text'>Compartir en Whatsapp<\/span><\/a><\/li><li class='av-share-link av-social-link-linkedin' ><a target=\"_blank\" aria-label=\"Compartir en LinkedIn\" href='https:\/\/linkedin.com\/shareArticle?mini=true&#038;title=De%20cara%20a%20una%20nueva%20conmemoraci%C3%B3n%20del%208M%3A%20%C3%9Arsula%20Mix%20releva%20los%20avances%20del%20Gobierno%20para%20las%20mujeres&#038;url=https:\/\/radiorevelacionfm.cl\/?p=51175' aria-hidden='false' data-av_icon='\ue8fc' data-av_iconfont='entypo-fontello' title='' data-avia-related-tooltip='Compartir en LinkedIn' rel=\"noopener\"><span class='avia_hidden_link_text'>Compartir en LinkedIn<\/span><\/a><\/li><li class='av-share-link av-social-link-mail' ><a  aria-label=\"Compartir por correo\" href='mailto:?subject=De%20cara%20a%20una%20nueva%20conmemoraci%C3%B3n%20del%208M%3A%20%C3%9Arsula%20Mix%20releva%20los%20avances%20del%20Gobierno%20para%20las%20mujeres&#038;body=https:\/\/radiorevelacionfm.cl\/?p=51175' aria-hidden='false' data-av_icon='\ue805' data-av_iconfont='entypo-fontello' title='' data-avia-related-tooltip='Compartir por correo'><span class='avia_hidden_link_text'>Compartir por correo<\/span><\/a><\/li><\/ul><\/div><\/div>\n<div  style='height:50px' class='hr hr-invisible   avia-builder-el-8  el_after_av_social_share  el_before_av_comments_list '><span class='hr-inner ' ><span class='hr-inner-style'><\/span><\/span><\/div>\n<div  class='av-buildercomment  av-blog-meta-html-info-disabled av-blog-meta-tag-disabled  '><\/div>\n","protected":false},"excerpt":{"rendered":"","protected":false},"author":1,"featured_media":51176,"comment_status":"open","ping_status":"open","sticky":false,"template":"","format":"standard","meta":{"footnotes":""},"categories":[38],"tags":[],"class_list":["post-51175","post","type-post","status-publish","format-standard","has-post-thumbnail","hentry","category-regional"],"jetpack_featured_media_url":"https:\/\/radiorevelacionfm.cl\/wp-content\/uploads\/2025\/03\/voceria-1-1.jpg","_links":{"self":[{"href":"https:\/\/radiorevelacionfm.cl\/index.php?rest_route=\/wp\/v2\/posts\/51175","targetHints":{"allow":["GET"]}}],"collection":[{"href":"https:\/\/radiorevelacionfm.cl\/index.php?rest_route=\/wp\/v2\/posts"}],"about":[{"href":"https:\/\/radiorevelacionfm.cl\/index.php?rest_route=\/wp\/v2\/types\/post"}],"author":[{"embeddable":true,"href":"https:\/\/radiorevelacionfm.cl\/index.php?rest_route=\/wp\/v2\/users\/1"}],"replies":[{"embeddable":true,"href":"https:\/\/radiorevelacionfm.cl\/index.php?rest_route=%2Fwp%2Fv2%2Fcomments&post=51175"}],"version-history":[{"count":1,"href":"https:\/\/radiorevelacionfm.cl\/index.php?rest_route=\/wp\/v2\/posts\/51175\/revisions"}],"predecessor-version":[{"id":51177,"href":"https:\/\/radiorevelacionfm.cl\/index.php?rest_route=\/wp\/v2\/posts\/51175\/revisions\/51177"}],"wp:featuredmedia":[{"embeddable":true,"href":"https:\/\/radiorevelacionfm.cl\/index.php?rest_route=\/wp\/v2\/media\/51176"}],"wp:attachment":[{"href":"https:\/\/radiorevelacionfm.cl\/index.php?rest_route=%2Fwp%2Fv2%2Fmedia&parent=51175"}],"wp:term":[{"taxonomy":"category","embeddable":true,"href":"https:\/\/radiorevelacionfm.cl\/index.php?rest_route=%2Fwp%2Fv2%2Fcategories&post=51175"},{"taxonomy":"post_tag","embeddable":true,"href":"https:\/\/radiorevelacionfm.cl\/index.php?rest_route=%2Fwp%2Fv2%2Ftags&post=51175"}],"curies":[{"name":"wp","href":"https:\/\/api.w.org\/{rel}","templated":true}]}}