{"id":51172,"date":"2025-03-07T09:36:29","date_gmt":"2025-03-07T12:36:29","guid":{"rendered":"https:\/\/radiorevelacionfm.cl\/?p=51172"},"modified":"2025-03-07T09:36:29","modified_gmt":"2025-03-07T12:36:29","slug":"de-infundadas-califican-declaraciones-que-apuntan-a-que-existiria-coordinacion-entre-la-sma-y-la-sociedad-civil","status":"publish","type":"post","link":"https:\/\/radiorevelacionfm.cl\/?p=51172","title":{"rendered":"De \u00abinfundadas\u00bb califican declaraciones que apuntan a que existir\u00eda \u00abcoordinaci\u00f3n entre la SMA y la sociedad civil\u00bb"},"content":{"rendered":"<div class=\"flex_column av_one_full  flex_column_div av-zero-column-padding first  avia-builder-el-0  el_before_av_one_full  avia-builder-el-first  \" style='border-radius:0px; '><div  class='avia-image-container  av-styling-    avia-builder-el-1  avia-builder-el-no-sibling  avia-align-center '  itemprop=\"image\" itemscope=\"itemscope\" itemtype=\"https:\/\/schema.org\/ImageObject\"  ><div class='avia-image-container-inner'><div class='avia-image-overlay-wrap'><img decoding=\"async\" class='wp-image-51173 avia-img-lazy-loading-not-51173 avia_image' src=\"https:\/\/radiorevelacionfm.cl\/wp-content\/uploads\/2025\/03\/acuicultura1-1_optimized.jpg\" alt='' title='acuicultura1-(1)_optimized' height=\"600\" width=\"1067\"  itemprop=\"thumbnailUrl\" srcset=\"https:\/\/radiorevelacionfm.cl\/wp-content\/uploads\/2025\/03\/acuicultura1-1_optimized.jpg 1067w, https:\/\/radiorevelacionfm.cl\/wp-content\/uploads\/2025\/03\/acuicultura1-1_optimized-300x169.jpg 300w, https:\/\/radiorevelacionfm.cl\/wp-content\/uploads\/2025\/03\/acuicultura1-1_optimized-1030x579.jpg 1030w, https:\/\/radiorevelacionfm.cl\/wp-content\/uploads\/2025\/03\/acuicultura1-1_optimized-768x432.jpg 768w, https:\/\/radiorevelacionfm.cl\/wp-content\/uploads\/2025\/03\/acuicultura1-1_optimized-705x396.jpg 705w, https:\/\/radiorevelacionfm.cl\/wp-content\/uploads\/2025\/03\/acuicultura1-1_optimized-450x253.jpg 450w, https:\/\/radiorevelacionfm.cl\/wp-content\/uploads\/2025\/03\/acuicultura1-1_optimized-600x337.jpg 600w\" sizes=\"(max-width: 1067px) 100vw, 1067px\" \/><\/div><\/div><\/div><\/div><div class=\"flex_column av_one_full  flex_column_div av-zero-column-padding first  avia-builder-el-2  el_after_av_one_full  el_before_av_one_full  column-top-margin\" style='border-radius:0px; '><section class=\"av_textblock_section \"  itemscope=\"itemscope\" itemtype=\"https:\/\/schema.org\/BlogPosting\" itemprop=\"blogPost\" ><div class='avia_textblock  '   itemprop=\"text\" ><p style=\"text-align: center;\"><strong><span style=\"font-size: 18pt;\">De \u00abinfundadas\u00bb califican declaraciones que apuntan a que existir\u00eda \u00abcoordinaci\u00f3n entre la SMA y la sociedad civil\u00bb<\/span><\/strong><\/p>\n<div id=\"gtx-trans\" style=\"position: absolute; left: -50px; top: 4.31534px;\">\n<div class=\"gtx-trans-icon\"><\/div>\n<\/div>\n<\/div><\/section><\/div><div class=\"flex_column av_one_full  flex_column_div av-zero-column-padding first  avia-builder-el-4  el_after_av_one_full  el_before_av_hr  column-top-margin\" style='border-radius:0px; '><section class=\"av_textblock_section \"  itemscope=\"itemscope\" itemtype=\"https:\/\/schema.org\/BlogPosting\" itemprop=\"blogPost\" ><div class='avia_textblock  '   itemprop=\"text\" ><p style=\"text-align: justify;\">Desde Ecosur y Chile Sustentable hicieron un an\u00e1lisis sobre la controversia suscitada entre Cooke Aquaculture y diversos organismos del Estado, en el marco de la constataci\u00f3n de m\u00faltiples incumplimientos ambientales.<\/p>\n<p style=\"text-align: justify;\">El 20 de febrero se concret\u00f3 la audiencia de la\u00a0<a href=\"https:\/\/salvemoslapatagonia.us9.list-manage.com\/track\/click?u=3261257c146a47f5e7162048a&amp;id=7555dfbc3a&amp;e=ae41561c6a\">causa R-40-2024<\/a>\u00a0\u00abCooke Aquaculture Chile S.A con Superintendencia del Medio Ambiente\u00bb ante el Tribunal Ambiental de Valdivia, en la cual la empresa pretende impugnar\u00a0<a href=\"https:\/\/salvemoslapatagonia.us9.list-manage.com\/track\/click?u=3261257c146a47f5e7162048a&amp;id=f1fb3e4647&amp;e=ae41561c6a\">la resoluci\u00f3n<\/a>\u00a0de la Superintendencia del Medio Ambiente (SMA) que orden\u00f3 la detenci\u00f3n parcial de las actividades en su centro de engorda de salmones \u00abHuillines 3\u00bb. Esto, ha se\u00f1alado la SMA, por el incumplimiento de la normativa y a riesgos de da\u00f1o ambiental en el Parque Nacional Laguna San Rafael donde se ubica dicha concesi\u00f3n.<\/p>\n<p style=\"text-align: justify;\">La polit\u00f3loga y directora de Incidencia Pol\u00edtica de la Fundaci\u00f3n Ecosur, Pamela Poo, puso pa\u00f1os fr\u00edos a la controversia se\u00f1alando que, como toda empresa, Cooke puede presentar las reclamaciones que estime pertinentes frente a los actos de los organismos administrativos. Sin embargo, s\u00ed apunt\u00f3 a que \u00abse hagan\u00a0declaraciones infundadas que plantean que habr\u00eda una coordinaci\u00f3n entre la SMA y la sociedad civil, con el fin de terminar con una industria\u00bb.<\/p>\n<p style=\"text-align: justify;\">En su visi\u00f3n este tipo de frases germinan por el empoderamiento de este sector productivo \u00abcuando el gobierno y actores pol\u00edticos se hacen parte de discursos falsos, que buscan instalar la idea que el pa\u00eds est\u00e1 paralizado por temas ambientales y de permisos, siendo que hemos sido testigos c\u00f3mo, de forma permanente, se est\u00e1 buscando los est\u00e1ndares\u00bb.<\/p>\n<p style=\"text-align: justify;\">Adem\u00e1s, la polit\u00f3loga enfatiz\u00f3 en las consecuencias que tiene\u00a0\u00abdar manga ancha a una actividad econ\u00f3mica como esta, significa terminar con ecosistemas de importancia y afecta a otras actividades econ\u00f3micas en la zona, que se realizan desde una l\u00f3gica de adaptaci\u00f3n\u00bb.<\/p>\n<p style=\"text-align: justify;\">La directora de la Fundaci\u00f3n Chile Sustentable, Sara Larra\u00edn, puso \u00e9nfasis en el rol que deben cumplir las instituciones p\u00fablicas en la preservaci\u00f3n de las \u00e1reas protegidas, lo cual en la generalidad no estar\u00eda ocurriendo.<\/p>\n<p style=\"text-align: justify;\">\u00abEl principal culpable de la expansi\u00f3n de esta industria en \u00e1reas protegidas ha sido la falta de institucionalidad, de protecci\u00f3n del medio ambiente y el hecho de haber mantenido estas decisiones a nivel de las autoridades sectoriales, descentralizadas en las distintas regiones pero que dependen de ministerios productivos\u00bb explic\u00f3. Puso de ejemplo a SERNAPESCA que est\u00e1 bajo el paraguas de Econom\u00eda mientras que CONAF de Agricultura, carteras que tienen funciones principalmente productivas.\u00a0\u00abEstos ministerios siempre han optado por priorizar lo productivo en contra de la normativa de protecci\u00f3n que ellos mismos deben resguardar\u00bb, concluy\u00f3 la dirigenta ecologista.<\/p>\n<p style=\"text-align: justify;\"><strong>Los cargos contra Cooke<\/strong><\/p>\n<p style=\"text-align: justify;\">Actualmente Cooke enfrenta cargos por\u00a0superar la producci\u00f3n m\u00e1xima autorizada;\u00a0existencia de residuos de origen acu\u00edcola a orillas del borde costero en sectores cercanos a las concesiones;\u00a0emplazamiento de estructuras fuera del \u00e1rea de concesi\u00f3n;\u00a0modificaci\u00f3n del proyecto sin evaluaci\u00f3n ambiental, entre otros.<\/p>\n<p style=\"text-align: justify;\">Durante la audiencia, el abogado de la empresa Emilio V\u00e1zquez argument\u00f3 que el cuestionado centro de engorda ha operado durante m\u00e1s de 15 a\u00f1os sin que se haya acreditado un da\u00f1o inminente al medio ambiente. Reafirmando que \u00e9ste no se encontrar\u00eda dentro de los l\u00edmites del Parque Nacional Laguna San Rafael.<\/p>\n<p style=\"text-align: justify;\">Por su parte, la abogada de la SMA, Catalina Guzm\u00e1n, entreg\u00f3 antecedentes que dan cuenta que las instalaciones s\u00ed estar\u00edan dentro del \u00e1rea protegida, basando su argumento en la cartograf\u00eda oficial del Ministerio de Bienes Nacionales. Y esto es ilegal, toda vez que la acuicultura en parques nacionales est\u00e1 prohibida.<\/p>\n<p style=\"text-align: justify;\">La profesional del organismo fiscalizador asegur\u00f3 que la empresa ha incrementado su producci\u00f3n m\u00e1s all\u00e1 de lo permitido, y de manera irregular, con respecto a la autorizaci\u00f3n inicial.\u00a0Pas\u00f3 de una capacidad estimada de producci\u00f3n de 125 toneladas a 5.000 en a\u00f1os recientes, configur\u00e1ndose la figura de elusi\u00f3n al Sistema de Evaluaci\u00f3n de Impacto Ambiental. A esto se agrega que este aumento sin evaluaci\u00f3n genera un riesgo de da\u00f1o ambiental en el parque.<\/p>\n<p style=\"text-align: justify;\">Ahora, el tribunal deber\u00e1 resolver la reclamaci\u00f3n presentada por Cooke y determinar si mantiene la medida impuesta por la SMA o acoge la impugnaci\u00f3n de la empresa. Esta decisi\u00f3n ser\u00e1 seguida de cerca por las organizaciones que son parte de la Alianza por la Defensa de las \u00c1reas Protegidas que impulsa la campa\u00f1a\u00a0<a href=\"https:\/\/salvemoslapatagonia.us9.list-manage.com\/track\/click?u=3261257c146a47f5e7162048a&amp;id=3b898608e8&amp;e=ae41561c6a\">\u00a1Salvemos la Patagonia!<\/a>, entre las que se encuentran las fundaciones Chile Sustentable y Ecosur.<\/p>\n<\/div><\/section><\/div><div  style='height:50px' class='hr hr-invisible   avia-builder-el-6  el_after_av_one_full  el_before_av_social_share '><span class='hr-inner ' ><span class='hr-inner-style'><\/span><\/span><\/div><\/p>\n<div  class='av-social-sharing-box  avia-builder-el-7  el_after_av_hr  el_before_av_hr  '><div class='av-share-box'><h5 class='av-share-link-description av-no-toc '>Compartir esta noticia<\/h5><ul class='av-share-box-list noLightbox'><li class='av-share-link av-social-link-facebook' ><a target=\"_blank\" aria-label=\"Compartir en Facebook\" href='https:\/\/www.facebook.com\/sharer.php?u=https:\/\/radiorevelacionfm.cl\/?p=51172&#038;t=De%20%C2%ABinfundadas%C2%BB%20califican%20declaraciones%20que%20apuntan%20a%20que%20existir%C3%ADa%20%C2%ABcoordinaci%C3%B3n%20entre%20la%20SMA%20y%20la%20sociedad%20civil%C2%BB' aria-hidden='false' data-av_icon='\ue8f3' data-av_iconfont='entypo-fontello' title='' data-avia-related-tooltip='Compartir en Facebook' rel=\"noopener\"><span class='avia_hidden_link_text'>Compartir en Facebook<\/span><\/a><\/li><li class='av-share-link av-social-link-twitter' ><a target=\"_blank\" aria-label=\"Compartir en Twitter\" href='https:\/\/twitter.com\/share?text=De%20%C2%ABinfundadas%C2%BB%20califican%20declaraciones%20que%20apuntan%20a%20que%20existir%C3%ADa%20%C2%ABcoordinaci%C3%B3n%20entre%20la%20SMA%20y%20la%20sociedad%20civil%C2%BB&#038;url=https:\/\/radiorevelacionfm.cl\/?p=51172' aria-hidden='false' data-av_icon='\ue8f1' data-av_iconfont='entypo-fontello' title='' data-avia-related-tooltip='Compartir en Twitter' rel=\"noopener\"><span class='avia_hidden_link_text'>Compartir en Twitter<\/span><\/a><\/li><li class='av-share-link av-social-link-whatsapp' ><a target=\"_blank\" aria-label=\"Compartir en Whatsapp\" href='https:\/\/api.whatsapp.com\/send?text=https:\/\/radiorevelacionfm.cl\/?p=51172' aria-hidden='false' data-av_icon='\uf232' data-av_iconfont='entypo-fontello' title='' data-avia-related-tooltip='Compartir en Whatsapp' rel=\"noopener\"><span class='avia_hidden_link_text'>Compartir en Whatsapp<\/span><\/a><\/li><li class='av-share-link av-social-link-linkedin' ><a target=\"_blank\" aria-label=\"Compartir en LinkedIn\" href='https:\/\/linkedin.com\/shareArticle?mini=true&#038;title=De%20%C2%ABinfundadas%C2%BB%20califican%20declaraciones%20que%20apuntan%20a%20que%20existir%C3%ADa%20%C2%ABcoordinaci%C3%B3n%20entre%20la%20SMA%20y%20la%20sociedad%20civil%C2%BB&#038;url=https:\/\/radiorevelacionfm.cl\/?p=51172' aria-hidden='false' data-av_icon='\ue8fc' data-av_iconfont='entypo-fontello' title='' data-avia-related-tooltip='Compartir en LinkedIn' rel=\"noopener\"><span class='avia_hidden_link_text'>Compartir en LinkedIn<\/span><\/a><\/li><li class='av-share-link av-social-link-mail' ><a  aria-label=\"Compartir por correo\" href='mailto:?subject=De%20%C2%ABinfundadas%C2%BB%20califican%20declaraciones%20que%20apuntan%20a%20que%20existir%C3%ADa%20%C2%ABcoordinaci%C3%B3n%20entre%20la%20SMA%20y%20la%20sociedad%20civil%C2%BB&#038;body=https:\/\/radiorevelacionfm.cl\/?p=51172' aria-hidden='false' data-av_icon='\ue805' data-av_iconfont='entypo-fontello' title='' data-avia-related-tooltip='Compartir por correo'><span class='avia_hidden_link_text'>Compartir por correo<\/span><\/a><\/li><\/ul><\/div><\/div>\n<div  style='height:50px' class='hr hr-invisible   avia-builder-el-8  el_after_av_social_share  el_before_av_comments_list '><span class='hr-inner ' ><span class='hr-inner-style'><\/span><\/span><\/div>\n<div  class='av-buildercomment  av-blog-meta-html-info-disabled av-blog-meta-tag-disabled  '><\/div>\n","protected":false},"excerpt":{"rendered":"","protected":false},"author":1,"featured_media":51173,"comment_status":"open","ping_status":"open","sticky":false,"template":"","format":"standard","meta":{"footnotes":""},"categories":[39],"tags":[],"class_list":["post-51172","post","type-post","status-publish","format-standard","has-post-thumbnail","hentry","category-medio-ambiente"],"jetpack_featured_media_url":"https:\/\/radiorevelacionfm.cl\/wp-content\/uploads\/2025\/03\/acuicultura1-1_optimized.jpg","_links":{"self":[{"href":"https:\/\/radiorevelacionfm.cl\/index.php?rest_route=\/wp\/v2\/posts\/51172","targetHints":{"allow":["GET"]}}],"collection":[{"href":"https:\/\/radiorevelacionfm.cl\/index.php?rest_route=\/wp\/v2\/posts"}],"about":[{"href":"https:\/\/radiorevelacionfm.cl\/index.php?rest_route=\/wp\/v2\/types\/post"}],"author":[{"embeddable":true,"href":"https:\/\/radiorevelacionfm.cl\/index.php?rest_route=\/wp\/v2\/users\/1"}],"replies":[{"embeddable":true,"href":"https:\/\/radiorevelacionfm.cl\/index.php?rest_route=%2Fwp%2Fv2%2Fcomments&post=51172"}],"version-history":[{"count":1,"href":"https:\/\/radiorevelacionfm.cl\/index.php?rest_route=\/wp\/v2\/posts\/51172\/revisions"}],"predecessor-version":[{"id":51174,"href":"https:\/\/radiorevelacionfm.cl\/index.php?rest_route=\/wp\/v2\/posts\/51172\/revisions\/51174"}],"wp:featuredmedia":[{"embeddable":true,"href":"https:\/\/radiorevelacionfm.cl\/index.php?rest_route=\/wp\/v2\/media\/51173"}],"wp:attachment":[{"href":"https:\/\/radiorevelacionfm.cl\/index.php?rest_route=%2Fwp%2Fv2%2Fmedia&parent=51172"}],"wp:term":[{"taxonomy":"category","embeddable":true,"href":"https:\/\/radiorevelacionfm.cl\/index.php?rest_route=%2Fwp%2Fv2%2Fcategories&post=51172"},{"taxonomy":"post_tag","embeddable":true,"href":"https:\/\/radiorevelacionfm.cl\/index.php?rest_route=%2Fwp%2Fv2%2Ftags&post=51172"}],"curies":[{"name":"wp","href":"https:\/\/api.w.org\/{rel}","templated":true}]}}