{"id":51168,"date":"2025-03-07T13:10:15","date_gmt":"2025-03-07T16:10:15","guid":{"rendered":"https:\/\/radiorevelacionfm.cl\/?p=51168"},"modified":"2025-03-07T13:10:15","modified_gmt":"2025-03-07T16:10:15","slug":"consejero-pablo-guglielmi-los-eventos-internacionales-son-una-oportunidad-para-impulsar-aysen-patagonia","status":"publish","type":"post","link":"https:\/\/radiorevelacionfm.cl\/?p=51168","title":{"rendered":"Consejero Pablo Guglielmi: \u201cLos eventos internacionales son una oportunidad para impulsar Ays\u00e9n Patagonia\u00bb"},"content":{"rendered":"<div class=\"flex_column av_one_full  flex_column_div av-zero-column-padding first  avia-builder-el-0  el_before_av_one_full  avia-builder-el-first  \" style='border-radius:0px; '><div  class='avia-image-container  av-styling-    avia-builder-el-1  avia-builder-el-no-sibling  avia-align-center '  itemprop=\"image\" itemscope=\"itemscope\" itemtype=\"https:\/\/schema.org\/ImageObject\"  ><div class='avia-image-container-inner'><div class='avia-image-overlay-wrap'><img decoding=\"async\" class='wp-image-51169 avia-img-lazy-loading-not-51169 avia_image' src=\"https:\/\/radiorevelacionfm.cl\/wp-content\/uploads\/2025\/03\/consejero-guglielmi-2-1_optimized.jpeg\" alt='' title='consejero-guglielmi-2-(1)_optimized' height=\"600\" width=\"1065\"  itemprop=\"thumbnailUrl\" srcset=\"https:\/\/radiorevelacionfm.cl\/wp-content\/uploads\/2025\/03\/consejero-guglielmi-2-1_optimized.jpeg 1065w, https:\/\/radiorevelacionfm.cl\/wp-content\/uploads\/2025\/03\/consejero-guglielmi-2-1_optimized-300x169.jpeg 300w, https:\/\/radiorevelacionfm.cl\/wp-content\/uploads\/2025\/03\/consejero-guglielmi-2-1_optimized-1030x580.jpeg 1030w, https:\/\/radiorevelacionfm.cl\/wp-content\/uploads\/2025\/03\/consejero-guglielmi-2-1_optimized-768x433.jpeg 768w, https:\/\/radiorevelacionfm.cl\/wp-content\/uploads\/2025\/03\/consejero-guglielmi-2-1_optimized-705x397.jpeg 705w, https:\/\/radiorevelacionfm.cl\/wp-content\/uploads\/2025\/03\/consejero-guglielmi-2-1_optimized-450x254.jpeg 450w, https:\/\/radiorevelacionfm.cl\/wp-content\/uploads\/2025\/03\/consejero-guglielmi-2-1_optimized-600x338.jpeg 600w\" sizes=\"(max-width: 1065px) 100vw, 1065px\" \/><\/div><\/div><\/div><\/div><div class=\"flex_column av_one_full  flex_column_div av-zero-column-padding first  avia-builder-el-2  el_after_av_one_full  el_before_av_one_full  column-top-margin\" style='border-radius:0px; '><section class=\"av_textblock_section \"  itemscope=\"itemscope\" itemtype=\"https:\/\/schema.org\/BlogPosting\" itemprop=\"blogPost\" ><div class='avia_textblock  '   itemprop=\"text\" ><p style=\"text-align: center;\"><strong><span style=\"font-size: 18pt;\">Consejero Pablo Guglielmi: \u201cLos eventos internacionales son una oportunidad para impulsar Ays\u00e9n Patagonia\u00bb<\/span><\/strong><\/p>\n<div id=\"gtx-trans\" style=\"position: absolute; left: -50px; top: 4.31534px;\">\n<div class=\"gtx-trans-icon\"><\/div>\n<\/div>\n<\/div><\/section><\/div><div class=\"flex_column av_one_full  flex_column_div av-zero-column-padding first  avia-builder-el-4  el_after_av_one_full  el_before_av_hr  column-top-margin\" style='border-radius:0px; '><section class=\"av_textblock_section \"  itemscope=\"itemscope\" itemtype=\"https:\/\/schema.org\/BlogPosting\" itemprop=\"blogPost\" ><div class='avia_textblock  '   itemprop=\"text\" ><p style=\"text-align: justify;\">La Regi\u00f3n de Ays\u00e9n est\u00e1 a punto de vivir dos de los eventos m\u00e1s relevantes a nivel internacional en octubre y noviembre de este a\u00f1o: el Rally Mobil y la Titan World Series. Ambos eventos deportivos masivos tienen un alto impacto no solo en lo deportivo, sino tambi\u00e9n en la econom\u00eda local y en el turismo, lo que representa una oportunidad \u00fanica para la regi\u00f3n de posicionarse en el mapa global.<\/p>\n<p style=\"text-align: justify;\">Pablo Guglielmi, consejero regional por Ays\u00e9n y miembro activo de la comisi\u00f3n de fomento productivo del gobierno regional, destac\u00f3 la relevancia de estos eventos y la necesidad de estar bien preparados para recibir a miles de visitantes. \u201cDespu\u00e9s de m\u00e1s de 12 a\u00f1os, nuestra regi\u00f3n tendr\u00e1 el honor de recibir el Rally Mobil en Coyhaique y Puerto Ays\u00e9n. Estos eventos son una excelente oportunidad para dinamizar nuestra econom\u00eda y generar una importante inyecci\u00f3n de recursos para los sectores productivos, como el turismo, la hoteler\u00eda, los servicios gastron\u00f3micos, entre otros\u201d, expres\u00f3 Guglielmi.<\/p>\n<p style=\"text-align: justify;\"><strong>Impacto en la Econom\u00eda Local<\/strong><\/p>\n<p style=\"text-align: justify;\">El Rally Mobil, uno de los campeonatos de rally m\u00e1s prestigiosos de Chile, se llevar\u00e1 a cabo en octubre y recorrer\u00e1 diversas localidades de la regi\u00f3n, incluyendo Coyhaique y Puerto Ays\u00e9n. Con una participaci\u00f3n de 441 personas entre pilotos y equipos, este evento moviliza una significativa cantidad de recursos y genera un incremento en la demanda de servicios tur\u00edsticos, alojamiento y alimentaci\u00f3n. La proyecci\u00f3n es que los participantes y acompa\u00f1antes del rally ocupen aproximadamente 1.330 noches de alojamiento, lo que sin duda representar\u00e1 un beneficio econ\u00f3mico para los establecimientos locales. Adem\u00e1s, el evento contar\u00e1 con una importante cobertura medi\u00e1tica, destac\u00e1ndose canales internacionales como ESPN, Megavisi\u00f3n y TNT Sport, lo que aumentar\u00e1 la visibilidad de Ays\u00e9n a nivel global.<\/p>\n<p style=\"text-align: justify;\">Por otro lado, la Titan World Series, una competencia internacional de mountain bike, ser\u00e1 otro de los grandes atractivos para la regi\u00f3n. Este evento, que por primera vez tendr\u00e1 lugar en Chile y en la Patagonia, convocar\u00e1 a 300 participantes y se proyecta un aumento en la actividad comercial, especialmente en la semana de la competencia, con un crecimiento del 30% en el turismo y un 20% en el comercio y la gastronom\u00eda. La cobertura medi\u00e1tica ser\u00e1 de gran alcance, con medios como Megamedia, Discovery Channel y TNT Sports, lo que contribuir\u00e1 al posicionamiento de Ays\u00e9n como un destino de clase mundial para el turismo de aventura.<\/p>\n<p style=\"text-align: justify;\"><strong>Un Llamado a la Coordinaci\u00f3n y Preparaci\u00f3n<\/strong><\/p>\n<p style=\"text-align: justify;\">Para garantizar el \u00e9xito de estos eventos y su impacto positivo en la regi\u00f3n, el consejero Pablo Guglielmi hizo un llamado a la colaboraci\u00f3n entre todos los actores involucrados. \u201cEs fundamental que los servicios p\u00fablicos, los municipios de Coyhaique y Puerto Ays\u00e9n, y las organizaciones vinculadas al fomento productivo, el turismo y los servicios, trabajen de manera coordinada. Tenemos siete meses para organizar estos eventos de manera que tanto los turistas como los organizadores, atletas y medios de comunicaci\u00f3n tengan la mejor experiencia posible\u201d, asegur\u00f3 Guglielmi.<\/p>\n<p style=\"text-align: justify;\">El consejero tambi\u00e9n subray\u00f3 la importancia de superar los desaf\u00edos que se presentaron en eventos anteriores, como los Juegos de la Araucan\u00eda, donde la falta de organizaci\u00f3n en algunos servicios dej\u00f3 lecciones valiosas para la regi\u00f3n. \u201cLa capacidad de nuestros emprendedores y de quienes trabajan en el turismo no est\u00e1 en duda, pero necesitamos una coordinaci\u00f3n m\u00e1s eficaz. Para que los turistas se lleven una buena impresi\u00f3n de nuestra regi\u00f3n, debemos estar bien organizados\u201d, coment\u00f3 Guglielmi.<\/p>\n<p style=\"text-align: justify;\"><strong>Oportunidad para los Emprendedores Locales<\/strong><\/p>\n<p style=\"text-align: justify;\">Ambos eventos representan una oportunidad invaluable para los emprendedores y los negocios locales, que podr\u00e1n aprovechar la gran afluencia de visitantes para impulsar sus productos y servicios. El Rally Mobil y la Titan World Series no solo traer\u00e1n un aumento en la demanda de alojamiento y alimentaci\u00f3n, sino que tambi\u00e9n potenciar\u00e1n la visibilidad de Ays\u00e9n como un destino tur\u00edstico de alto nivel.<\/p>\n<p style=\"text-align: justify;\">\u201cEste es un momento crucial para la regi\u00f3n de Ays\u00e9n. Debemos trabajar juntos para hacer de estos eventos una verdadera fiesta para todos los asistentes. El Rally Mobil y la Titan World Series no son solo eventos deportivos; son una plataforma para demostrar al mundo lo que nuestra regi\u00f3n tiene para ofrecer en t\u00e9rminos de turismo, cultura y, por supuesto, hospitalidad\u201d, concluy\u00f3 el consejero Guglielmi.<\/p>\n<p style=\"text-align: justify;\">Con los esfuerzos conjuntos de los servicios p\u00fablicos, las autoridades locales y el sector privado, Ays\u00e9n tiene la oportunidad de brillar en el escenario internacional, mostrando al mundo la belleza natural de la regi\u00f3n y consolid\u00e1ndose como un destino clave para el turismo y el fomento productivo.<\/p>\n<\/div><\/section><\/div><div  style='height:50px' class='hr hr-invisible   avia-builder-el-6  el_after_av_one_full  el_before_av_social_share '><span class='hr-inner ' ><span class='hr-inner-style'><\/span><\/span><\/div><\/p>\n<div  class='av-social-sharing-box  avia-builder-el-7  el_after_av_hr  el_before_av_hr  '><div class='av-share-box'><h5 class='av-share-link-description av-no-toc '>Compartir esta noticia<\/h5><ul class='av-share-box-list noLightbox'><li class='av-share-link av-social-link-facebook' ><a target=\"_blank\" aria-label=\"Compartir en Facebook\" href='https:\/\/www.facebook.com\/sharer.php?u=https:\/\/radiorevelacionfm.cl\/?p=51168&#038;t=Consejero%20Pablo%20Guglielmi%3A%20%E2%80%9CLos%20eventos%20internacionales%20son%20una%20oportunidad%20para%20impulsar%20Ays%C3%A9n%20Patagonia%C2%BB' aria-hidden='false' data-av_icon='\ue8f3' data-av_iconfont='entypo-fontello' title='' data-avia-related-tooltip='Compartir en Facebook' rel=\"noopener\"><span class='avia_hidden_link_text'>Compartir en Facebook<\/span><\/a><\/li><li class='av-share-link av-social-link-twitter' ><a target=\"_blank\" aria-label=\"Compartir en Twitter\" href='https:\/\/twitter.com\/share?text=Consejero%20Pablo%20Guglielmi%3A%20%E2%80%9CLos%20eventos%20internacionales%20son%20una%20oportunidad%20para%20impulsar%20Ays%C3%A9n%20Patagonia%C2%BB&#038;url=https:\/\/radiorevelacionfm.cl\/?p=51168' aria-hidden='false' data-av_icon='\ue8f1' data-av_iconfont='entypo-fontello' title='' data-avia-related-tooltip='Compartir en Twitter' rel=\"noopener\"><span class='avia_hidden_link_text'>Compartir en Twitter<\/span><\/a><\/li><li class='av-share-link av-social-link-whatsapp' ><a target=\"_blank\" aria-label=\"Compartir en Whatsapp\" href='https:\/\/api.whatsapp.com\/send?text=https:\/\/radiorevelacionfm.cl\/?p=51168' aria-hidden='false' data-av_icon='\uf232' data-av_iconfont='entypo-fontello' title='' data-avia-related-tooltip='Compartir en Whatsapp' rel=\"noopener\"><span class='avia_hidden_link_text'>Compartir en Whatsapp<\/span><\/a><\/li><li class='av-share-link av-social-link-linkedin' ><a target=\"_blank\" aria-label=\"Compartir en LinkedIn\" href='https:\/\/linkedin.com\/shareArticle?mini=true&#038;title=Consejero%20Pablo%20Guglielmi%3A%20%E2%80%9CLos%20eventos%20internacionales%20son%20una%20oportunidad%20para%20impulsar%20Ays%C3%A9n%20Patagonia%C2%BB&#038;url=https:\/\/radiorevelacionfm.cl\/?p=51168' aria-hidden='false' data-av_icon='\ue8fc' data-av_iconfont='entypo-fontello' title='' data-avia-related-tooltip='Compartir en LinkedIn' rel=\"noopener\"><span class='avia_hidden_link_text'>Compartir en LinkedIn<\/span><\/a><\/li><li class='av-share-link av-social-link-mail' ><a  aria-label=\"Compartir por correo\" href='mailto:?subject=Consejero%20Pablo%20Guglielmi%3A%20%E2%80%9CLos%20eventos%20internacionales%20son%20una%20oportunidad%20para%20impulsar%20Ays%C3%A9n%20Patagonia%C2%BB&#038;body=https:\/\/radiorevelacionfm.cl\/?p=51168' aria-hidden='false' data-av_icon='\ue805' data-av_iconfont='entypo-fontello' title='' data-avia-related-tooltip='Compartir por correo'><span class='avia_hidden_link_text'>Compartir por correo<\/span><\/a><\/li><\/ul><\/div><\/div>\n<div  style='height:50px' class='hr hr-invisible   avia-builder-el-8  el_after_av_social_share  el_before_av_comments_list '><span class='hr-inner ' ><span class='hr-inner-style'><\/span><\/span><\/div>\n<div  class='av-buildercomment  av-blog-meta-html-info-disabled av-blog-meta-tag-disabled  '><\/div>\n","protected":false},"excerpt":{"rendered":"","protected":false},"author":1,"featured_media":51169,"comment_status":"open","ping_status":"open","sticky":false,"template":"","format":"standard","meta":{"footnotes":""},"categories":[38],"tags":[],"class_list":["post-51168","post","type-post","status-publish","format-standard","has-post-thumbnail","hentry","category-regional"],"jetpack_featured_media_url":"https:\/\/radiorevelacionfm.cl\/wp-content\/uploads\/2025\/03\/consejero-guglielmi-2-1_optimized.jpeg","_links":{"self":[{"href":"https:\/\/radiorevelacionfm.cl\/index.php?rest_route=\/wp\/v2\/posts\/51168","targetHints":{"allow":["GET"]}}],"collection":[{"href":"https:\/\/radiorevelacionfm.cl\/index.php?rest_route=\/wp\/v2\/posts"}],"about":[{"href":"https:\/\/radiorevelacionfm.cl\/index.php?rest_route=\/wp\/v2\/types\/post"}],"author":[{"embeddable":true,"href":"https:\/\/radiorevelacionfm.cl\/index.php?rest_route=\/wp\/v2\/users\/1"}],"replies":[{"embeddable":true,"href":"https:\/\/radiorevelacionfm.cl\/index.php?rest_route=%2Fwp%2Fv2%2Fcomments&post=51168"}],"version-history":[{"count":1,"href":"https:\/\/radiorevelacionfm.cl\/index.php?rest_route=\/wp\/v2\/posts\/51168\/revisions"}],"predecessor-version":[{"id":51170,"href":"https:\/\/radiorevelacionfm.cl\/index.php?rest_route=\/wp\/v2\/posts\/51168\/revisions\/51170"}],"wp:featuredmedia":[{"embeddable":true,"href":"https:\/\/radiorevelacionfm.cl\/index.php?rest_route=\/wp\/v2\/media\/51169"}],"wp:attachment":[{"href":"https:\/\/radiorevelacionfm.cl\/index.php?rest_route=%2Fwp%2Fv2%2Fmedia&parent=51168"}],"wp:term":[{"taxonomy":"category","embeddable":true,"href":"https:\/\/radiorevelacionfm.cl\/index.php?rest_route=%2Fwp%2Fv2%2Fcategories&post=51168"},{"taxonomy":"post_tag","embeddable":true,"href":"https:\/\/radiorevelacionfm.cl\/index.php?rest_route=%2Fwp%2Fv2%2Ftags&post=51168"}],"curies":[{"name":"wp","href":"https:\/\/api.w.org\/{rel}","templated":true}]}}