{"id":51164,"date":"2025-03-06T15:04:12","date_gmt":"2025-03-06T18:04:12","guid":{"rendered":"https:\/\/radiorevelacionfm.cl\/?p=51164"},"modified":"2025-03-06T15:04:12","modified_gmt":"2025-03-06T18:04:12","slug":"calisto-resalta-proyecto-que-regula-ferias-libres-y-valora-rechazo-de-indicacion-que-afectaba-su-realizacion-en-la-region","status":"publish","type":"post","link":"https:\/\/radiorevelacionfm.cl\/?p=51164","title":{"rendered":"Calisto resalta proyecto que regula ferias libres y valora rechazo de indicaci\u00f3n que afectaba su realizaci\u00f3n en la Regi\u00f3n"},"content":{"rendered":"<div class=\"flex_column av_one_full  flex_column_div av-zero-column-padding first  avia-builder-el-0  el_before_av_one_full  avia-builder-el-first  \" style='border-radius:0px; '><div  class='avia-image-container  av-styling-    avia-builder-el-1  avia-builder-el-no-sibling  avia-align-center '  itemprop=\"image\" itemscope=\"itemscope\" itemtype=\"https:\/\/schema.org\/ImageObject\"  ><div class='avia-image-container-inner'><div class='avia-image-overlay-wrap'><img decoding=\"async\" class='wp-image-51166 avia-img-lazy-loading-not-51166 avia_image' src=\"https:\/\/radiorevelacionfm.cl\/wp-content\/uploads\/2025\/03\/feria-las-quintas2-1_optimized.jpg\" alt='' title='feria-las-quintas2-(1)_optimized' height=\"600\" width=\"800\"  itemprop=\"thumbnailUrl\" srcset=\"https:\/\/radiorevelacionfm.cl\/wp-content\/uploads\/2025\/03\/feria-las-quintas2-1_optimized.jpg 800w, https:\/\/radiorevelacionfm.cl\/wp-content\/uploads\/2025\/03\/feria-las-quintas2-1_optimized-300x225.jpg 300w, https:\/\/radiorevelacionfm.cl\/wp-content\/uploads\/2025\/03\/feria-las-quintas2-1_optimized-768x576.jpg 768w, https:\/\/radiorevelacionfm.cl\/wp-content\/uploads\/2025\/03\/feria-las-quintas2-1_optimized-705x529.jpg 705w, https:\/\/radiorevelacionfm.cl\/wp-content\/uploads\/2025\/03\/feria-las-quintas2-1_optimized-450x338.jpg 450w, https:\/\/radiorevelacionfm.cl\/wp-content\/uploads\/2025\/03\/feria-las-quintas2-1_optimized-600x450.jpg 600w\" sizes=\"(max-width: 800px) 100vw, 800px\" \/><\/div><\/div><\/div><\/div><div class=\"flex_column av_one_full  flex_column_div av-zero-column-padding first  avia-builder-el-2  el_after_av_one_full  el_before_av_one_full  column-top-margin\" style='border-radius:0px; '><section class=\"av_textblock_section \"  itemscope=\"itemscope\" itemtype=\"https:\/\/schema.org\/BlogPosting\" itemprop=\"blogPost\" ><div class='avia_textblock  '   itemprop=\"text\" ><p style=\"text-align: center;\"><span style=\"font-size: 18pt;\"><b>Calisto resalta proyecto que regula ferias libres y valora rechazo de indicaci\u00f3n que afectaba su realizaci\u00f3n en la Regi\u00f3n<\/b><\/span><\/p>\n<div id=\"gtx-trans\" style=\"position: absolute; left: -50px; top: 4.31534px;\">\n<div class=\"gtx-trans-icon\"><\/div>\n<\/div>\n<\/div><\/section><\/div><div class=\"flex_column av_one_full  flex_column_div av-zero-column-padding first  avia-builder-el-4  el_after_av_one_full  el_before_av_hr  column-top-margin\" style='border-radius:0px; '><section class=\"av_textblock_section \"  itemscope=\"itemscope\" itemtype=\"https:\/\/schema.org\/BlogPosting\" itemprop=\"blogPost\" ><div class='avia_textblock  '   itemprop=\"text\" ><p style=\"font-weight: 400; text-align: justify;\">El diputado Miguel \u00c1ngel Calisto resalt\u00f3 algunos aspectos del proyecto que se est\u00e1 discutiendo en la Comisi\u00f3n de Gobierno de la C\u00e1mara que regula y fortalece las ferias libres, destacando el rechazo de una indicaci\u00f3n que afectaba directamente la realizaci\u00f3n de estas ferias en la regi\u00f3n de Ays\u00e9n al exigir un alto porcentaje de venta de alimentos de origen vegetal o animal.<\/p>\n<p style=\"font-weight: 400; text-align: justify;\">Seg\u00fan el diputado Calisto \u201chemos estado en contactado con dirigentes de las distintas ferias libres de la regi\u00f3n, porque estaban preocupadas respecto a una indicaci\u00f3n que planteaba esta normativa que hac\u00eda exigible que un porcentaje de la feria, de al menos un 40%, est\u00e9 enfocada en la venta de productos agr\u00edcolas, de lo contrario no pod\u00edan funcionar. Esto afectaba directamente a ferias tan conocidas en Coyhaique, en Puerto Ays\u00e9n y otras localidades\u201d.<\/p>\n<p style=\"font-weight: 400; text-align: justify;\">Calisto agreg\u00f3 que \u201clogramos finalmente que este porcentaje no se considere y nuestras ferias siguen funcionando tal cual como est\u00e1n. Pero s\u00ed va a haber una regulaci\u00f3n y eso implica, por supuesto, que va a haber mayor control y mayor relaci\u00f3n con los municipios. Va a haber una exigencia compartida, enfocada en la limpieza y orden, para mantener las condiciones que deben tener los feriantes, por ejemplo, el ba\u00f1o y los servicios b\u00e1sicos, que son cuestiones m\u00ednimas pero que generan problemas en las ferias\u201d.<\/p>\n<p style=\"font-weight: 400; text-align: justify;\">\u201cVa a estar regulado por ley que las ferias tienen organizaci\u00f3n, tienen estructura, que van a tener dirigentes, que van a estar validadas por la normativa, y que, por supuesto, adem\u00e1s se va a prohibir el acceso de personas que no pertenecen a las organizaciones de ferias y que a veces van a vender. Esto tambi\u00e9n fortalece a aquellos que han estado durante a\u00f1os en la actividad propia de las ferias libres\u201d, indic\u00f3.<\/p>\n<p style=\"font-weight: 400; text-align: justify;\">Finalmente, el diputado Calisto agreg\u00f3 que \u201ctambi\u00e9n se contempla la heredabilidad, es decir, que van a poder heredar su espacio personas que, por ejemplo, han sido feriantes hist\u00f3ricas y que fallecen. Entonces su heredero o heredera va a poder continuar con esta funci\u00f3n en la misma feria y van a tener prioridad para tener el permiso\u201d.<\/p>\n<\/div><\/section><\/div><div  style='height:50px' class='hr hr-invisible   avia-builder-el-6  el_after_av_one_full  el_before_av_social_share '><span class='hr-inner ' ><span class='hr-inner-style'><\/span><\/span><\/div><\/p>\n<div  class='av-social-sharing-box  avia-builder-el-7  el_after_av_hr  el_before_av_hr  '><div class='av-share-box'><h5 class='av-share-link-description av-no-toc '>Compartir esta noticia<\/h5><ul class='av-share-box-list noLightbox'><li class='av-share-link av-social-link-facebook' ><a target=\"_blank\" aria-label=\"Compartir en Facebook\" href='https:\/\/www.facebook.com\/sharer.php?u=https:\/\/radiorevelacionfm.cl\/?p=51164&#038;t=Calisto%20resalta%20proyecto%20que%20regula%20ferias%20libres%20y%20valora%20rechazo%20de%20indicaci%C3%B3n%20que%20afectaba%20su%20realizaci%C3%B3n%20en%20la%20Regi%C3%B3n' aria-hidden='false' data-av_icon='\ue8f3' data-av_iconfont='entypo-fontello' title='' data-avia-related-tooltip='Compartir en Facebook' rel=\"noopener\"><span class='avia_hidden_link_text'>Compartir en Facebook<\/span><\/a><\/li><li class='av-share-link av-social-link-twitter' ><a target=\"_blank\" aria-label=\"Compartir en Twitter\" href='https:\/\/twitter.com\/share?text=Calisto%20resalta%20proyecto%20que%20regula%20ferias%20libres%20y%20valora%20rechazo%20de%20indicaci%C3%B3n%20que%20afectaba%20su%20realizaci%C3%B3n%20en%20la%20Regi%C3%B3n&#038;url=https:\/\/radiorevelacionfm.cl\/?p=51164' aria-hidden='false' data-av_icon='\ue8f1' data-av_iconfont='entypo-fontello' title='' data-avia-related-tooltip='Compartir en Twitter' rel=\"noopener\"><span class='avia_hidden_link_text'>Compartir en Twitter<\/span><\/a><\/li><li class='av-share-link av-social-link-whatsapp' ><a target=\"_blank\" aria-label=\"Compartir en Whatsapp\" href='https:\/\/api.whatsapp.com\/send?text=https:\/\/radiorevelacionfm.cl\/?p=51164' aria-hidden='false' data-av_icon='\uf232' data-av_iconfont='entypo-fontello' title='' data-avia-related-tooltip='Compartir en Whatsapp' rel=\"noopener\"><span class='avia_hidden_link_text'>Compartir en Whatsapp<\/span><\/a><\/li><li class='av-share-link av-social-link-linkedin' ><a target=\"_blank\" aria-label=\"Compartir en LinkedIn\" href='https:\/\/linkedin.com\/shareArticle?mini=true&#038;title=Calisto%20resalta%20proyecto%20que%20regula%20ferias%20libres%20y%20valora%20rechazo%20de%20indicaci%C3%B3n%20que%20afectaba%20su%20realizaci%C3%B3n%20en%20la%20Regi%C3%B3n&#038;url=https:\/\/radiorevelacionfm.cl\/?p=51164' aria-hidden='false' data-av_icon='\ue8fc' data-av_iconfont='entypo-fontello' title='' data-avia-related-tooltip='Compartir en LinkedIn' rel=\"noopener\"><span class='avia_hidden_link_text'>Compartir en LinkedIn<\/span><\/a><\/li><li class='av-share-link av-social-link-mail' ><a  aria-label=\"Compartir por correo\" href='mailto:?subject=Calisto%20resalta%20proyecto%20que%20regula%20ferias%20libres%20y%20valora%20rechazo%20de%20indicaci%C3%B3n%20que%20afectaba%20su%20realizaci%C3%B3n%20en%20la%20Regi%C3%B3n&#038;body=https:\/\/radiorevelacionfm.cl\/?p=51164' aria-hidden='false' data-av_icon='\ue805' data-av_iconfont='entypo-fontello' title='' data-avia-related-tooltip='Compartir por correo'><span class='avia_hidden_link_text'>Compartir por correo<\/span><\/a><\/li><\/ul><\/div><\/div>\n<div  style='height:50px' class='hr hr-invisible   avia-builder-el-8  el_after_av_social_share  el_before_av_comments_list '><span class='hr-inner ' ><span class='hr-inner-style'><\/span><\/span><\/div>\n<div  class='av-buildercomment  av-blog-meta-html-info-disabled av-blog-meta-tag-disabled  '><\/div>\n","protected":false},"excerpt":{"rendered":"","protected":false},"author":1,"featured_media":51166,"comment_status":"open","ping_status":"open","sticky":false,"template":"","format":"standard","meta":{"footnotes":""},"categories":[35],"tags":[],"class_list":["post-51164","post","type-post","status-publish","format-standard","has-post-thumbnail","hentry","category-politica"],"jetpack_featured_media_url":"https:\/\/radiorevelacionfm.cl\/wp-content\/uploads\/2025\/03\/feria-las-quintas2-1_optimized.jpg","_links":{"self":[{"href":"https:\/\/radiorevelacionfm.cl\/index.php?rest_route=\/wp\/v2\/posts\/51164","targetHints":{"allow":["GET"]}}],"collection":[{"href":"https:\/\/radiorevelacionfm.cl\/index.php?rest_route=\/wp\/v2\/posts"}],"about":[{"href":"https:\/\/radiorevelacionfm.cl\/index.php?rest_route=\/wp\/v2\/types\/post"}],"author":[{"embeddable":true,"href":"https:\/\/radiorevelacionfm.cl\/index.php?rest_route=\/wp\/v2\/users\/1"}],"replies":[{"embeddable":true,"href":"https:\/\/radiorevelacionfm.cl\/index.php?rest_route=%2Fwp%2Fv2%2Fcomments&post=51164"}],"version-history":[{"count":1,"href":"https:\/\/radiorevelacionfm.cl\/index.php?rest_route=\/wp\/v2\/posts\/51164\/revisions"}],"predecessor-version":[{"id":51167,"href":"https:\/\/radiorevelacionfm.cl\/index.php?rest_route=\/wp\/v2\/posts\/51164\/revisions\/51167"}],"wp:featuredmedia":[{"embeddable":true,"href":"https:\/\/radiorevelacionfm.cl\/index.php?rest_route=\/wp\/v2\/media\/51166"}],"wp:attachment":[{"href":"https:\/\/radiorevelacionfm.cl\/index.php?rest_route=%2Fwp%2Fv2%2Fmedia&parent=51164"}],"wp:term":[{"taxonomy":"category","embeddable":true,"href":"https:\/\/radiorevelacionfm.cl\/index.php?rest_route=%2Fwp%2Fv2%2Fcategories&post=51164"},{"taxonomy":"post_tag","embeddable":true,"href":"https:\/\/radiorevelacionfm.cl\/index.php?rest_route=%2Fwp%2Fv2%2Ftags&post=51164"}],"curies":[{"name":"wp","href":"https:\/\/api.w.org\/{rel}","templated":true}]}}