{"id":51161,"date":"2025-03-06T13:34:32","date_gmt":"2025-03-06T16:34:32","guid":{"rendered":"https:\/\/radiorevelacionfm.cl\/?p=51161"},"modified":"2025-03-06T13:34:32","modified_gmt":"2025-03-06T16:34:32","slug":"corte-de-coyhaique-confirma-absolucion-de-hermanos-acusados-por-homicidio-por-eximente-de-miedo-insuperable","status":"publish","type":"post","link":"https:\/\/radiorevelacionfm.cl\/?p=51161","title":{"rendered":"Corte de Coyhaique confirma absoluci\u00f3n de hermanos acusados por homicidio por eximente de miedo insuperable"},"content":{"rendered":"<div class=\"flex_column av_one_full  flex_column_div av-zero-column-padding first  avia-builder-el-0  el_before_av_one_full  avia-builder-el-first  \" style='border-radius:0px; '><div  class='avia-image-container  av-styling-    avia-builder-el-1  avia-builder-el-no-sibling  avia-align-center '  itemprop=\"image\" itemscope=\"itemscope\" itemtype=\"https:\/\/schema.org\/ImageObject\"  ><div class='avia-image-container-inner'><div class='avia-image-overlay-wrap'><img decoding=\"async\" class='wp-image-51162 avia-img-lazy-loading-not-51162 avia_image' src=\"https:\/\/radiorevelacionfm.cl\/wp-content\/uploads\/2025\/03\/pleno-corte-de-apelaciones-01-1_optimized.jpg\" alt='' title='pleno-corte-de-apelaciones-01-(1)_optimized' height=\"600\" width=\"1110\"  itemprop=\"thumbnailUrl\" srcset=\"https:\/\/radiorevelacionfm.cl\/wp-content\/uploads\/2025\/03\/pleno-corte-de-apelaciones-01-1_optimized.jpg 1110w, https:\/\/radiorevelacionfm.cl\/wp-content\/uploads\/2025\/03\/pleno-corte-de-apelaciones-01-1_optimized-300x162.jpg 300w, https:\/\/radiorevelacionfm.cl\/wp-content\/uploads\/2025\/03\/pleno-corte-de-apelaciones-01-1_optimized-1030x557.jpg 1030w, https:\/\/radiorevelacionfm.cl\/wp-content\/uploads\/2025\/03\/pleno-corte-de-apelaciones-01-1_optimized-768x415.jpg 768w, https:\/\/radiorevelacionfm.cl\/wp-content\/uploads\/2025\/03\/pleno-corte-de-apelaciones-01-1_optimized-705x381.jpg 705w, https:\/\/radiorevelacionfm.cl\/wp-content\/uploads\/2025\/03\/pleno-corte-de-apelaciones-01-1_optimized-450x243.jpg 450w, https:\/\/radiorevelacionfm.cl\/wp-content\/uploads\/2025\/03\/pleno-corte-de-apelaciones-01-1_optimized-600x324.jpg 600w\" sizes=\"(max-width: 1110px) 100vw, 1110px\" \/><\/div><\/div><\/div><\/div><div class=\"flex_column av_one_full  flex_column_div av-zero-column-padding first  avia-builder-el-2  el_after_av_one_full  el_before_av_one_full  column-top-margin\" style='border-radius:0px; '><section class=\"av_textblock_section \"  itemscope=\"itemscope\" itemtype=\"https:\/\/schema.org\/BlogPosting\" itemprop=\"blogPost\" ><div class='avia_textblock  '   itemprop=\"text\" ><p style=\"text-align: center;\"><span style=\"font-size: 18pt;\"><b><span lang=\"ES-TRAD\">Corte de Coyhaique confirma absoluci\u00f3n de hermanos acusados por homicidio por eximente de miedo insuperable<\/span><\/b><\/span><\/p>\n<div id=\"gtx-trans\" style=\"position: absolute; left: -50px; top: 4.31534px;\">\n<div class=\"gtx-trans-icon\"><\/div>\n<\/div>\n<\/div><\/section><\/div><div class=\"flex_column av_one_full  flex_column_div av-zero-column-padding first  avia-builder-el-4  el_after_av_one_full  el_before_av_hr  column-top-margin\" style='border-radius:0px; '><section class=\"av_textblock_section \"  itemscope=\"itemscope\" itemtype=\"https:\/\/schema.org\/BlogPosting\" itemprop=\"blogPost\" ><div class='avia_textblock  '   itemprop=\"text\" ><div>\n<p class=\"v1MsoNormal\" style=\"text-align: justify;\"><span lang=\"ES-TRAD\">La Corte de Apelaciones de Coyhaique rechaz\u00f3 el recurso de nulidad interpuesto por el Ministerio P\u00fablico y confirm\u00f3 la sentencia que absolvi\u00f3 a los hermanos L.F.T.R. y Y.A.T.R., de la acusaci\u00f3n fiscal que les atribu\u00eda autor\u00eda en el delito de homicidio calificado. Il\u00edcito que habr\u00edan perpetrado en febrero del a\u00f1o pasado, en la ciudad.<\/span><\/p>\n<p class=\"v1MsoNormal\" style=\"text-align: justify;\">En fallo un\u00e1nime (causa rol 18-2025), la Primera Sala del tribunal de alzada \u2013integrada por los ministros Pedro Castro, Jos\u00e9 Ignacio Mora, Natalia Rencoret y Luis Aedo\u2013confirm\u00f3 la sentencia impugnada, dictada por el Tribunal de Juicio Oral en los Penal de Coyhaique, que estableci\u00f3 que en la especie concurre la eximente de responsabilidad penal de miedo insuperable.<\/p>\n<p class=\"v1MsoNormal\" style=\"text-align: justify;\">\u00abQue, en l\u00ednea con lo reflexionado, se logra advertir que solo converge una natural opini\u00f3n discrepante de parte de la Fiscal\u00eda Local respecto del criterio un\u00e1nime al que arrib\u00f3 el Tribunal del grado en relaci\u00f3n con la aplicaci\u00f3n del derecho en torno a la eximente de miedo insuperable reconocida, conforme a lo prescrito en el numerando 9 del art\u00edculo 10 del C\u00f3digo Penal, lo cual tuvo lugar en base a las pruebas rendidas en el juicio. Sin embargo, ello no ha bastado para edificar con \u00e9xito el vicio de nulidad postulado, lo que se suma a los propios d\u00e9ficits representados en torno al escrito fundante del presente arbitrio, razones todas por las que no habr\u00e1 factibilidad de acogerlo\u00bb, sostiene el fallo del tribunal de alzada.<\/p>\n<p class=\"v1MsoNormal\" style=\"text-align: justify;\">Por tanto, se resuelve que: \u00ab(&#8230;) se\u00a0<b>RECHAZA,<\/b>\u00a0sin costas, el recurso de nulidad interpuesto por Mat\u00edas Manzano Aguayo, Fiscal Adjunto de la Fiscal\u00eda Local de Coyhaique, en representaci\u00f3n del Ministerio P\u00fablico, en contra de la sentencia de 30 de diciembre de 2024, dictada por la sala \u00fanica del Tribunal de Juicio Oral en lo Penal, integrada por los magistrados: Rosal\u00eda Mansilla Quiroz, Pablo Freire Gavil\u00e1n y Patricio Z\u00fa\u00f1iga Valenzuela, en virtud de la cual se absolvi\u00f3, sin costas, a los acusados,\u00a0<span lang=\"ES-TRAD\">L.F.T.R. y Y.A.T.R.<\/span>, de la acusaci\u00f3n formulada en su contra, como autores del delito consumado de homicidio calificado del art\u00edculo 391 N\u00b02 del C\u00f3digo Penal, hecho perpetrado el d\u00eda 1 de febrero de 2024 en la comuna de Coyhaique, por concurrir una eximente de responsabilidad penal, la cual, por consiguiente,\u00a0<b>NO ES NULA<\/b>, como tampoco lo es el juicio en que se sustent\u00f3\u00bb.<\/p>\n<p class=\"v1MsoNormal\" style=\"text-align: justify;\">\n<\/div>\n<div style=\"text-align: justify;\"><\/div>\n<\/div><\/section><\/div><div  style='height:50px' class='hr hr-invisible   avia-builder-el-6  el_after_av_one_full  el_before_av_social_share '><span class='hr-inner ' ><span class='hr-inner-style'><\/span><\/span><\/div><\/p>\n<div  class='av-social-sharing-box  avia-builder-el-7  el_after_av_hr  el_before_av_hr  '><div class='av-share-box'><h5 class='av-share-link-description av-no-toc '>Compartir esta noticia<\/h5><ul class='av-share-box-list noLightbox'><li class='av-share-link av-social-link-facebook' ><a target=\"_blank\" aria-label=\"Compartir en Facebook\" href='https:\/\/www.facebook.com\/sharer.php?u=https:\/\/radiorevelacionfm.cl\/?p=51161&#038;t=Corte%20de%20Coyhaique%20confirma%20absoluci%C3%B3n%20de%20hermanos%20acusados%20por%20homicidio%20por%20eximente%20de%20miedo%20insuperable' aria-hidden='false' data-av_icon='\ue8f3' data-av_iconfont='entypo-fontello' title='' data-avia-related-tooltip='Compartir en Facebook' rel=\"noopener\"><span class='avia_hidden_link_text'>Compartir en Facebook<\/span><\/a><\/li><li class='av-share-link av-social-link-twitter' ><a target=\"_blank\" aria-label=\"Compartir en Twitter\" href='https:\/\/twitter.com\/share?text=Corte%20de%20Coyhaique%20confirma%20absoluci%C3%B3n%20de%20hermanos%20acusados%20por%20homicidio%20por%20eximente%20de%20miedo%20insuperable&#038;url=https:\/\/radiorevelacionfm.cl\/?p=51161' aria-hidden='false' data-av_icon='\ue8f1' data-av_iconfont='entypo-fontello' title='' data-avia-related-tooltip='Compartir en Twitter' rel=\"noopener\"><span class='avia_hidden_link_text'>Compartir en Twitter<\/span><\/a><\/li><li class='av-share-link av-social-link-whatsapp' ><a target=\"_blank\" aria-label=\"Compartir en Whatsapp\" href='https:\/\/api.whatsapp.com\/send?text=https:\/\/radiorevelacionfm.cl\/?p=51161' aria-hidden='false' data-av_icon='\uf232' data-av_iconfont='entypo-fontello' title='' data-avia-related-tooltip='Compartir en Whatsapp' rel=\"noopener\"><span class='avia_hidden_link_text'>Compartir en Whatsapp<\/span><\/a><\/li><li class='av-share-link av-social-link-linkedin' ><a target=\"_blank\" aria-label=\"Compartir en LinkedIn\" href='https:\/\/linkedin.com\/shareArticle?mini=true&#038;title=Corte%20de%20Coyhaique%20confirma%20absoluci%C3%B3n%20de%20hermanos%20acusados%20por%20homicidio%20por%20eximente%20de%20miedo%20insuperable&#038;url=https:\/\/radiorevelacionfm.cl\/?p=51161' aria-hidden='false' data-av_icon='\ue8fc' data-av_iconfont='entypo-fontello' title='' data-avia-related-tooltip='Compartir en LinkedIn' rel=\"noopener\"><span class='avia_hidden_link_text'>Compartir en LinkedIn<\/span><\/a><\/li><li class='av-share-link av-social-link-mail' ><a  aria-label=\"Compartir por correo\" href='mailto:?subject=Corte%20de%20Coyhaique%20confirma%20absoluci%C3%B3n%20de%20hermanos%20acusados%20por%20homicidio%20por%20eximente%20de%20miedo%20insuperable&#038;body=https:\/\/radiorevelacionfm.cl\/?p=51161' aria-hidden='false' data-av_icon='\ue805' data-av_iconfont='entypo-fontello' title='' data-avia-related-tooltip='Compartir por correo'><span class='avia_hidden_link_text'>Compartir por correo<\/span><\/a><\/li><\/ul><\/div><\/div>\n<div  style='height:50px' class='hr hr-invisible   avia-builder-el-8  el_after_av_social_share  el_before_av_comments_list '><span class='hr-inner ' ><span class='hr-inner-style'><\/span><\/span><\/div>\n<div  class='av-buildercomment  av-blog-meta-html-info-disabled av-blog-meta-tag-disabled  '><\/div>\n","protected":false},"excerpt":{"rendered":"","protected":false},"author":1,"featured_media":51162,"comment_status":"open","ping_status":"open","sticky":false,"template":"","format":"standard","meta":{"footnotes":""},"categories":[55],"tags":[],"class_list":["post-51161","post","type-post","status-publish","format-standard","has-post-thumbnail","hentry","category-justicia"],"jetpack_featured_media_url":"https:\/\/radiorevelacionfm.cl\/wp-content\/uploads\/2025\/03\/pleno-corte-de-apelaciones-01-1_optimized.jpg","_links":{"self":[{"href":"https:\/\/radiorevelacionfm.cl\/index.php?rest_route=\/wp\/v2\/posts\/51161","targetHints":{"allow":["GET"]}}],"collection":[{"href":"https:\/\/radiorevelacionfm.cl\/index.php?rest_route=\/wp\/v2\/posts"}],"about":[{"href":"https:\/\/radiorevelacionfm.cl\/index.php?rest_route=\/wp\/v2\/types\/post"}],"author":[{"embeddable":true,"href":"https:\/\/radiorevelacionfm.cl\/index.php?rest_route=\/wp\/v2\/users\/1"}],"replies":[{"embeddable":true,"href":"https:\/\/radiorevelacionfm.cl\/index.php?rest_route=%2Fwp%2Fv2%2Fcomments&post=51161"}],"version-history":[{"count":1,"href":"https:\/\/radiorevelacionfm.cl\/index.php?rest_route=\/wp\/v2\/posts\/51161\/revisions"}],"predecessor-version":[{"id":51163,"href":"https:\/\/radiorevelacionfm.cl\/index.php?rest_route=\/wp\/v2\/posts\/51161\/revisions\/51163"}],"wp:featuredmedia":[{"embeddable":true,"href":"https:\/\/radiorevelacionfm.cl\/index.php?rest_route=\/wp\/v2\/media\/51162"}],"wp:attachment":[{"href":"https:\/\/radiorevelacionfm.cl\/index.php?rest_route=%2Fwp%2Fv2%2Fmedia&parent=51161"}],"wp:term":[{"taxonomy":"category","embeddable":true,"href":"https:\/\/radiorevelacionfm.cl\/index.php?rest_route=%2Fwp%2Fv2%2Fcategories&post=51161"},{"taxonomy":"post_tag","embeddable":true,"href":"https:\/\/radiorevelacionfm.cl\/index.php?rest_route=%2Fwp%2Fv2%2Ftags&post=51161"}],"curies":[{"name":"wp","href":"https:\/\/api.w.org\/{rel}","templated":true}]}}