{"id":51158,"date":"2025-03-06T16:23:21","date_gmt":"2025-03-06T19:23:21","guid":{"rendered":"https:\/\/radiorevelacionfm.cl\/?p=51158"},"modified":"2025-03-06T16:23:21","modified_gmt":"2025-03-06T19:23:21","slug":"en-la-escuela-baquedano-autoridades-inauguraron-el-ano-escolar-2025-en-la-region-de-aysen","status":"publish","type":"post","link":"https:\/\/radiorevelacionfm.cl\/?p=51158","title":{"rendered":"En la Escuela Baquedano autoridades inauguraron el A\u00f1o Escolar 2025 en la regi\u00f3n de Ays\u00e9n"},"content":{"rendered":"<div class=\"flex_column av_one_full  flex_column_div av-zero-column-padding first  avia-builder-el-0  el_before_av_one_full  avia-builder-el-first  \" style='border-radius:0px; '><div  class='avia-image-container  av-styling-    avia-builder-el-1  avia-builder-el-no-sibling  avia-align-center '  itemprop=\"image\" itemscope=\"itemscope\" itemtype=\"https:\/\/schema.org\/ImageObject\"  ><div class='avia-image-container-inner'><div class='avia-image-overlay-wrap'><img decoding=\"async\" class='wp-image-51159 avia-img-lazy-loading-not-51159 avia_image' src=\"https:\/\/radiorevelacionfm.cl\/wp-content\/uploads\/2025\/03\/ninos-bailando-1-1.jpeg\" alt='' title='ni\u00f1os bailando (1) (1)' height=\"600\" width=\"898\"  itemprop=\"thumbnailUrl\" srcset=\"https:\/\/radiorevelacionfm.cl\/wp-content\/uploads\/2025\/03\/ninos-bailando-1-1.jpeg 898w, https:\/\/radiorevelacionfm.cl\/wp-content\/uploads\/2025\/03\/ninos-bailando-1-1-300x200.jpeg 300w, https:\/\/radiorevelacionfm.cl\/wp-content\/uploads\/2025\/03\/ninos-bailando-1-1-768x513.jpeg 768w, https:\/\/radiorevelacionfm.cl\/wp-content\/uploads\/2025\/03\/ninos-bailando-1-1-705x471.jpeg 705w, https:\/\/radiorevelacionfm.cl\/wp-content\/uploads\/2025\/03\/ninos-bailando-1-1-450x301.jpeg 450w, https:\/\/radiorevelacionfm.cl\/wp-content\/uploads\/2025\/03\/ninos-bailando-1-1-600x401.jpeg 600w\" sizes=\"(max-width: 898px) 100vw, 898px\" \/><\/div><\/div><\/div><\/div><div class=\"flex_column av_one_full  flex_column_div av-zero-column-padding first  avia-builder-el-2  el_after_av_one_full  el_before_av_one_full  column-top-margin\" style='border-radius:0px; '><section class=\"av_textblock_section \"  itemscope=\"itemscope\" itemtype=\"https:\/\/schema.org\/BlogPosting\" itemprop=\"blogPost\" ><div class='avia_textblock  '   itemprop=\"text\" ><p style=\"text-align: center;\"><strong><span style=\"font-size: 18pt;\">En la Escuela Baquedano autoridades inauguraron el A\u00f1o Escolar 2025 en la regi\u00f3n de Ays\u00e9n<\/span><\/strong><\/p>\n<div id=\"gtx-trans\" style=\"position: absolute; left: -50px; top: 4.31534px;\">\n<div class=\"gtx-trans-icon\"><\/div>\n<\/div>\n<\/div><\/section><\/div><div class=\"flex_column av_one_full  flex_column_div av-zero-column-padding first  avia-builder-el-4  el_after_av_one_full  el_before_av_hr  column-top-margin\" style='border-radius:0px; '><section class=\"av_textblock_section \"  itemscope=\"itemscope\" itemtype=\"https:\/\/schema.org\/BlogPosting\" itemprop=\"blogPost\" ><div class='avia_textblock  '   itemprop=\"text\" ><p class=\"v1MsoNormal\" style=\"text-align: justify;\">El Delegado Presidencial Regional Jorge D\u00edaz Guzm\u00e1n, la Seremi de Educaci\u00f3n Isabel Garrido, el Director Subrogante de Educaci\u00f3n P\u00fablica Patricio Leiva, el Director Ejecutivo del Servicio Local de Educaci\u00f3n P\u00fablica de Ays\u00e9n Sebasti\u00e1n Gonzalez, representante del Gobierno Regional entre otras autoridades participaron en la inauguraci\u00f3n del a\u00f1o escolar 2025 en una ceremonia realizada en la Escuela Baquedano de Coyhaique, establecimiento perteneciente a la red Slep Ays\u00e9n.<\/p>\n<p class=\"v1MsoNormal\" style=\"text-align: justify;\">Esta fecha marca el regreso de los equipos directivos, profesores y asistentes de la educaci\u00f3n a los establecimientos, de la regi\u00f3n. El mensaje central de la ceremonia fue Volvamos a Clases, que nadie falte, relevando la importancia de la asistencia escolar para lograr la recuperaci\u00f3n de aprendizajes y el reencuentro definitivo de los integrantes de las comunidades educativas; estudiantes, profesores, asistentes de la educaci\u00f3n, padre y apoderados.<\/p>\n<p class=\"v1MsoNormal\" style=\"text-align: justify;\">En ese contexto el Delegado Presidencial Regional Jorge D\u00edaz Guzm\u00e1n afirm\u00f3. \u201cEstamos muy contentos ac\u00e1 en este establecimiento emblem\u00e1tico de la capital regional presentes con todas las instituciones del Estado lo que demuestra la importancia que tiene la educaci\u00f3n p\u00fablica en nuestra regi\u00f3n. Por ello hemos dado el vamos oficial al a\u00f1o escolar 2025 que trae desaf\u00edos nuevos\u201d.<\/p>\n<p class=\"v1MsoNormal\" style=\"text-align: justify;\">Por su parte, la Seremi de Educaci\u00f3n Isabel Garrido dese\u00f3 que las y los estudiantes un exitoso a\u00f1o cargado de buenas noticias, de aprendizajes que van m\u00e1s all\u00e1 de aprender a leer, a sumar, a restar, de ciencia, de qu\u00edmica, de historia. Que tambi\u00e9n sea un momento de aprender a convivir en sociedad.<\/p>\n<p class=\"v1MsoNormal\" style=\"text-align: justify;\">\u201cPrevio al inicio de este a\u00f1o escolar como Ministerio de Educaci\u00f3n hemos trabajado intensamente para asegurar las condiciones id\u00f3neas para iniciarlo asegurando la alimentaci\u00f3n escolar, la entrega oportuna de los textos y \u00fatiles escolares y monitoreando las condiciones adecuadas de la infraestructura de los establecimientos. Queremos reiterar la invitaci\u00f3n\u00a0 a las y los estudiantes a asistir a clases todos y cada d\u00eda de clases; estamos viendo buenos resultados en la asistencia y tambi\u00e9n en los \u00edndices de aprendizajes y queremos seguir mejorando en esa l\u00ednea para alcanzar mejores resultados educativos\u201d.<\/p>\n<p class=\"v1MsoNormal\" style=\"text-align: justify;\">Por su parte, Patricio Leiva representante de la Direcci\u00f3n de Educaci\u00f3n P\u00fablica quien intervino en la ceremonia destac\u00f3 que la Educaci\u00f3n P\u00fablica avanza decididamente, enfrentando importantes desaf\u00edos los cuales entregan un gran aprendizaje a la institucionalidad de los servicios locales de educaci\u00f3n p\u00fablica y destac\u00f3 la gesti\u00f3n del Servicio Local de Educaci\u00f3n P\u00fablica Ays\u00e9n.<\/p>\n<p class=\"v1MsoNormal\" style=\"text-align: justify;\">\u201cEl Slep Ays\u00e9n cumpli\u00f3 un a\u00f1o de funcionamiento y tiene una gesti\u00f3n de instalaci\u00f3n de los procesos que es impecable. Ahora el desaf\u00edo que se viene son los aprendizajes el trabajo con los profesores y los estudiantes para la mejora de los resultados acad\u00e9micos\u201d.<\/p>\n<p class=\"v1MsoNormal\" style=\"text-align: justify;\">En esa misma l\u00ednea, el Director Ejecutivo del Slep Ays\u00e9n Sebasti\u00e1n Gonz\u00e1lez manifest\u00f3 que \u201cLos colegios de la red Slep han iniciado las clases y que el \u00e9nfasis del trabajo estar\u00e1 en la participaci\u00f3n de todos los estamentos de las comunidades educativas. Estamos creando esos espacios de participaci\u00f3n a trav\u00e9s de las oficinas locales. El foco de nuestro trabajo este a\u00f1o estar\u00e1 centrado en los aprendizajes de todas y todos nuestros estudiantes, ese es el real sentido de la reforma que estamos impulsando\u201d.<\/p>\n<p class=\"v1MsoNormal\" style=\"text-align: justify;\">La ceremonia cont\u00f3 con una destacada presentaci\u00f3n del conjunto folcl\u00f3rico de estudiantes de la Escuela Baquedano, quienes deleitaron al p\u00fablico con el cuadro \u201cHijos de la Patagonia\u201d, el cual fue recibido con gran entusiasmo y aplausos por los asistentes.<\/p>\n<\/div><\/section><\/div><div  style='height:50px' class='hr hr-invisible   avia-builder-el-6  el_after_av_one_full  el_before_av_social_share '><span class='hr-inner ' ><span class='hr-inner-style'><\/span><\/span><\/div><\/p>\n<div  class='av-social-sharing-box  avia-builder-el-7  el_after_av_hr  el_before_av_hr  '><div class='av-share-box'><h5 class='av-share-link-description av-no-toc '>Compartir esta noticia<\/h5><ul class='av-share-box-list noLightbox'><li class='av-share-link av-social-link-facebook' ><a target=\"_blank\" aria-label=\"Compartir en Facebook\" href='https:\/\/www.facebook.com\/sharer.php?u=https:\/\/radiorevelacionfm.cl\/?p=51158&#038;t=En%20la%20Escuela%20Baquedano%20autoridades%20inauguraron%20el%20A%C3%B1o%20Escolar%202025%20en%20la%20regi%C3%B3n%20de%20Ays%C3%A9n' aria-hidden='false' data-av_icon='\ue8f3' data-av_iconfont='entypo-fontello' title='' data-avia-related-tooltip='Compartir en Facebook' rel=\"noopener\"><span class='avia_hidden_link_text'>Compartir en Facebook<\/span><\/a><\/li><li class='av-share-link av-social-link-twitter' ><a target=\"_blank\" aria-label=\"Compartir en Twitter\" href='https:\/\/twitter.com\/share?text=En%20la%20Escuela%20Baquedano%20autoridades%20inauguraron%20el%20A%C3%B1o%20Escolar%202025%20en%20la%20regi%C3%B3n%20de%20Ays%C3%A9n&#038;url=https:\/\/radiorevelacionfm.cl\/?p=51158' aria-hidden='false' data-av_icon='\ue8f1' data-av_iconfont='entypo-fontello' title='' data-avia-related-tooltip='Compartir en Twitter' rel=\"noopener\"><span class='avia_hidden_link_text'>Compartir en Twitter<\/span><\/a><\/li><li class='av-share-link av-social-link-whatsapp' ><a target=\"_blank\" aria-label=\"Compartir en Whatsapp\" href='https:\/\/api.whatsapp.com\/send?text=https:\/\/radiorevelacionfm.cl\/?p=51158' aria-hidden='false' data-av_icon='\uf232' data-av_iconfont='entypo-fontello' title='' data-avia-related-tooltip='Compartir en Whatsapp' rel=\"noopener\"><span class='avia_hidden_link_text'>Compartir en Whatsapp<\/span><\/a><\/li><li class='av-share-link av-social-link-linkedin' ><a target=\"_blank\" aria-label=\"Compartir en LinkedIn\" href='https:\/\/linkedin.com\/shareArticle?mini=true&#038;title=En%20la%20Escuela%20Baquedano%20autoridades%20inauguraron%20el%20A%C3%B1o%20Escolar%202025%20en%20la%20regi%C3%B3n%20de%20Ays%C3%A9n&#038;url=https:\/\/radiorevelacionfm.cl\/?p=51158' aria-hidden='false' data-av_icon='\ue8fc' data-av_iconfont='entypo-fontello' title='' data-avia-related-tooltip='Compartir en LinkedIn' rel=\"noopener\"><span class='avia_hidden_link_text'>Compartir en LinkedIn<\/span><\/a><\/li><li class='av-share-link av-social-link-mail' ><a  aria-label=\"Compartir por correo\" href='mailto:?subject=En%20la%20Escuela%20Baquedano%20autoridades%20inauguraron%20el%20A%C3%B1o%20Escolar%202025%20en%20la%20regi%C3%B3n%20de%20Ays%C3%A9n&#038;body=https:\/\/radiorevelacionfm.cl\/?p=51158' aria-hidden='false' data-av_icon='\ue805' data-av_iconfont='entypo-fontello' title='' data-avia-related-tooltip='Compartir por correo'><span class='avia_hidden_link_text'>Compartir por correo<\/span><\/a><\/li><\/ul><\/div><\/div>\n<div  style='height:50px' class='hr hr-invisible   avia-builder-el-8  el_after_av_social_share  el_before_av_comments_list '><span class='hr-inner ' ><span class='hr-inner-style'><\/span><\/span><\/div>\n<div  class='av-buildercomment  av-blog-meta-html-info-disabled av-blog-meta-tag-disabled  '><\/div>\n","protected":false},"excerpt":{"rendered":"","protected":false},"author":1,"featured_media":51159,"comment_status":"open","ping_status":"open","sticky":false,"template":"","format":"standard","meta":{"footnotes":""},"categories":[49],"tags":[],"class_list":["post-51158","post","type-post","status-publish","format-standard","has-post-thumbnail","hentry","category-educacion"],"jetpack_featured_media_url":"https:\/\/radiorevelacionfm.cl\/wp-content\/uploads\/2025\/03\/ninos-bailando-1-1.jpeg","_links":{"self":[{"href":"https:\/\/radiorevelacionfm.cl\/index.php?rest_route=\/wp\/v2\/posts\/51158","targetHints":{"allow":["GET"]}}],"collection":[{"href":"https:\/\/radiorevelacionfm.cl\/index.php?rest_route=\/wp\/v2\/posts"}],"about":[{"href":"https:\/\/radiorevelacionfm.cl\/index.php?rest_route=\/wp\/v2\/types\/post"}],"author":[{"embeddable":true,"href":"https:\/\/radiorevelacionfm.cl\/index.php?rest_route=\/wp\/v2\/users\/1"}],"replies":[{"embeddable":true,"href":"https:\/\/radiorevelacionfm.cl\/index.php?rest_route=%2Fwp%2Fv2%2Fcomments&post=51158"}],"version-history":[{"count":1,"href":"https:\/\/radiorevelacionfm.cl\/index.php?rest_route=\/wp\/v2\/posts\/51158\/revisions"}],"predecessor-version":[{"id":51160,"href":"https:\/\/radiorevelacionfm.cl\/index.php?rest_route=\/wp\/v2\/posts\/51158\/revisions\/51160"}],"wp:featuredmedia":[{"embeddable":true,"href":"https:\/\/radiorevelacionfm.cl\/index.php?rest_route=\/wp\/v2\/media\/51159"}],"wp:attachment":[{"href":"https:\/\/radiorevelacionfm.cl\/index.php?rest_route=%2Fwp%2Fv2%2Fmedia&parent=51158"}],"wp:term":[{"taxonomy":"category","embeddable":true,"href":"https:\/\/radiorevelacionfm.cl\/index.php?rest_route=%2Fwp%2Fv2%2Fcategories&post=51158"},{"taxonomy":"post_tag","embeddable":true,"href":"https:\/\/radiorevelacionfm.cl\/index.php?rest_route=%2Fwp%2Fv2%2Ftags&post=51158"}],"curies":[{"name":"wp","href":"https:\/\/api.w.org\/{rel}","templated":true}]}}