{"id":51155,"date":"2025-03-06T11:22:58","date_gmt":"2025-03-06T14:22:58","guid":{"rendered":"https:\/\/radiorevelacionfm.cl\/?p=51155"},"modified":"2025-03-06T11:22:58","modified_gmt":"2025-03-06T14:22:58","slug":"sercotec-lanza-version-2025-digitaliza-tu-almacen","status":"publish","type":"post","link":"https:\/\/radiorevelacionfm.cl\/?p=51155","title":{"rendered":"Sercotec lanza versi\u00f3n 2025 \u201cDigitaliza tu Almac\u00e9n\u201d"},"content":{"rendered":"<div class=\"flex_column av_one_full  flex_column_div av-zero-column-padding first  avia-builder-el-0  el_before_av_one_full  avia-builder-el-first  \" style='border-radius:0px; '><div  class='avia-image-container  av-styling-    avia-builder-el-1  avia-builder-el-no-sibling  avia-align-center '  itemprop=\"image\" itemscope=\"itemscope\" itemtype=\"https:\/\/schema.org\/ImageObject\"  ><div class='avia-image-container-inner'><div class='avia-image-overlay-wrap'><img decoding=\"async\" class='wp-image-51156 avia-img-lazy-loading-not-51156 avia_image' src=\"https:\/\/radiorevelacionfm.cl\/wp-content\/uploads\/2025\/03\/Almacenes-2025-1-1.jpeg\" alt='' title='Almacenes 2025 (1) (1)' height=\"600\" width=\"1067\"  itemprop=\"thumbnailUrl\" srcset=\"https:\/\/radiorevelacionfm.cl\/wp-content\/uploads\/2025\/03\/Almacenes-2025-1-1.jpeg 1067w, https:\/\/radiorevelacionfm.cl\/wp-content\/uploads\/2025\/03\/Almacenes-2025-1-1-300x169.jpeg 300w, https:\/\/radiorevelacionfm.cl\/wp-content\/uploads\/2025\/03\/Almacenes-2025-1-1-1030x579.jpeg 1030w, https:\/\/radiorevelacionfm.cl\/wp-content\/uploads\/2025\/03\/Almacenes-2025-1-1-768x432.jpeg 768w, https:\/\/radiorevelacionfm.cl\/wp-content\/uploads\/2025\/03\/Almacenes-2025-1-1-705x396.jpeg 705w, https:\/\/radiorevelacionfm.cl\/wp-content\/uploads\/2025\/03\/Almacenes-2025-1-1-450x253.jpeg 450w, https:\/\/radiorevelacionfm.cl\/wp-content\/uploads\/2025\/03\/Almacenes-2025-1-1-600x337.jpeg 600w\" sizes=\"(max-width: 1067px) 100vw, 1067px\" \/><\/div><\/div><\/div><\/div><div class=\"flex_column av_one_full  flex_column_div av-zero-column-padding first  avia-builder-el-2  el_after_av_one_full  el_before_av_one_full  column-top-margin\" style='border-radius:0px; '><section class=\"av_textblock_section \"  itemscope=\"itemscope\" itemtype=\"https:\/\/schema.org\/BlogPosting\" itemprop=\"blogPost\" ><div class='avia_textblock  '   itemprop=\"text\" ><p style=\"text-align: center;\"><strong><span style=\"font-size: 18pt;\">Sercotec lanza versi\u00f3n 2025 \u201cDigitaliza tu Almac\u00e9n\u201d<\/span><\/strong><\/p>\n<div id=\"gtx-trans\" style=\"position: absolute; left: -50px; top: 4.31534px;\">\n<div class=\"gtx-trans-icon\"><\/div>\n<\/div>\n<\/div><\/section><\/div><div class=\"flex_column av_one_full  flex_column_div av-zero-column-padding first  avia-builder-el-4  el_after_av_one_full  el_before_av_hr  column-top-margin\" style='border-radius:0px; '><section class=\"av_textblock_section \"  itemscope=\"itemscope\" itemtype=\"https:\/\/schema.org\/BlogPosting\" itemprop=\"blogPost\" ><div class='avia_textblock  '   itemprop=\"text\" ><p style=\"text-align: justify;\"><em>Se trata de un subsidio no reembolsable cuyo objetivo es contribuir al aumento de la competitividad de los almacenes del pa\u00eds, fortaleciendo su crecimiento a trav\u00e9s del financiamiento, capacitaci\u00f3n y generaci\u00f3n de redes que aporten nuevos conocimientos para la gesti\u00f3n del almac\u00e9n, potenciando as\u00ed\u0301 su competitividad y promoviendo el aumento de ventas. <\/em><\/p>\n<p style=\"text-align: justify;\">Sercotec Ays\u00e9n lanz\u00f3 la versi\u00f3n 2025 del esperado instrumento de fomento <em>\u201cDigitaliza tu Almac\u00e9n\u201d<\/em>, el que entrega un subsidio de $2.950.000, que pueden ser destinados a capacitaci\u00f3n, asistencia t\u00e9cnica, marketing, habilitaci\u00f3n de infraestructura, compra de activos y capital de trabajo. Este monto representa un aumento del 11% en comparaci\u00f3n con el subsidio entregado en 2024. La convocatoria de este 2025 cuenta con un presupuesto total de $1.510 millones, un 5% m\u00e1s que el a\u00f1o anterior, con el que se espera beneficiar a 407 almaceneros y almaceneras en todo el pa\u00eds. En t\u00e9rminos locales, el presupuesto regional alcanza a $86.408.960 para lograr beneficiar a 22 empresas de la Regi\u00f3n de Ays\u00e9n.<\/p>\n<p style=\"text-align: justify;\">La gerenta general de Sercotec, Mar\u00eda Jos\u00e9 Becerra, destac\u00f3 el impacto que ha tenido este programa para potenciar la labor de los negocios de barrio. \u00abLas cifras nos hablan de una transformaci\u00f3n profunda en el comercio local. Un an\u00e1lisis a los almacenes beneficiarios nos muestra que el 55% de los negocios que accedieron al programa el 2023 constataron un aumento en sus ventas al a\u00f1o siguiente, y el 33% ha mejorado sus m\u00e1rgenes de utilidad, demostrando que la digitalizaci\u00f3n es una inversi\u00f3n con retorno tangible. Este instrumento busca ir acortando las brechas de acceso a tecnolog\u00edas que presentan las Mipymes del pa\u00eds, para lo cual estamos disponiendo una inversi\u00f3n p\u00fablica productiva de $1.598 millones. La transici\u00f3n del l\u00e1piz y papel a herramientas digitales permite a nuestros almaceneros y almaceneras optimizar costos, gestionar inventarios eficientemente y expandir sus canales de venta, generando un efecto multiplicador en la econom\u00eda local\u201d.<\/p>\n<p style=\"text-align: justify;\">En este sentido, la directora regional de Sercotec Ays\u00e9n; Nelly Vargas\u00a0 realiz\u00f3 un amplio llamado a postular; <em>\u201c<\/em><em>Est\u00e1n abiertas las postulaciones al programa Digitaliza tu Almac\u00e9n, as\u00ed que invitamos a todas y todos a postular a este programa, que es un programa que entrega un subsidio de $2.950.000, con el que pueden implementar distintas iniciativas y actividades para hacer crecer sus negocios, as\u00ed que invitamos a todas y todos que puedan participar a trav\u00e9s de <\/em><a href=\"http:\/\/www.sercotec.cl\"><em>www.sercotec.cl<\/em><\/a><em>\u201d<\/em><\/p>\n<p style=\"text-align: justify;\">Digitaliza tu Almac\u00e9n otorga un aporte no reembolsable de $2.950.000. De este monto, $450 mil pueden destinarse a asistencia t\u00e9cnica, capacitaci\u00f3n y marketing para promover el negocio en la era digital. Y $2.500.000 van dirigidos a inversiones, como compra de m\u00e1quinas, equipos y herramientas digitales para fortalecer la gesti\u00f3n interna y los procesos de venta del almac\u00e9n.<\/p>\n<p style=\"text-align: justify;\">En la convocatoria 2024 de Digitaliza tu Almac\u00e9n una de las beneficiarias fue Pamela Devia con su almac\u00e9n \u201cLos Dos Hermanos\u201d ubicado en Valle Simpson. Ella nos cont\u00f3 su experiencia ejecutando estos recursos: <em>\u201cGracias a Sercotec y Digitaliza tu Almac\u00e9n, pude ampliarme en lo laboral y personal, ya que logr\u00e9 adquirir cosas que seguramente con los pocos recursos que ten\u00eda, no hubiese podido. Entonces, este fondo me permiti\u00f3 poder avanzar, hacer crecer mi negocio, ampliarlo y eso ha hecho que vengan m\u00e1s personas y que crezca mi clientela\u201d.<\/em><\/p>\n<p style=\"text-align: justify;\">Por su parte, la Seremi de Gobierno; \u00darsula Mix, reforz\u00f3 el llamado a postular a este fondo, que entrega recursos no reembolsables; <em>\u201cVinimos a visitar el negocio<\/em> <em>\u201cLos Dos Hermanos\u201d, quienes fueron beneficiarios 2024 en este fondo de Sercotec. Conversamos con la se\u00f1ora Pamela Devia, quien nos cont\u00f3 su experiencia con este programa y todo lo que pudo implementar y lograr gracias a este fondo. Los y las invitamos a participar, las bases ya est\u00e1n disponibles y la convocatoria est\u00e1 abierta\u201d.<\/em><\/p>\n<p style=\"text-align: justify;\">Finalmente, el Seremi de Econom\u00eda; Felipe Rojas subray\u00f3 la importancia de postular y participar de este tipo de iniciativas <em>\u201cQueremos invitarles a participar y postular al programa de Sercotec<\/em><em>\u00a0 \u201cDigitaliza tu Almac\u00e9n\u201d, un fondo de alto impacto en los emprendedores y sobre todo en la comunidad que beneficia. Es importante revisar las bases, ya que la convocatoria es no s\u00f3lo para almacenes, si no que para un amplio abanico de emprendimientos. Para lo anterior, toda la informaci\u00f3n disponible en www.sercotec.cl\u201d.<\/em><\/p>\n<p style=\"text-align: justify;\">Pueden postular almaceneros y almaceneras con inicio de actividades de primera categor\u00eda ante el Servicio de Impuestos Internos, cuyo negocio cuente con una antig\u00fcedad superior a 12 meses y que registre ventas netas (sin impuestos) menores o iguales a 5.000 UF al an\u0303o. Los tipos de almacenes que son considerados para el beneficio incluyen, entre otros, a rotiser\u00edas, minimarkets, minimercados, pasteleri\u0301as, panader\u00edas, carnicer\u00edas, pescader\u00edas, helader\u00edas, emporios de venta a granel, botiller\u00edas, confiter\u00edas, fruter\u00edas, verduler\u00edas, bazares y librer\u00edas de barrio. Las postulaciones se encuentran abiertas hasta el d\u00eda 20 de Marzo 2025 y se realizan mediante www.sercotec.cl.<\/p>\n<\/div><\/section><\/div><div  style='height:50px' class='hr hr-invisible   avia-builder-el-6  el_after_av_one_full  el_before_av_social_share '><span class='hr-inner ' ><span class='hr-inner-style'><\/span><\/span><\/div><\/p>\n<div  class='av-social-sharing-box  avia-builder-el-7  el_after_av_hr  el_before_av_hr  '><div class='av-share-box'><h5 class='av-share-link-description av-no-toc '>Compartir esta noticia<\/h5><ul class='av-share-box-list noLightbox'><li class='av-share-link av-social-link-facebook' ><a target=\"_blank\" aria-label=\"Compartir en Facebook\" href='https:\/\/www.facebook.com\/sharer.php?u=https:\/\/radiorevelacionfm.cl\/?p=51155&#038;t=Sercotec%20lanza%20versi%C3%B3n%202025%20%E2%80%9CDigitaliza%20tu%20Almac%C3%A9n%E2%80%9D' aria-hidden='false' data-av_icon='\ue8f3' data-av_iconfont='entypo-fontello' title='' data-avia-related-tooltip='Compartir en Facebook' rel=\"noopener\"><span class='avia_hidden_link_text'>Compartir en Facebook<\/span><\/a><\/li><li class='av-share-link av-social-link-twitter' ><a target=\"_blank\" aria-label=\"Compartir en Twitter\" href='https:\/\/twitter.com\/share?text=Sercotec%20lanza%20versi%C3%B3n%202025%20%E2%80%9CDigitaliza%20tu%20Almac%C3%A9n%E2%80%9D&#038;url=https:\/\/radiorevelacionfm.cl\/?p=51155' aria-hidden='false' data-av_icon='\ue8f1' data-av_iconfont='entypo-fontello' title='' data-avia-related-tooltip='Compartir en Twitter' rel=\"noopener\"><span class='avia_hidden_link_text'>Compartir en Twitter<\/span><\/a><\/li><li class='av-share-link av-social-link-whatsapp' ><a target=\"_blank\" aria-label=\"Compartir en Whatsapp\" href='https:\/\/api.whatsapp.com\/send?text=https:\/\/radiorevelacionfm.cl\/?p=51155' aria-hidden='false' data-av_icon='\uf232' data-av_iconfont='entypo-fontello' title='' data-avia-related-tooltip='Compartir en Whatsapp' rel=\"noopener\"><span class='avia_hidden_link_text'>Compartir en Whatsapp<\/span><\/a><\/li><li class='av-share-link av-social-link-linkedin' ><a target=\"_blank\" aria-label=\"Compartir en LinkedIn\" href='https:\/\/linkedin.com\/shareArticle?mini=true&#038;title=Sercotec%20lanza%20versi%C3%B3n%202025%20%E2%80%9CDigitaliza%20tu%20Almac%C3%A9n%E2%80%9D&#038;url=https:\/\/radiorevelacionfm.cl\/?p=51155' aria-hidden='false' data-av_icon='\ue8fc' data-av_iconfont='entypo-fontello' title='' data-avia-related-tooltip='Compartir en LinkedIn' rel=\"noopener\"><span class='avia_hidden_link_text'>Compartir en LinkedIn<\/span><\/a><\/li><li class='av-share-link av-social-link-mail' ><a  aria-label=\"Compartir por correo\" href='mailto:?subject=Sercotec%20lanza%20versi%C3%B3n%202025%20%E2%80%9CDigitaliza%20tu%20Almac%C3%A9n%E2%80%9D&#038;body=https:\/\/radiorevelacionfm.cl\/?p=51155' aria-hidden='false' data-av_icon='\ue805' data-av_iconfont='entypo-fontello' title='' data-avia-related-tooltip='Compartir por correo'><span class='avia_hidden_link_text'>Compartir por correo<\/span><\/a><\/li><\/ul><\/div><\/div>\n<div  style='height:50px' class='hr hr-invisible   avia-builder-el-8  el_after_av_social_share  el_before_av_comments_list '><span class='hr-inner ' ><span class='hr-inner-style'><\/span><\/span><\/div>\n<div  class='av-buildercomment  av-blog-meta-html-info-disabled av-blog-meta-tag-disabled  '><\/div>\n","protected":false},"excerpt":{"rendered":"","protected":false},"author":1,"featured_media":51156,"comment_status":"open","ping_status":"open","sticky":false,"template":"","format":"standard","meta":{"footnotes":""},"categories":[38],"tags":[],"class_list":["post-51155","post","type-post","status-publish","format-standard","has-post-thumbnail","hentry","category-regional"],"jetpack_featured_media_url":"https:\/\/radiorevelacionfm.cl\/wp-content\/uploads\/2025\/03\/Almacenes-2025-1-1.jpeg","_links":{"self":[{"href":"https:\/\/radiorevelacionfm.cl\/index.php?rest_route=\/wp\/v2\/posts\/51155","targetHints":{"allow":["GET"]}}],"collection":[{"href":"https:\/\/radiorevelacionfm.cl\/index.php?rest_route=\/wp\/v2\/posts"}],"about":[{"href":"https:\/\/radiorevelacionfm.cl\/index.php?rest_route=\/wp\/v2\/types\/post"}],"author":[{"embeddable":true,"href":"https:\/\/radiorevelacionfm.cl\/index.php?rest_route=\/wp\/v2\/users\/1"}],"replies":[{"embeddable":true,"href":"https:\/\/radiorevelacionfm.cl\/index.php?rest_route=%2Fwp%2Fv2%2Fcomments&post=51155"}],"version-history":[{"count":1,"href":"https:\/\/radiorevelacionfm.cl\/index.php?rest_route=\/wp\/v2\/posts\/51155\/revisions"}],"predecessor-version":[{"id":51157,"href":"https:\/\/radiorevelacionfm.cl\/index.php?rest_route=\/wp\/v2\/posts\/51155\/revisions\/51157"}],"wp:featuredmedia":[{"embeddable":true,"href":"https:\/\/radiorevelacionfm.cl\/index.php?rest_route=\/wp\/v2\/media\/51156"}],"wp:attachment":[{"href":"https:\/\/radiorevelacionfm.cl\/index.php?rest_route=%2Fwp%2Fv2%2Fmedia&parent=51155"}],"wp:term":[{"taxonomy":"category","embeddable":true,"href":"https:\/\/radiorevelacionfm.cl\/index.php?rest_route=%2Fwp%2Fv2%2Fcategories&post=51155"},{"taxonomy":"post_tag","embeddable":true,"href":"https:\/\/radiorevelacionfm.cl\/index.php?rest_route=%2Fwp%2Fv2%2Ftags&post=51155"}],"curies":[{"name":"wp","href":"https:\/\/api.w.org\/{rel}","templated":true}]}}