{"id":51152,"date":"2025-03-06T12:03:14","date_gmt":"2025-03-06T15:03:14","guid":{"rendered":"https:\/\/radiorevelacionfm.cl\/?p=51152"},"modified":"2025-03-06T12:03:14","modified_gmt":"2025-03-06T15:03:14","slug":"festivales-del-rio-baker-y-de-la-cosecha-las-opciones-sustentables-del-chelenko-para-el-turismo-de-baja-temporada","status":"publish","type":"post","link":"https:\/\/radiorevelacionfm.cl\/?p=51152","title":{"rendered":"Festivales del R\u00edo Baker y de la Cosecha: Las opciones sustentables del Chelenko para el turismo de baja temporada"},"content":{"rendered":"<div class=\"flex_column av_one_full  flex_column_div av-zero-column-padding first  avia-builder-el-0  el_before_av_one_full  avia-builder-el-first  \" style='border-radius:0px; '><div  class='avia-image-container  av-styling-    avia-builder-el-1  avia-builder-el-no-sibling  avia-align-center '  itemprop=\"image\" itemscope=\"itemscope\" itemtype=\"https:\/\/schema.org\/ImageObject\"  ><div class='avia-image-container-inner'><div class='avia-image-overlay-wrap'><img decoding=\"async\" class='wp-image-51153 avia-img-lazy-loading-not-51153 avia_image' src=\"https:\/\/radiorevelacionfm.cl\/wp-content\/uploads\/2025\/03\/Contexto-Festival-de-la-Cosecha-4-1-1.jpg\" alt='' title='Contexto Festival de la Cosecha 4 (1) (1)' height=\"600\" width=\"900\"  itemprop=\"thumbnailUrl\" srcset=\"https:\/\/radiorevelacionfm.cl\/wp-content\/uploads\/2025\/03\/Contexto-Festival-de-la-Cosecha-4-1-1.jpg 900w, https:\/\/radiorevelacionfm.cl\/wp-content\/uploads\/2025\/03\/Contexto-Festival-de-la-Cosecha-4-1-1-300x200.jpg 300w, https:\/\/radiorevelacionfm.cl\/wp-content\/uploads\/2025\/03\/Contexto-Festival-de-la-Cosecha-4-1-1-768x512.jpg 768w, https:\/\/radiorevelacionfm.cl\/wp-content\/uploads\/2025\/03\/Contexto-Festival-de-la-Cosecha-4-1-1-705x470.jpg 705w, https:\/\/radiorevelacionfm.cl\/wp-content\/uploads\/2025\/03\/Contexto-Festival-de-la-Cosecha-4-1-1-450x300.jpg 450w, https:\/\/radiorevelacionfm.cl\/wp-content\/uploads\/2025\/03\/Contexto-Festival-de-la-Cosecha-4-1-1-600x400.jpg 600w\" sizes=\"(max-width: 900px) 100vw, 900px\" \/><\/div><\/div><\/div><\/div><div class=\"flex_column av_one_full  flex_column_div av-zero-column-padding first  avia-builder-el-2  el_after_av_one_full  el_before_av_one_full  column-top-margin\" style='border-radius:0px; '><section class=\"av_textblock_section \"  itemscope=\"itemscope\" itemtype=\"https:\/\/schema.org\/BlogPosting\" itemprop=\"blogPost\" ><div class='avia_textblock  '   itemprop=\"text\" ><p style=\"text-align: center;\"><span style=\"font-size: 18pt;\"><b><span lang=\"ES-TRAD\">Festivales del R\u00edo Baker y de la Cosecha: Las opciones sustentables del Chelenko para el turismo de baja temporada<\/span><\/b><\/span><\/p>\n<div id=\"gtx-trans\" style=\"position: absolute; left: -50px; top: 4.31534px;\">\n<div class=\"gtx-trans-icon\"><\/div>\n<\/div>\n<\/div><\/section><\/div><div class=\"flex_column av_one_full  flex_column_div av-zero-column-padding first  avia-builder-el-4  el_after_av_one_full  el_before_av_hr  column-top-margin\" style='border-radius:0px; '><section class=\"av_textblock_section \"  itemscope=\"itemscope\" itemtype=\"https:\/\/schema.org\/BlogPosting\" itemprop=\"blogPost\" ><div class='avia_textblock  '   itemprop=\"text\" ><p class=\"v1gmail-MsoListParagraphCxSpFirst\" style=\"text-align: justify;\"><i><span lang=\"ES-TRAD\">Este fin de semana se desarrollar\u00e1 el Festival del R\u00edo Baker en Puerto Bertrand, organizado por empresas locales de kayak y rafting, junto al Comit\u00e9 de Emprendimiento y Turismo de Puerto Bertrand. Incluye diversas competencias n\u00e1uticas y charlas.<\/span><\/i><\/p>\n<p class=\"v1gmail-MsoListParagraphCxSpLast\" style=\"text-align: justify;\"><i><span lang=\"ES-TRAD\">Para el fin de semana santo, en tanto, en Puerto Guadal ser\u00e1 la sexta versi\u00f3n del Festival de la Cosecha con jornadas de recolecci\u00f3n y cocina de hongos y mosqueta, taller de cocina de casquer\u00eda y achuras (interiores), exhibici\u00f3n de elaboraci\u00f3n de prietas y longanizas, entre otras actividades.<\/span><\/i><\/p>\n<p class=\"v1MsoNormal\" style=\"text-align: justify;\"><span lang=\"ES-TRAD\">Un tema de constante discusi\u00f3n en Chile, y en Ays\u00e9n en particular, es c\u00f3mo ir desestacionalizando el turismo.\u00a0 Generar un flujo de visitantes (no necesariamente desde el resto del pa\u00eds o el extranjero) m\u00e1s all\u00e1 de la temporada alta: en invierno, pero tambi\u00e9n en oto\u00f1o y primavera.<\/span><\/p>\n<p class=\"v1MsoNormal\" style=\"text-align: justify;\"><span lang=\"ES-TRAD\">Con este objetivo en mente, adem\u00e1s de impulsar la sustentabilidad del destino, durante las pr\u00f3ximas semanas se desarrollar\u00e1n varias actividades de este tipo.<\/span><\/p>\n<p class=\"v1MsoNormal\" style=\"text-align: justify;\"><b><span lang=\"ES-TRAD\">Festival del R\u00edo Baker<\/span><\/b><\/p>\n<p class=\"v1MsoNormal\" style=\"text-align: justify;\"><span lang=\"ES-TRAD\">La primera es el\u00a0<b>Festival del R\u00edo Baker<\/b>, organizado por empresas locales y gu\u00edas de kayak y rafting, junto al Comit\u00e9 de Emprendimiento y Turismo de Puerto Bertrand.<\/span><\/p>\n<p class=\"v1MsoNormal\" style=\"text-align: justify;\"><span lang=\"ES-TRAD\">\u00c9ste se concretar\u00e1 desde el\u00a0<b>7 al 9 de marzo<\/b>. El <b>viernes<\/b>\u00a0se consideran competencias\u00a0down river\u00a0en balsa, packraft y kayak, adem\u00e1s de bajada comunitaria. El <b>s\u00e1bado<\/b>, en tanto, seguir\u00e1n los cert\u00e1menes n\u00e1uticos, sum\u00e1ndose limpieza de r\u00edo y conmemoraci\u00f3n del D\u00eda Internacional de la Mujer, adem\u00e1s de charlas de expertos.\u00a0 Y el domingo ser\u00e1 el fin de las competencias, con una feria de emprendedores, charlas y un asado comunitario.<\/span><\/p>\n<p class=\"v1MsoNormal\" style=\"text-align: justify;\"><span lang=\"ES-TRAD\">La\u00a0<b>coordinadora del festival, Paulina Barros,<\/b>\u00a0explic\u00f3 que este a\u00f1o el festival est\u00e1 inserto en los festivales por los r\u00edos libres, \u00abposicionado como el m\u00e1s austral de Chile, hecho que nos llena de orgullo, manifestando de esta manera el amor por las aguas del caudaloso r\u00edo Baker\u00bb. <\/span><span lang=\"ES-TRAD\">En este sentido, explic\u00f3 que \u00abcomo organizadores, desde la agencia de rafting de Puerto Bertrand, en conjunto con el Comit\u00e9 de Emprendimiento y Turismo, tenemos la tarea y obligaci\u00f3n de cuidar este lugar, generando conciencia en torno a la importancia de estos cuerpos de agua, celebrando la libertad con que estos fluyen y la vida que nos entregan\u00bb.<\/span><\/p>\n<p class=\"v1MsoNormal\" style=\"text-align: justify;\"><span lang=\"ES-TRAD\">\u00abCon esto marcamos un antes y despu\u00e9s en nuestra comunidad, ya que nos unimos por un Baker libre\u00bb explic\u00f3.<\/span><\/p>\n<p class=\"v1MsoNormal\" style=\"text-align: justify;\"><span lang=\"ES-TRAD\">Por su parte, el presidente del\u00a0<b>Comit\u00e9 de Emprendimiento y Turismo de Puerto Bertrand, Fernando Pavez von Martens,<\/b>\u00a0puntualiz\u00f3 que \u00abestamos muy contentos de celebrar este a\u00f1o la segunda versi\u00f3n del Festival del R\u00edo Baker, iniciativa impulsada por las empresas de turismo-aventuras que se dedican a prestar servicio tanto en el r\u00edo como en el lago Bertrand, principalmente rafting y kayak\u00bb.<\/span><\/p>\n<p class=\"v1MsoNormal\" style=\"text-align: justify;\"><span lang=\"ES-TRAD\">Agreg\u00f3 que \u00abel pr\u00f3ximo a\u00f1o queremos seguir contribuyendo a la extensi\u00f3n de temporada, que es el principal objetivo de este festival, y poner en valor el r\u00edo m\u00e1s caudaloso de Chile y la actividad que se desarrolla durante todo el verano en esta localidad\u00bb. En este sentido, agradeci\u00f3 al municipio local y al Concejo Municipal, cuyo alcalde Ariel Keim dispuso recursos y personal para su materializaci\u00f3n.<\/span><\/p>\n<p class=\"v1MsoNormal\" style=\"text-align: justify;\"><b><span lang=\"ES-TRAD\">Festival de la Cosecha en Puerto Guadal<\/span><\/b><\/p>\n<p class=\"v1MsoNormal\" style=\"text-align: justify;\"><span lang=\"ES-TRAD\">Ya entrado el oto\u00f1o, la AG de Turismo de Puerto Guadal realizar\u00e1 por sexto a\u00f1o su\u00a0<b>Festival de la Cosecha<\/b>, bajo la consigna de \u00absabores de la perla del lago\u00bb. En esta ocasi\u00f3n durante el fin de semana santo del <b>viernes 18 al domingo 20 de abril,<\/b> contando con apoyo del Programa Estrat\u00e9gico Regional de Turismo, en cuyo Comit\u00e9 Ejecutivo participan Corfo, Sernatur y organizaciones gremiales del turismo regional. Y tambi\u00e9n tiene el respaldo del alcalde Ariel Keim y el Concejo Municipal, que ha destinado recursos para su materializaci\u00f3n.<\/span><\/p>\n<p class=\"v1MsoNormal\" style=\"text-align: justify;\"><span lang=\"ES-TRAD\">Durante las jornadas se contemplar\u00e1n actividades de cosecha y cocina de hongos y mosqueta, taller de cocina de casquer\u00eda y achuras (interiores), exhibici\u00f3n de elaboraci\u00f3n de prietas y longanizas. Tambi\u00e9n, feria de productores locales y venta de cerveza artesanal, con m\u00fasica en vivo a cargo de artistas locales.<\/span><\/p>\n<p class=\"v1MsoNormal\" style=\"text-align: justify;\"><span lang=\"ES-TRAD\">Se presentar\u00e1 por esos d\u00edas\u00a0<b>Jordi Tresserras,\u00a0<\/b>experto<b>\u00a0<\/b>catal\u00e1n en patrimonio cultural y relaci\u00f3n con la comunidad, que actualmente es consejero cient\u00edfico del Instituto de Turismo Responsable y presidente de IBERTUR, la Red de Patrimonio y Turismo.<\/span><\/p>\n<p class=\"v1MsoNormal\" style=\"text-align: justify;\"><span lang=\"ES-TRAD\">\u00abSe nos viene la sexta versi\u00f3n del Festival de la Cosecha&#8230;todos tienen su espacio para venir a visitarnos.\u00a0 Contaremos con cocina y en este caso vamos a tener casquer\u00eda, en la cual se van a elaborar productos como prietas, longanizas. Vamos a aprender a utilizar todos los interiores del animal\u00bb explic\u00f3 la presidenta de la\u00a0<b>AG de Turismo local, Ang\u00e9lica Anti\u00f1anco<\/b>. Adem\u00e1s habr\u00e1 \u00abrecolecci\u00f3n de frutos de la estaci\u00f3n, hongos tambi\u00e9n, ferias de emprendedores, los cuales van a estar ofreciendo tanto servicios como productos y m\u00fasica en vivo.\u00a0 As\u00ed que quedan todos cordialmente invitados para este mes de abril aqu\u00ed en Puerto Guadal\u00bb indic\u00f3.<\/span><\/p>\n<p class=\"v1MsoNormal\" style=\"text-align: justify;\"><span lang=\"ES-TRAD\">La presidenta de la\u00a0<b>Corporaci\u00f3n Chelenko, Miriam Chible Contreras,<\/b> organizaci\u00f3n que apoya la realizaci\u00f3n de ambos festivales y que integran las agrupaciones locales organizadoras, destac\u00f3 la importancia de este tipo de eventos. \u00abEstamos muy entusiasmados en estas actividades que se van a desarrollar fuera de la temporada, que ya est\u00e1 bajando\u00bb indic\u00f3. Puntualiz\u00f3 que este respaldo se basa en que son coherentes con la \u00abvisi\u00f3n que tiene nuestra corporaci\u00f3n, que es la sustentabilidad del destino Chelenko en el lago General Carrera\u00bb.<\/span><\/p>\n<p class=\"v1MsoNormal\" style=\"text-align: justify;\"><span lang=\"ES-TRAD\">Se refiri\u00f3, asimismo, a la necesidad de ir fluyendo con las distintas estaciones del a\u00f1o, como el oto\u00f1o. \u00abUno ya ve en los patios de las casas mucha cantidad de ciruelas que ya est\u00e1n listas para cosechar. Ya est\u00e1n saliendo los primeros hongos tipo boletus, debajo de los pinos, que tambi\u00e9n es un producto que se usa bastante en la cuenca para la cocina, para secar, para guarda\u00bb rese\u00f1\u00f3.\u00a0<\/span><\/p>\n<p class=\"v1MsoNormal\" style=\"text-align: justify;\"><span lang=\"ES-TRAD\">Sobre el conversatorio con Tesserras, acot\u00f3 que \u00ab\u00e9ste ser\u00e1\u00a0sobre patrimonio cultural y relaci\u00f3n con la comunidad, el turismo basado en la sustentabilidad y las rutas patrimoniales tem\u00e1ticas. Esta invitaci\u00f3n tambi\u00e9n va a ser abierta a la comunidad, tanto en la comunidad del turismo como a cualquier persona que quiera escuchar esta experiencia\u00bb.<\/span><\/p>\n<p class=\"v1MsoNormal\" style=\"text-align: justify;\"><b><span lang=\"ES-TRAD\">Taller de Plantas para la Salud<\/span><\/b><\/p>\n<p class=\"v1MsoNormal\" style=\"text-align: justify;\"><span lang=\"ES-TRAD\">Junto a estos festivales, los d\u00edas\u00a0<b>viernes 11 y s\u00e1bado 12 de abril<\/b>\u00a0la Municipalidad de Chile Chico, a trav\u00e9s de la delegaci\u00f3n de Puerto Guadal, est\u00e1 organizando un\u00a0<b>\u00abTaller de Plantas para la Salud\u00bb<\/b>, a cargo de la Dra. Sara Itkin, especialista en medicina natural.\u00a0<\/span><\/p>\n<p class=\"v1MsoNormal\" style=\"text-align: justify;\"><span lang=\"ES-TRAD\">Formada en la Facultad de Ciencias M\u00e9dicas de la Universidad de Rosario, hace dos d\u00e9cadas Itkin se asent\u00f3 en Bariloche donde comenz\u00f3 a trabajar y combinar el conocimiento m\u00e9dico tradicional con el ancestral de las plantas medicinales. La participaci\u00f3n ser\u00e1 gratuita y la\/os interesada\/as se pueden inscribir al correo <a href=\"mailto:delegacionguadal@chilechico.cl\" rel=\"noreferrer\">delegacionguadal@chilechico.cl<\/a>\u00a0o al tel\u00e9fono +56 9 6672 8583, formando parte de los compromisos del actual alcalde Ariel Keim en el sentido de robustecer el tejido social de las mujeres y las plantas de la Patagonia.<\/span><\/p>\n<\/div><\/section><\/div><div  style='height:50px' class='hr hr-invisible   avia-builder-el-6  el_after_av_one_full  el_before_av_social_share '><span class='hr-inner ' ><span class='hr-inner-style'><\/span><\/span><\/div><\/p>\n<div  class='av-social-sharing-box  avia-builder-el-7  el_after_av_hr  el_before_av_hr  '><div class='av-share-box'><h5 class='av-share-link-description av-no-toc '>Compartir esta noticia<\/h5><ul class='av-share-box-list noLightbox'><li class='av-share-link av-social-link-facebook' ><a target=\"_blank\" aria-label=\"Compartir en Facebook\" href='https:\/\/www.facebook.com\/sharer.php?u=https:\/\/radiorevelacionfm.cl\/?p=51152&#038;t=Festivales%20del%20R%C3%ADo%20Baker%20y%20de%20la%20Cosecha%3A%20Las%20opciones%20sustentables%20del%20Chelenko%20para%20el%20turismo%20de%20baja%20temporada' aria-hidden='false' data-av_icon='\ue8f3' data-av_iconfont='entypo-fontello' title='' data-avia-related-tooltip='Compartir en Facebook' rel=\"noopener\"><span class='avia_hidden_link_text'>Compartir en Facebook<\/span><\/a><\/li><li class='av-share-link av-social-link-twitter' ><a target=\"_blank\" aria-label=\"Compartir en Twitter\" href='https:\/\/twitter.com\/share?text=Festivales%20del%20R%C3%ADo%20Baker%20y%20de%20la%20Cosecha%3A%20Las%20opciones%20sustentables%20del%20Chelenko%20para%20el%20turismo%20de%20baja%20temporada&#038;url=https:\/\/radiorevelacionfm.cl\/?p=51152' aria-hidden='false' data-av_icon='\ue8f1' data-av_iconfont='entypo-fontello' title='' data-avia-related-tooltip='Compartir en Twitter' rel=\"noopener\"><span class='avia_hidden_link_text'>Compartir en Twitter<\/span><\/a><\/li><li class='av-share-link av-social-link-whatsapp' ><a target=\"_blank\" aria-label=\"Compartir en Whatsapp\" href='https:\/\/api.whatsapp.com\/send?text=https:\/\/radiorevelacionfm.cl\/?p=51152' aria-hidden='false' data-av_icon='\uf232' data-av_iconfont='entypo-fontello' title='' data-avia-related-tooltip='Compartir en Whatsapp' rel=\"noopener\"><span class='avia_hidden_link_text'>Compartir en Whatsapp<\/span><\/a><\/li><li class='av-share-link av-social-link-linkedin' ><a target=\"_blank\" aria-label=\"Compartir en LinkedIn\" href='https:\/\/linkedin.com\/shareArticle?mini=true&#038;title=Festivales%20del%20R%C3%ADo%20Baker%20y%20de%20la%20Cosecha%3A%20Las%20opciones%20sustentables%20del%20Chelenko%20para%20el%20turismo%20de%20baja%20temporada&#038;url=https:\/\/radiorevelacionfm.cl\/?p=51152' aria-hidden='false' data-av_icon='\ue8fc' data-av_iconfont='entypo-fontello' title='' data-avia-related-tooltip='Compartir en LinkedIn' rel=\"noopener\"><span class='avia_hidden_link_text'>Compartir en LinkedIn<\/span><\/a><\/li><li class='av-share-link av-social-link-mail' ><a  aria-label=\"Compartir por correo\" href='mailto:?subject=Festivales%20del%20R%C3%ADo%20Baker%20y%20de%20la%20Cosecha%3A%20Las%20opciones%20sustentables%20del%20Chelenko%20para%20el%20turismo%20de%20baja%20temporada&#038;body=https:\/\/radiorevelacionfm.cl\/?p=51152' aria-hidden='false' data-av_icon='\ue805' data-av_iconfont='entypo-fontello' title='' data-avia-related-tooltip='Compartir por correo'><span class='avia_hidden_link_text'>Compartir por correo<\/span><\/a><\/li><\/ul><\/div><\/div>\n<div  style='height:50px' class='hr hr-invisible   avia-builder-el-8  el_after_av_social_share  el_before_av_comments_list '><span class='hr-inner ' ><span class='hr-inner-style'><\/span><\/span><\/div>\n<div  class='av-buildercomment  av-blog-meta-html-info-disabled av-blog-meta-tag-disabled  '><\/div>\n","protected":false},"excerpt":{"rendered":"","protected":false},"author":1,"featured_media":51153,"comment_status":"open","ping_status":"open","sticky":false,"template":"","format":"standard","meta":{"footnotes":""},"categories":[38],"tags":[],"class_list":["post-51152","post","type-post","status-publish","format-standard","has-post-thumbnail","hentry","category-regional"],"jetpack_featured_media_url":"https:\/\/radiorevelacionfm.cl\/wp-content\/uploads\/2025\/03\/Contexto-Festival-de-la-Cosecha-4-1-1.jpg","_links":{"self":[{"href":"https:\/\/radiorevelacionfm.cl\/index.php?rest_route=\/wp\/v2\/posts\/51152","targetHints":{"allow":["GET"]}}],"collection":[{"href":"https:\/\/radiorevelacionfm.cl\/index.php?rest_route=\/wp\/v2\/posts"}],"about":[{"href":"https:\/\/radiorevelacionfm.cl\/index.php?rest_route=\/wp\/v2\/types\/post"}],"author":[{"embeddable":true,"href":"https:\/\/radiorevelacionfm.cl\/index.php?rest_route=\/wp\/v2\/users\/1"}],"replies":[{"embeddable":true,"href":"https:\/\/radiorevelacionfm.cl\/index.php?rest_route=%2Fwp%2Fv2%2Fcomments&post=51152"}],"version-history":[{"count":1,"href":"https:\/\/radiorevelacionfm.cl\/index.php?rest_route=\/wp\/v2\/posts\/51152\/revisions"}],"predecessor-version":[{"id":51154,"href":"https:\/\/radiorevelacionfm.cl\/index.php?rest_route=\/wp\/v2\/posts\/51152\/revisions\/51154"}],"wp:featuredmedia":[{"embeddable":true,"href":"https:\/\/radiorevelacionfm.cl\/index.php?rest_route=\/wp\/v2\/media\/51153"}],"wp:attachment":[{"href":"https:\/\/radiorevelacionfm.cl\/index.php?rest_route=%2Fwp%2Fv2%2Fmedia&parent=51152"}],"wp:term":[{"taxonomy":"category","embeddable":true,"href":"https:\/\/radiorevelacionfm.cl\/index.php?rest_route=%2Fwp%2Fv2%2Fcategories&post=51152"},{"taxonomy":"post_tag","embeddable":true,"href":"https:\/\/radiorevelacionfm.cl\/index.php?rest_route=%2Fwp%2Fv2%2Ftags&post=51152"}],"curies":[{"name":"wp","href":"https:\/\/api.w.org\/{rel}","templated":true}]}}