{"id":51149,"date":"2025-03-06T09:52:17","date_gmt":"2025-03-06T12:52:17","guid":{"rendered":"https:\/\/radiorevelacionfm.cl\/?p=51149"},"modified":"2025-03-06T09:52:17","modified_gmt":"2025-03-06T12:52:17","slug":"chile-chico-vivio-su-primer-festival-de-deportes-al-aire-libre-con-gran-participacion-y-entrega-de-equipamiento-a-organizaciones","status":"publish","type":"post","link":"https:\/\/radiorevelacionfm.cl\/?p=51149","title":{"rendered":"Chile Chico vivi\u00f3 su Primer Festival de Deportes al Aire Libre con gran participaci\u00f3n y entrega de equipamiento a organizaciones"},"content":{"rendered":"<div class=\"flex_column av_one_full  flex_column_div av-zero-column-padding first  avia-builder-el-0  el_before_av_one_full  avia-builder-el-first  \" style='border-radius:0px; '><div  class='avia-image-container  av-styling-    avia-builder-el-1  avia-builder-el-no-sibling  avia-align-center '  itemprop=\"image\" itemscope=\"itemscope\" itemtype=\"https:\/\/schema.org\/ImageObject\"  ><div class='avia-image-container-inner'><div class='avia-image-overlay-wrap'><img decoding=\"async\" class='wp-image-51150 avia-img-lazy-loading-not-51150 avia_image' src=\"https:\/\/radiorevelacionfm.cl\/wp-content\/uploads\/2025\/03\/whatsapp-image-2025-03-02-at-3_optimized.06.23-pm-1-1.jpeg\" alt='' title='whatsapp-image-2025-03-02-at-3_optimized.06.23-pm-(1) (1)' height=\"622\" width=\"800\"  itemprop=\"thumbnailUrl\" srcset=\"https:\/\/radiorevelacionfm.cl\/wp-content\/uploads\/2025\/03\/whatsapp-image-2025-03-02-at-3_optimized.06.23-pm-1-1.jpeg 800w, https:\/\/radiorevelacionfm.cl\/wp-content\/uploads\/2025\/03\/whatsapp-image-2025-03-02-at-3_optimized.06.23-pm-1-1-300x233.jpeg 300w, https:\/\/radiorevelacionfm.cl\/wp-content\/uploads\/2025\/03\/whatsapp-image-2025-03-02-at-3_optimized.06.23-pm-1-1-768x597.jpeg 768w, https:\/\/radiorevelacionfm.cl\/wp-content\/uploads\/2025\/03\/whatsapp-image-2025-03-02-at-3_optimized.06.23-pm-1-1-705x548.jpeg 705w, https:\/\/radiorevelacionfm.cl\/wp-content\/uploads\/2025\/03\/whatsapp-image-2025-03-02-at-3_optimized.06.23-pm-1-1-450x350.jpeg 450w, https:\/\/radiorevelacionfm.cl\/wp-content\/uploads\/2025\/03\/whatsapp-image-2025-03-02-at-3_optimized.06.23-pm-1-1-600x467.jpeg 600w\" sizes=\"(max-width: 800px) 100vw, 800px\" \/><\/div><\/div><\/div><\/div><div class=\"flex_column av_one_full  flex_column_div av-zero-column-padding first  avia-builder-el-2  el_after_av_one_full  el_before_av_one_full  column-top-margin\" style='border-radius:0px; '><section class=\"av_textblock_section \"  itemscope=\"itemscope\" itemtype=\"https:\/\/schema.org\/BlogPosting\" itemprop=\"blogPost\" ><div class='avia_textblock  '   itemprop=\"text\" ><p style=\"text-align: center;\"><strong><span style=\"font-size: 18pt;\">Chile Chico vivi\u00f3 su Primer Festival de Deportes al Aire Libre con gran participaci\u00f3n y entrega de equipamiento a organizaciones<\/span><\/strong><\/p>\n<div id=\"gtx-trans\" style=\"position: absolute; left: -50px; top: 4.31534px;\">\n<div class=\"gtx-trans-icon\"><\/div>\n<\/div>\n<\/div><\/section><\/div><div class=\"flex_column av_one_full  flex_column_div av-zero-column-padding first  avia-builder-el-4  el_after_av_one_full  el_before_av_hr  column-top-margin\" style='border-radius:0px; '><section class=\"av_textblock_section \"  itemscope=\"itemscope\" itemtype=\"https:\/\/schema.org\/BlogPosting\" itemprop=\"blogPost\" ><div class='avia_textblock  '   itemprop=\"text\" ><p style=\"text-align: justify;\">Chile Chico celebr\u00f3 este fin de semana su Primer Festival de Deportes al Aire Libre, un evento organizado por la Municipalidad que reuni\u00f3 a la comunidad y visitantes en torno a diversas disciplinas deportivas en un entorno natural privilegiado. Adem\u00e1s de fomentar la actividad f\u00edsica, el d\u00eda previo al inicio del festival, el alcalde Ariel Keim entreg\u00f3 equipamiento deportivo a diversas organizaciones locales para fortalecer su desarrollo y participaci\u00f3n en futuras actividades.<\/p>\n<p style=\"text-align: justify;\">El evento incluy\u00f3 una amplia variedad de actividades deportivas, destac\u00e1ndose el trekking hacia Playa Bonita, donde los participantes pudieron disfrutar del espectacular paisaje a orillas del Lago General Carrera. Adem\u00e1s, se llevaron a cabo rutas de kayak, permitiendo a los deportistas recorrer la majestuosidad del lago y fortalecer esta disciplina n\u00e1utica en la localidad.<\/p>\n<p style=\"text-align: justify;\">El ciclismo tambi\u00e9n tuvo un espacio destacado, congregando a deportistas locales y de otras comunas, incluyendo la presencia de invitados de Los Antiguos, Argentina, lo que reafirma los lazos deportivos y culturales entre ambas localidades. Asimismo, uno de los momentos m\u00e1s esperados fue el torneo de pesca embarcada, que cont\u00f3 tambi\u00e9n con la participaci\u00f3n de pescadores de Los Antiguos. En esta competencia, Jorge Rojas se coron\u00f3 campe\u00f3n tras capturar un salm\u00f3n de 4,8 kilos, un logro significativo tanto para \u00e9l como para la comunidad.<\/p>\n<p style=\"text-align: justify;\">Otra actividad relevante fue la escalada deportiva, organizada por el Club Andino Chile Chico en el Cerro Azul. Esta iniciativa promueve el deporte de monta\u00f1a y el contacto con la naturaleza, en sinton\u00eda con la identidad local.<\/p>\n<p style=\"text-align: justify;\">El alcalde Ariel Keim destac\u00f3 la importancia del festival no solo como un espacio de competencia, sino como una instancia de uni\u00f3n comunitaria y promoci\u00f3n del entorno natural de la comuna. \u00abEste evento nos permiti\u00f3 poner a prueba las habilidades de nuestros deportistas, fortalecer el v\u00ednculo entre la comunidad y nuestros visitantes, y acercarnos a nuestra naturaleza. Hemos demostrado que Chile Chico tiene un enorme potencial para el desarrollo de deportes al aire libre y seguiremos impulsando estas iniciativas\u00bb, se\u00f1al\u00f3.<\/p>\n<p style=\"text-align: justify;\">Sobre la entrega de implementos deportivos, Keim agreg\u00f3: \u00abNuestro compromiso con el deporte es permanente. La entrega de equipamiento a nuestras agrupaciones deportivas busca potenciar su desarrollo y darles las herramientas necesarias para que sigan creciendo y participando activamente en estos eventos\u00bb.<\/p>\n<p style=\"text-align: justify;\">El evento fue calificado como un \u00e9xito tanto por organizadores como por participantes, consolid\u00e1ndose como una instancia de promoci\u00f3n del deporte, el trabajo en equipo y la vida saludable. Desde la Municipalidad de Chile Chico se adelant\u00f3 que este festival es solo el inicio de una serie de iniciativas para seguir incentivando la actividad f\u00edsica en todas sus disciplinas y fortalecer la cohesi\u00f3n social en la comunidad. \u00abEsto es solo el comienzo, vienen muchas m\u00e1s actividades deportivas en nuestras distintas localidades, siempre con el objetivo de seguir promoviendo la actividad f\u00edsica y la uni\u00f3n de nuestra comunidad\u00bb, concluy\u00f3 el alcalde.<\/p>\n<\/div><\/section><\/div><div  style='height:50px' class='hr hr-invisible   avia-builder-el-6  el_after_av_one_full  el_before_av_social_share '><span class='hr-inner ' ><span class='hr-inner-style'><\/span><\/span><\/div><\/p>\n<div  class='av-social-sharing-box  avia-builder-el-7  el_after_av_hr  el_before_av_hr  '><div class='av-share-box'><h5 class='av-share-link-description av-no-toc '>Compartir esta noticia<\/h5><ul class='av-share-box-list noLightbox'><li class='av-share-link av-social-link-facebook' ><a target=\"_blank\" aria-label=\"Compartir en Facebook\" href='https:\/\/www.facebook.com\/sharer.php?u=https:\/\/radiorevelacionfm.cl\/?p=51149&#038;t=Chile%20Chico%20vivi%C3%B3%20su%20Primer%20Festival%20de%20Deportes%20al%20Aire%20Libre%20con%20gran%20participaci%C3%B3n%20y%20entrega%20de%20equipamiento%20a%20organizaciones' aria-hidden='false' data-av_icon='\ue8f3' data-av_iconfont='entypo-fontello' title='' data-avia-related-tooltip='Compartir en Facebook' rel=\"noopener\"><span class='avia_hidden_link_text'>Compartir en Facebook<\/span><\/a><\/li><li class='av-share-link av-social-link-twitter' ><a target=\"_blank\" aria-label=\"Compartir en Twitter\" href='https:\/\/twitter.com\/share?text=Chile%20Chico%20vivi%C3%B3%20su%20Primer%20Festival%20de%20Deportes%20al%20Aire%20Libre%20con%20gran%20participaci%C3%B3n%20y%20entrega%20de%20equipamiento%20a%20organizaciones&#038;url=https:\/\/radiorevelacionfm.cl\/?p=51149' aria-hidden='false' data-av_icon='\ue8f1' data-av_iconfont='entypo-fontello' title='' data-avia-related-tooltip='Compartir en Twitter' rel=\"noopener\"><span class='avia_hidden_link_text'>Compartir en Twitter<\/span><\/a><\/li><li class='av-share-link av-social-link-whatsapp' ><a target=\"_blank\" aria-label=\"Compartir en Whatsapp\" href='https:\/\/api.whatsapp.com\/send?text=https:\/\/radiorevelacionfm.cl\/?p=51149' aria-hidden='false' data-av_icon='\uf232' data-av_iconfont='entypo-fontello' title='' data-avia-related-tooltip='Compartir en Whatsapp' rel=\"noopener\"><span class='avia_hidden_link_text'>Compartir en Whatsapp<\/span><\/a><\/li><li class='av-share-link av-social-link-linkedin' ><a target=\"_blank\" aria-label=\"Compartir en LinkedIn\" href='https:\/\/linkedin.com\/shareArticle?mini=true&#038;title=Chile%20Chico%20vivi%C3%B3%20su%20Primer%20Festival%20de%20Deportes%20al%20Aire%20Libre%20con%20gran%20participaci%C3%B3n%20y%20entrega%20de%20equipamiento%20a%20organizaciones&#038;url=https:\/\/radiorevelacionfm.cl\/?p=51149' aria-hidden='false' data-av_icon='\ue8fc' data-av_iconfont='entypo-fontello' title='' data-avia-related-tooltip='Compartir en LinkedIn' rel=\"noopener\"><span class='avia_hidden_link_text'>Compartir en LinkedIn<\/span><\/a><\/li><li class='av-share-link av-social-link-mail' ><a  aria-label=\"Compartir por correo\" href='mailto:?subject=Chile%20Chico%20vivi%C3%B3%20su%20Primer%20Festival%20de%20Deportes%20al%20Aire%20Libre%20con%20gran%20participaci%C3%B3n%20y%20entrega%20de%20equipamiento%20a%20organizaciones&#038;body=https:\/\/radiorevelacionfm.cl\/?p=51149' aria-hidden='false' data-av_icon='\ue805' data-av_iconfont='entypo-fontello' title='' data-avia-related-tooltip='Compartir por correo'><span class='avia_hidden_link_text'>Compartir por correo<\/span><\/a><\/li><\/ul><\/div><\/div>\n<div  style='height:50px' class='hr hr-invisible   avia-builder-el-8  el_after_av_social_share  el_before_av_comments_list '><span class='hr-inner ' ><span class='hr-inner-style'><\/span><\/span><\/div>\n<div  class='av-buildercomment  av-blog-meta-html-info-disabled av-blog-meta-tag-disabled  '><\/div>\n","protected":false},"excerpt":{"rendered":"","protected":false},"author":1,"featured_media":51150,"comment_status":"open","ping_status":"open","sticky":false,"template":"","format":"standard","meta":{"footnotes":""},"categories":[38],"tags":[],"class_list":["post-51149","post","type-post","status-publish","format-standard","has-post-thumbnail","hentry","category-regional"],"jetpack_featured_media_url":"https:\/\/radiorevelacionfm.cl\/wp-content\/uploads\/2025\/03\/whatsapp-image-2025-03-02-at-3_optimized.06.23-pm-1-1.jpeg","_links":{"self":[{"href":"https:\/\/radiorevelacionfm.cl\/index.php?rest_route=\/wp\/v2\/posts\/51149","targetHints":{"allow":["GET"]}}],"collection":[{"href":"https:\/\/radiorevelacionfm.cl\/index.php?rest_route=\/wp\/v2\/posts"}],"about":[{"href":"https:\/\/radiorevelacionfm.cl\/index.php?rest_route=\/wp\/v2\/types\/post"}],"author":[{"embeddable":true,"href":"https:\/\/radiorevelacionfm.cl\/index.php?rest_route=\/wp\/v2\/users\/1"}],"replies":[{"embeddable":true,"href":"https:\/\/radiorevelacionfm.cl\/index.php?rest_route=%2Fwp%2Fv2%2Fcomments&post=51149"}],"version-history":[{"count":1,"href":"https:\/\/radiorevelacionfm.cl\/index.php?rest_route=\/wp\/v2\/posts\/51149\/revisions"}],"predecessor-version":[{"id":51151,"href":"https:\/\/radiorevelacionfm.cl\/index.php?rest_route=\/wp\/v2\/posts\/51149\/revisions\/51151"}],"wp:featuredmedia":[{"embeddable":true,"href":"https:\/\/radiorevelacionfm.cl\/index.php?rest_route=\/wp\/v2\/media\/51150"}],"wp:attachment":[{"href":"https:\/\/radiorevelacionfm.cl\/index.php?rest_route=%2Fwp%2Fv2%2Fmedia&parent=51149"}],"wp:term":[{"taxonomy":"category","embeddable":true,"href":"https:\/\/radiorevelacionfm.cl\/index.php?rest_route=%2Fwp%2Fv2%2Fcategories&post=51149"},{"taxonomy":"post_tag","embeddable":true,"href":"https:\/\/radiorevelacionfm.cl\/index.php?rest_route=%2Fwp%2Fv2%2Ftags&post=51149"}],"curies":[{"name":"wp","href":"https:\/\/api.w.org\/{rel}","templated":true}]}}