{"id":51146,"date":"2025-03-05T20:05:22","date_gmt":"2025-03-05T23:05:22","guid":{"rendered":"https:\/\/radiorevelacionfm.cl\/?p=51146"},"modified":"2025-03-05T20:05:22","modified_gmt":"2025-03-05T23:05:22","slug":"anuncian-licitacion-del-diseno-y-construccion-de-nave-que-operara-en-el-lago-ohiggins","status":"publish","type":"post","link":"https:\/\/radiorevelacionfm.cl\/?p=51146","title":{"rendered":"Anuncian licitaci\u00f3n del dise\u00f1o y construcci\u00f3n de nave que operar\u00e1 en el Lago O\u00b4higgins"},"content":{"rendered":"<div class=\"flex_column av_one_full  flex_column_div av-zero-column-padding first  avia-builder-el-0  el_before_av_one_full  avia-builder-el-first  \" style='border-radius:0px; '><div  class='avia-image-container  av-styling-    avia-builder-el-1  avia-builder-el-no-sibling  avia-align-center '  itemprop=\"image\" itemscope=\"itemscope\" itemtype=\"https:\/\/schema.org\/ImageObject\"  ><div class='avia-image-container-inner'><div class='avia-image-overlay-wrap'><img decoding=\"async\" class='wp-image-51147 avia-img-lazy-loading-not-51147 avia_image' src=\"https:\/\/radiorevelacionfm.cl\/wp-content\/uploads\/2025\/03\/img_9761-1-1_optimized-1.jpg\" alt='' title='img_9761-(1)-(1)_optimized (1)' height=\"600\" width=\"900\"  itemprop=\"thumbnailUrl\" srcset=\"https:\/\/radiorevelacionfm.cl\/wp-content\/uploads\/2025\/03\/img_9761-1-1_optimized-1.jpg 900w, https:\/\/radiorevelacionfm.cl\/wp-content\/uploads\/2025\/03\/img_9761-1-1_optimized-1-300x200.jpg 300w, https:\/\/radiorevelacionfm.cl\/wp-content\/uploads\/2025\/03\/img_9761-1-1_optimized-1-768x512.jpg 768w, https:\/\/radiorevelacionfm.cl\/wp-content\/uploads\/2025\/03\/img_9761-1-1_optimized-1-705x470.jpg 705w, https:\/\/radiorevelacionfm.cl\/wp-content\/uploads\/2025\/03\/img_9761-1-1_optimized-1-450x300.jpg 450w, https:\/\/radiorevelacionfm.cl\/wp-content\/uploads\/2025\/03\/img_9761-1-1_optimized-1-600x400.jpg 600w\" sizes=\"(max-width: 900px) 100vw, 900px\" \/><\/div><\/div><\/div><\/div><div class=\"flex_column av_one_full  flex_column_div av-zero-column-padding first  avia-builder-el-2  el_after_av_one_full  el_before_av_one_full  column-top-margin\" style='border-radius:0px; '><section class=\"av_textblock_section \"  itemscope=\"itemscope\" itemtype=\"https:\/\/schema.org\/BlogPosting\" itemprop=\"blogPost\" ><div class='avia_textblock  '   itemprop=\"text\" ><p style=\"text-align: center;\"><strong><span style=\"font-size: 18pt;\">Anuncian licitaci\u00f3n del dise\u00f1o y construcci\u00f3n de nave que operar\u00e1 en el Lago O\u00b4higgins<\/span><\/strong><\/p>\n<div id=\"gtx-trans\" style=\"position: absolute; left: -50px; top: 4.31534px;\">\n<div class=\"gtx-trans-icon\"><\/div>\n<\/div>\n<\/div><\/section><\/div><div class=\"flex_column av_one_full  flex_column_div av-zero-column-padding first  avia-builder-el-4  el_after_av_one_full  el_before_av_hr  column-top-margin\" style='border-radius:0px; '><section class=\"av_textblock_section \"  itemscope=\"itemscope\" itemtype=\"https:\/\/schema.org\/BlogPosting\" itemprop=\"blogPost\" ><div class='avia_textblock  '   itemprop=\"text\" ><p style=\"text-align: justify;\"><em>Gobierno del presidente Gabriel Boric cumple compromiso con la comunidad. Hoy 05 de marzo public\u00f3 licitaci\u00f3n, iniciando proceso y llamado a astilleros a sumarse y participar en la materializaci\u00f3n de esta iniciativa que mejorar\u00e1 las condiciones de conectividad de vecinas y vecinos del lago O\u00b4Higgins y comunidad de la zona m\u00e1s austral de la regi\u00f3n de Ays\u00e9n.<\/em><\/p>\n<p style=\"text-align: justify;\">La Secretaria Regional Ministerial de Obras P\u00fablicas, Paloma Jara Vald\u00e9s, junto al Director Regional de Obras Portuarias del MOP, \u00c1lvaro D\u00edaz Contreras hoy anunciaron la licitaci\u00f3n del dise\u00f1o y construcci\u00f3n de la nave que operar\u00e1 en el Lago O\u00b4Higgins.<\/p>\n<p style=\"text-align: justify;\">\u201cHoy fue publicada la licitaci\u00f3n del dise\u00f1o y construcci\u00f3n de esta esperada embarcaci\u00f3n. Nuestra Direcci\u00f3n Regional de Obras Portuarias sac\u00f3 adelante esta iniciativa, que est\u00e1 enmarcada en el Plan de Conectividad Regional y que beneficia a la comunidad de la cuenca del Lago O\u00b4Higgins y a todos los y las habitantes de nuestra regi\u00f3n, cumpliendo con ello nuestro compromiso con la comunidad. Este es un proyecto que busca mejorar la conectividad al interior del lago O\u00b4Higgins, es una Barcaza que considera entre sus caracter\u00edsticas la carga vehicular, transporte de pasajeros y en la eventualidad que se requiera traslado de animales, y significa un importante avance en la conectividad del Lago O\u00b4Higgins, porque viene a mejorar la calidad de vida de todos los habitantes de la cuenca del Lago. Hace un tiempo atr\u00e1s, estuvimos junto al Director de Obras Portuarias efectuando un recorrido por todo el Lago inform\u00e1ndoles a sus habitantes que se realizar\u00eda esta iniciativa, y nos dieron su aprobaci\u00f3n para que podamos contar con una nueva embarcaci\u00f3n, as\u00ed que tenemos 12 lugares dentro de la cuenca del Lago O\u00b4Higgins en donde la embarcaci\u00f3n podr\u00eda recalar, por lo tanto va a beneficiar a toda la comuna y mejorar la conectividad y las condiciones para el turismo y para la socioproductividad que tiene el Lago O\u00b4Higgins\u201d, afirm\u00f3 la SEREMI del MOP.<\/p>\n<p style=\"text-align: justify;\">Este proceso de licitaci\u00f3n tendr\u00e1 una duraci\u00f3n de entre 4 a 6 meses, el equipo de la Direcci\u00f3n Regional de Obras Portuarias\u00a0 estar\u00e1 atento a las consultas de los y las oferentes para obtener la mayor cantidad de participantes en esta licitaci\u00f3n, as\u00ed que invitamos a los astilleros, a realizar sus consultas desde el 06 al 21 de marzo; y a participar en las aperturas de las Ofertas T\u00e9cnicas\u00a0 y Econ\u00f3micas que se efectuar\u00e1n durante el primer semestre del a\u00f1o en curso, fechas y plazos que pueden encontrar en el sitio Mercado P\u00fablico.<\/p>\n<p style=\"text-align: justify;\">Con esta iniciativa, indic\u00f3 el Director Regional de Obras Portuarias \u00c1lvaro D\u00edaz Contreras \u201cse espera contar con un dise\u00f1o de una embarcaci\u00f3n que considere una eslora de aproximadamente 18 a 20 metros, una manga de 6 metros, habitabilidad para pasajeros y para la tripulaci\u00f3n; que tambi\u00e9n incorpore rejas o barandas para el transporte de ganado, y que alcance una velocidad de navegaci\u00f3n de 10 nudos, todo lo que es parte de los requerimientos que se encuentran en las bases de licitaci\u00f3n. En el actual sistema de conectividad que existe en el lago O\u00b4Higgins en donde opera la Barcaza Integraci\u00f3n, tiene bastantes a\u00f1os, y como equipo de la Direcci\u00f3n de Obras Portuarias hemos prestado asesor\u00eda a la Municipalidad para que est\u00e9 operativa la embarcaci\u00f3n, pero tenemos el compromiso de construir una nueva nave y la construiremos en la orilla del Lago O\u00b4Higgins, en Bah\u00eda Bahamonde para disponer prontamente de la embarcaci\u00f3n navegando en el Lago\u201d.<\/p>\n<\/div><\/section><\/div><div  style='height:50px' class='hr hr-invisible   avia-builder-el-6  el_after_av_one_full  el_before_av_social_share '><span class='hr-inner ' ><span class='hr-inner-style'><\/span><\/span><\/div><\/p>\n<div  class='av-social-sharing-box  avia-builder-el-7  el_after_av_hr  el_before_av_hr  '><div class='av-share-box'><h5 class='av-share-link-description av-no-toc '>Compartir esta noticia<\/h5><ul class='av-share-box-list noLightbox'><li class='av-share-link av-social-link-facebook' ><a target=\"_blank\" aria-label=\"Compartir en Facebook\" href='https:\/\/www.facebook.com\/sharer.php?u=https:\/\/radiorevelacionfm.cl\/?p=51146&#038;t=Anuncian%20licitaci%C3%B3n%20del%20dise%C3%B1o%20y%20construcci%C3%B3n%20de%20nave%20que%20operar%C3%A1%20en%20el%20Lago%20O%C2%B4higgins' aria-hidden='false' data-av_icon='\ue8f3' data-av_iconfont='entypo-fontello' title='' data-avia-related-tooltip='Compartir en Facebook' rel=\"noopener\"><span class='avia_hidden_link_text'>Compartir en Facebook<\/span><\/a><\/li><li class='av-share-link av-social-link-twitter' ><a target=\"_blank\" aria-label=\"Compartir en Twitter\" href='https:\/\/twitter.com\/share?text=Anuncian%20licitaci%C3%B3n%20del%20dise%C3%B1o%20y%20construcci%C3%B3n%20de%20nave%20que%20operar%C3%A1%20en%20el%20Lago%20O%C2%B4higgins&#038;url=https:\/\/radiorevelacionfm.cl\/?p=51146' aria-hidden='false' data-av_icon='\ue8f1' data-av_iconfont='entypo-fontello' title='' data-avia-related-tooltip='Compartir en Twitter' rel=\"noopener\"><span class='avia_hidden_link_text'>Compartir en Twitter<\/span><\/a><\/li><li class='av-share-link av-social-link-whatsapp' ><a target=\"_blank\" aria-label=\"Compartir en Whatsapp\" href='https:\/\/api.whatsapp.com\/send?text=https:\/\/radiorevelacionfm.cl\/?p=51146' aria-hidden='false' data-av_icon='\uf232' data-av_iconfont='entypo-fontello' title='' data-avia-related-tooltip='Compartir en Whatsapp' rel=\"noopener\"><span class='avia_hidden_link_text'>Compartir en Whatsapp<\/span><\/a><\/li><li class='av-share-link av-social-link-linkedin' ><a target=\"_blank\" aria-label=\"Compartir en LinkedIn\" href='https:\/\/linkedin.com\/shareArticle?mini=true&#038;title=Anuncian%20licitaci%C3%B3n%20del%20dise%C3%B1o%20y%20construcci%C3%B3n%20de%20nave%20que%20operar%C3%A1%20en%20el%20Lago%20O%C2%B4higgins&#038;url=https:\/\/radiorevelacionfm.cl\/?p=51146' aria-hidden='false' data-av_icon='\ue8fc' data-av_iconfont='entypo-fontello' title='' data-avia-related-tooltip='Compartir en LinkedIn' rel=\"noopener\"><span class='avia_hidden_link_text'>Compartir en LinkedIn<\/span><\/a><\/li><li class='av-share-link av-social-link-mail' ><a  aria-label=\"Compartir por correo\" href='mailto:?subject=Anuncian%20licitaci%C3%B3n%20del%20dise%C3%B1o%20y%20construcci%C3%B3n%20de%20nave%20que%20operar%C3%A1%20en%20el%20Lago%20O%C2%B4higgins&#038;body=https:\/\/radiorevelacionfm.cl\/?p=51146' aria-hidden='false' data-av_icon='\ue805' data-av_iconfont='entypo-fontello' title='' data-avia-related-tooltip='Compartir por correo'><span class='avia_hidden_link_text'>Compartir por correo<\/span><\/a><\/li><\/ul><\/div><\/div>\n<div  style='height:50px' class='hr hr-invisible   avia-builder-el-8  el_after_av_social_share  el_before_av_comments_list '><span class='hr-inner ' ><span class='hr-inner-style'><\/span><\/span><\/div>\n<div  class='av-buildercomment  av-blog-meta-html-info-disabled av-blog-meta-tag-disabled  '><\/div>\n","protected":false},"excerpt":{"rendered":"","protected":false},"author":1,"featured_media":51147,"comment_status":"open","ping_status":"open","sticky":false,"template":"","format":"standard","meta":{"footnotes":""},"categories":[38],"tags":[],"class_list":["post-51146","post","type-post","status-publish","format-standard","has-post-thumbnail","hentry","category-regional"],"jetpack_featured_media_url":"https:\/\/radiorevelacionfm.cl\/wp-content\/uploads\/2025\/03\/img_9761-1-1_optimized-1.jpg","_links":{"self":[{"href":"https:\/\/radiorevelacionfm.cl\/index.php?rest_route=\/wp\/v2\/posts\/51146","targetHints":{"allow":["GET"]}}],"collection":[{"href":"https:\/\/radiorevelacionfm.cl\/index.php?rest_route=\/wp\/v2\/posts"}],"about":[{"href":"https:\/\/radiorevelacionfm.cl\/index.php?rest_route=\/wp\/v2\/types\/post"}],"author":[{"embeddable":true,"href":"https:\/\/radiorevelacionfm.cl\/index.php?rest_route=\/wp\/v2\/users\/1"}],"replies":[{"embeddable":true,"href":"https:\/\/radiorevelacionfm.cl\/index.php?rest_route=%2Fwp%2Fv2%2Fcomments&post=51146"}],"version-history":[{"count":1,"href":"https:\/\/radiorevelacionfm.cl\/index.php?rest_route=\/wp\/v2\/posts\/51146\/revisions"}],"predecessor-version":[{"id":51148,"href":"https:\/\/radiorevelacionfm.cl\/index.php?rest_route=\/wp\/v2\/posts\/51146\/revisions\/51148"}],"wp:featuredmedia":[{"embeddable":true,"href":"https:\/\/radiorevelacionfm.cl\/index.php?rest_route=\/wp\/v2\/media\/51147"}],"wp:attachment":[{"href":"https:\/\/radiorevelacionfm.cl\/index.php?rest_route=%2Fwp%2Fv2%2Fmedia&parent=51146"}],"wp:term":[{"taxonomy":"category","embeddable":true,"href":"https:\/\/radiorevelacionfm.cl\/index.php?rest_route=%2Fwp%2Fv2%2Fcategories&post=51146"},{"taxonomy":"post_tag","embeddable":true,"href":"https:\/\/radiorevelacionfm.cl\/index.php?rest_route=%2Fwp%2Fv2%2Ftags&post=51146"}],"curies":[{"name":"wp","href":"https:\/\/api.w.org\/{rel}","templated":true}]}}