{"id":51140,"date":"2025-03-05T18:11:45","date_gmt":"2025-03-05T21:11:45","guid":{"rendered":"https:\/\/radiorevelacionfm.cl\/?p=51140"},"modified":"2025-03-05T18:11:45","modified_gmt":"2025-03-05T21:11:45","slug":"comunidad-de-islas-huichas-cerro-su-aniversario-con-feria-y-una-gran-fiesta","status":"publish","type":"post","link":"https:\/\/radiorevelacionfm.cl\/?p=51140","title":{"rendered":"Comunidad de Islas Huichas cerr\u00f3 su aniversario con feria y una gran fiesta"},"content":{"rendered":"<div class=\"flex_column av_one_full  flex_column_div av-zero-column-padding first  avia-builder-el-0  el_before_av_one_full  avia-builder-el-first  \" style='border-radius:0px; '><div  class='avia-image-container  av-styling-    avia-builder-el-1  avia-builder-el-no-sibling  avia-align-center '  itemprop=\"image\" itemscope=\"itemscope\" itemtype=\"https:\/\/schema.org\/ImageObject\"  ><div class='avia-image-container-inner'><div class='avia-image-overlay-wrap'><img decoding=\"async\" class='wp-image-51141 avia-img-lazy-loading-not-51141 avia_image' src=\"https:\/\/radiorevelacionfm.cl\/wp-content\/uploads\/2025\/03\/20250227_215218-1-1.jpg\" alt='' title='20250227_215218 (1) (1)' height=\"625\" width=\"803\"  itemprop=\"thumbnailUrl\" srcset=\"https:\/\/radiorevelacionfm.cl\/wp-content\/uploads\/2025\/03\/20250227_215218-1-1.jpg 803w, https:\/\/radiorevelacionfm.cl\/wp-content\/uploads\/2025\/03\/20250227_215218-1-1-300x233.jpg 300w, https:\/\/radiorevelacionfm.cl\/wp-content\/uploads\/2025\/03\/20250227_215218-1-1-768x598.jpg 768w, https:\/\/radiorevelacionfm.cl\/wp-content\/uploads\/2025\/03\/20250227_215218-1-1-705x549.jpg 705w, https:\/\/radiorevelacionfm.cl\/wp-content\/uploads\/2025\/03\/20250227_215218-1-1-450x350.jpg 450w, https:\/\/radiorevelacionfm.cl\/wp-content\/uploads\/2025\/03\/20250227_215218-1-1-600x467.jpg 600w\" sizes=\"(max-width: 803px) 100vw, 803px\" \/><\/div><\/div><\/div><\/div><div class=\"flex_column av_one_full  flex_column_div av-zero-column-padding first  avia-builder-el-2  el_after_av_one_full  el_before_av_one_full  column-top-margin\" style='border-radius:0px; '><section class=\"av_textblock_section \"  itemscope=\"itemscope\" itemtype=\"https:\/\/schema.org\/BlogPosting\" itemprop=\"blogPost\" ><div class='avia_textblock  '   itemprop=\"text\" ><p style=\"text-align: center;\"><strong><span style=\"font-size: 18pt;\">Comunidad de Islas Huichas cerr\u00f3 su aniversario con feria y una gran fiesta<\/span><\/strong><\/p>\n<div id=\"gtx-trans\" style=\"position: absolute; left: -50px; top: 4.31534px;\">\n<div class=\"gtx-trans-icon\"><\/div>\n<\/div>\n<\/div><\/section><\/div><div class=\"flex_column av_one_full  flex_column_div av-zero-column-padding first  avia-builder-el-4  el_after_av_one_full  el_before_av_hr  column-top-margin\" style='border-radius:0px; '><section class=\"av_textblock_section \"  itemscope=\"itemscope\" itemtype=\"https:\/\/schema.org\/BlogPosting\" itemprop=\"blogPost\" ><div class='avia_textblock  '   itemprop=\"text\" ><p style=\"text-align: justify;\"><em>Luego de dos semanas de eventos, el 83 cumplea\u00f1os de isla Las Huichas finaliz\u00f3 con gran cantidad de adherentes en las actividades convocadas por la Municipalidad de Ays\u00e9n.<\/em><\/p>\n<p style=\"text-align: justify;\">El Certamen de la Reina de la isla, el campeonato de f\u00fatbol, una gincana, juegos para ni\u00f1os, presentaciones folcl\u00f3ricas, bingo, naves engalanadas, <em>Color Dance<\/em>, la Feria Expo, un Pulmay gratuito y las presentaciones de \u201cFurias en Acci\u00f3n\u201d, \u201cLuis G\u00f3mez y su Mambo Patag\u00f3n\u201d y \u201cYonathan y su Banda\u201d; fueron parte de las actividades que trajeron la alegr\u00eda de la fiesta a Isla Las Huichas en su 83 aniversario.<\/p>\n<p style=\"text-align: justify;\">Edith Villarroel, encargada de la Unidad de Cultura de la municipalidad, coment\u00f3 que \u201cnosotros hacemos un an\u00e1lisis positivo de la realizaci\u00f3n de cada una de las actividades enmarcadas en el 83 aniversario de Las Huichas, nosotros intentamos realizar eventos que fueran del gusto y del inter\u00e9s de la comunidad y nos dimos cuenta en la ejecuci\u00f3n; por ejemplo, el bingo es efectivamente es una actividad que a la comunidad le gusta mucho, que sirve para interactuar entre ellos y tambi\u00e9n para disfrutar a trav\u00e9s del juego\u201d.<\/p>\n<p style=\"text-align: justify;\">La Unidad de Cultura en general destaca y agradece a los vecinos y visitantes que fueron a todas las actividades. Entre las tradiciones tambi\u00e9n caus\u00f3 furor en redes sociales el evento de las \u201cNaves Engalanadas\u201d y muchos ped\u00edan que se pueda hacer en Puerto Ays\u00e9n, por lo que la municipalidad no se resta de poder realizar esta actividad en el r\u00edo.<\/p>\n<p style=\"text-align: justify;\">La encargada explic\u00f3 c\u00f3mo fue esta celebraci\u00f3n en Las Huichas \u201cobviamente se cumpli\u00f3 con todos los requisitos que solicit\u00f3 la Armada de acuerdo a la normativa vigente para el uso de los botes. Muchas personas fueron a mirar, fue bien recepcionado, en general, por la comunidad y tambi\u00e9n nos ped\u00edan que no solo realiz\u00e1ramos esa actividad en la isla, sino que tambi\u00e9n pudi\u00e9ramos evaluar realizarla en Puerto Ays\u00e9n. Entonces son instancias que nos permiten ver c\u00f3mo la comunidad va recibiendo las actividades que realizamos y tambi\u00e9n nos permiten proyectar el trabajo que queremos realizar como Municipalidad de Ays\u00e9n a trav\u00e9s de la Unidad de Cultura\u201d.<\/p>\n<p style=\"text-align: justify;\">El aniversario finaliz\u00f3 con la Expo Feria realizada por la Oficina de Fomento Productivo municipal, la cual realiz\u00f3 por primera vez su feria mensual en Las Huichas. Es por esto que gran cantidad de isle\u00f1os y turistas pudieron conseguir productos artesanales, naturales y de cosecha de sus vecinos; igualmente se realizaron diversos talleres para el incentivo del emprendimiento, para la creaci\u00f3n de productos que en alg\u00fan momento pueda comenzar a traer ingresos.<\/p>\n<p style=\"text-align: justify;\">Junto a la feria se realiz\u00f3 el \u201cPulmay gratuito\u201d donde todos los visitantes de Caleta Andrade pudieron disfrutar de un buen plato de mariscos de la zona, una gran y simb\u00f3lica forma de terminar una celebraci\u00f3n de la isla, de sus habitantes y la gran historia que tiene detr\u00e1s Las Huichas.<\/p>\n<\/div><\/section><\/div><div  style='height:50px' class='hr hr-invisible   avia-builder-el-6  el_after_av_one_full  el_before_av_social_share '><span class='hr-inner ' ><span class='hr-inner-style'><\/span><\/span><\/div><\/p>\n<div  class='av-social-sharing-box  avia-builder-el-7  el_after_av_hr  el_before_av_hr  '><div class='av-share-box'><h5 class='av-share-link-description av-no-toc '>Compartir esta noticia<\/h5><ul class='av-share-box-list noLightbox'><li class='av-share-link av-social-link-facebook' ><a target=\"_blank\" aria-label=\"Compartir en Facebook\" href='https:\/\/www.facebook.com\/sharer.php?u=https:\/\/radiorevelacionfm.cl\/?p=51140&#038;t=Comunidad%20de%20Islas%20Huichas%20cerr%C3%B3%20su%20aniversario%20con%20feria%20y%20una%20gran%20fiesta' aria-hidden='false' data-av_icon='\ue8f3' data-av_iconfont='entypo-fontello' title='' data-avia-related-tooltip='Compartir en Facebook' rel=\"noopener\"><span class='avia_hidden_link_text'>Compartir en Facebook<\/span><\/a><\/li><li class='av-share-link av-social-link-twitter' ><a target=\"_blank\" aria-label=\"Compartir en Twitter\" href='https:\/\/twitter.com\/share?text=Comunidad%20de%20Islas%20Huichas%20cerr%C3%B3%20su%20aniversario%20con%20feria%20y%20una%20gran%20fiesta&#038;url=https:\/\/radiorevelacionfm.cl\/?p=51140' aria-hidden='false' data-av_icon='\ue8f1' data-av_iconfont='entypo-fontello' title='' data-avia-related-tooltip='Compartir en Twitter' rel=\"noopener\"><span class='avia_hidden_link_text'>Compartir en Twitter<\/span><\/a><\/li><li class='av-share-link av-social-link-whatsapp' ><a target=\"_blank\" aria-label=\"Compartir en Whatsapp\" href='https:\/\/api.whatsapp.com\/send?text=https:\/\/radiorevelacionfm.cl\/?p=51140' aria-hidden='false' data-av_icon='\uf232' data-av_iconfont='entypo-fontello' title='' data-avia-related-tooltip='Compartir en Whatsapp' rel=\"noopener\"><span class='avia_hidden_link_text'>Compartir en Whatsapp<\/span><\/a><\/li><li class='av-share-link av-social-link-linkedin' ><a target=\"_blank\" aria-label=\"Compartir en LinkedIn\" href='https:\/\/linkedin.com\/shareArticle?mini=true&#038;title=Comunidad%20de%20Islas%20Huichas%20cerr%C3%B3%20su%20aniversario%20con%20feria%20y%20una%20gran%20fiesta&#038;url=https:\/\/radiorevelacionfm.cl\/?p=51140' aria-hidden='false' data-av_icon='\ue8fc' data-av_iconfont='entypo-fontello' title='' data-avia-related-tooltip='Compartir en LinkedIn' rel=\"noopener\"><span class='avia_hidden_link_text'>Compartir en LinkedIn<\/span><\/a><\/li><li class='av-share-link av-social-link-mail' ><a  aria-label=\"Compartir por correo\" href='mailto:?subject=Comunidad%20de%20Islas%20Huichas%20cerr%C3%B3%20su%20aniversario%20con%20feria%20y%20una%20gran%20fiesta&#038;body=https:\/\/radiorevelacionfm.cl\/?p=51140' aria-hidden='false' data-av_icon='\ue805' data-av_iconfont='entypo-fontello' title='' data-avia-related-tooltip='Compartir por correo'><span class='avia_hidden_link_text'>Compartir por correo<\/span><\/a><\/li><\/ul><\/div><\/div>\n<div  style='height:50px' class='hr hr-invisible   avia-builder-el-8  el_after_av_social_share  el_before_av_comments_list '><span class='hr-inner ' ><span class='hr-inner-style'><\/span><\/span><\/div>\n<div  class='av-buildercomment  av-blog-meta-html-info-disabled av-blog-meta-tag-disabled  '><\/div>\n","protected":false},"excerpt":{"rendered":"","protected":false},"author":1,"featured_media":51141,"comment_status":"open","ping_status":"open","sticky":false,"template":"","format":"standard","meta":{"footnotes":""},"categories":[38],"tags":[],"class_list":["post-51140","post","type-post","status-publish","format-standard","has-post-thumbnail","hentry","category-regional"],"jetpack_featured_media_url":"https:\/\/radiorevelacionfm.cl\/wp-content\/uploads\/2025\/03\/20250227_215218-1-1.jpg","_links":{"self":[{"href":"https:\/\/radiorevelacionfm.cl\/index.php?rest_route=\/wp\/v2\/posts\/51140","targetHints":{"allow":["GET"]}}],"collection":[{"href":"https:\/\/radiorevelacionfm.cl\/index.php?rest_route=\/wp\/v2\/posts"}],"about":[{"href":"https:\/\/radiorevelacionfm.cl\/index.php?rest_route=\/wp\/v2\/types\/post"}],"author":[{"embeddable":true,"href":"https:\/\/radiorevelacionfm.cl\/index.php?rest_route=\/wp\/v2\/users\/1"}],"replies":[{"embeddable":true,"href":"https:\/\/radiorevelacionfm.cl\/index.php?rest_route=%2Fwp%2Fv2%2Fcomments&post=51140"}],"version-history":[{"count":1,"href":"https:\/\/radiorevelacionfm.cl\/index.php?rest_route=\/wp\/v2\/posts\/51140\/revisions"}],"predecessor-version":[{"id":51142,"href":"https:\/\/radiorevelacionfm.cl\/index.php?rest_route=\/wp\/v2\/posts\/51140\/revisions\/51142"}],"wp:featuredmedia":[{"embeddable":true,"href":"https:\/\/radiorevelacionfm.cl\/index.php?rest_route=\/wp\/v2\/media\/51141"}],"wp:attachment":[{"href":"https:\/\/radiorevelacionfm.cl\/index.php?rest_route=%2Fwp%2Fv2%2Fmedia&parent=51140"}],"wp:term":[{"taxonomy":"category","embeddable":true,"href":"https:\/\/radiorevelacionfm.cl\/index.php?rest_route=%2Fwp%2Fv2%2Fcategories&post=51140"},{"taxonomy":"post_tag","embeddable":true,"href":"https:\/\/radiorevelacionfm.cl\/index.php?rest_route=%2Fwp%2Fv2%2Ftags&post=51140"}],"curies":[{"name":"wp","href":"https:\/\/api.w.org\/{rel}","templated":true}]}}