{"id":5114,"date":"2021-06-10T11:20:05","date_gmt":"2021-06-10T14:20:05","guid":{"rendered":"https:\/\/radiorevelacionfm.cl\/?p=5114"},"modified":"2021-06-10T12:57:46","modified_gmt":"2021-06-10T15:57:46","slug":"ya-esta-disponible-postulacion-al-capital-abeja-emprende-2021-de-sercotec","status":"publish","type":"post","link":"https:\/\/radiorevelacionfm.cl\/?p=5114","title":{"rendered":"Ya est\u00e1 disponible postulaci\u00f3n al Capital Abeja Emprende 2021 de Sercotec"},"content":{"rendered":"<div class=\"flex_column av_one_full  flex_column_div av-zero-column-padding first  avia-builder-el-0  el_before_av_one_full  avia-builder-el-first  \" style='border-radius:0px; '><div  class='avia-image-container  av-styling-    avia-builder-el-1  avia-builder-el-no-sibling  avia-align-center '  itemprop=\"image\" itemscope=\"itemscope\" itemtype=\"https:\/\/schema.org\/ImageObject\"  ><div class='avia-image-container-inner'><div class='avia-image-overlay-wrap'><img decoding=\"async\" class='wp-image-0 avia-img-lazy-loading-not-0 avia_image' src=\"https:\/\/radiorevelacionfm.cl\/wp-content\/uploads\/2021\/06\/CAPITAL-ABEJA.2-1.jpg\" alt='' title=''   itemprop=\"thumbnailUrl\"  \/><\/div><\/div><\/div><\/div>\n<div class=\"flex_column av_one_full  flex_column_div av-zero-column-padding first  avia-builder-el-2  el_after_av_one_full  el_before_av_one_full  column-top-margin\" style='border-radius:0px; '><section class=\"av_textblock_section \"  itemscope=\"itemscope\" itemtype=\"https:\/\/schema.org\/BlogPosting\" itemprop=\"blogPost\" ><div class='avia_textblock  '   itemprop=\"text\" ><p style=\"text-align: center;\"><span style=\"font-size: 18pt;\"><b><span lang=\"ES\">Ya est\u00e1 disponible postulaci\u00f3n al Capital Abeja Emprende 2021 de Sercotec<\/span><\/b><\/span><\/p>\n<div id=\"gtx-trans\" style=\"position: absolute; left: -50px; top: 4.31534px;\">\n<div class=\"gtx-trans-icon\"><\/div>\n<\/div>\n<\/div><\/section><\/div>\n<div class=\"flex_column av_one_full  flex_column_div av-zero-column-padding first  avia-builder-el-4  el_after_av_one_full  el_before_av_hr  column-top-margin\" style='border-radius:0px; '><section class=\"av_textblock_section \"  itemscope=\"itemscope\" itemtype=\"https:\/\/schema.org\/BlogPosting\" itemprop=\"blogPost\" ><div class='avia_textblock  '   itemprop=\"text\" ><p style=\"font-weight: 400; text-align: justify;\">Desde el 8 de al 16 de junio est\u00e1n abiertas las postulaciones al <em><strong>Capital Abeja Emprende<\/strong>,<\/em>\u00a0iniciativa que gracias a la alianza Sercotec &#8211; SernamEG, este 2021 cuenta con un presupuesto nacional de $8.000 millones y espera beneficiar a 1.952 mujeres que est\u00e1n buscando emprender por primera vez en el pa\u00eds.<\/p>\n<p style=\"font-weight: 400; text-align: justify;\">El convenio entre Sercotec y SernamEG surge de la necesidad de fortalecer el empoderamiento y autonom\u00eda econ\u00f3mica de las mujeres y este a\u00f1o se materializar\u00e1 con una inversi\u00f3n total que asciende a 190 millones de pesos a nivel regional, el cual beneficiar\u00eda a cerca de 50 emprendedoras a nivel local.<\/p>\n<p style=\"font-weight: 400; text-align: justify;\">Al respecto el Seremi de Econom\u00eda Carlos Pacheco indic\u00f3 que \u201cEn \u00e9poca de pandemia hemos visto que muchas iniciativas de emprendimiento han tenido que ser postergadas por no contar con financiamiento o simplemente porque no se tiene la adecuada asesor\u00eda para iniciar o reconvertir un modelo de negocios. Es por esto que a trav\u00e9s de esta iniciativa en particular se busca entregar recursos financieros directos con un m\u00ednimo de cofinanciamiento para que las mujeres de nuestra regi\u00f3n puedan hacer realidad sus sue\u00f1os y as\u00ed se animen a emprender y ser ellas el motor econ\u00f3mico familiar. Es por eso que desde ya \u00a0les hacemos un llamado a cada una nuestras mujeres ayseninas a postular a la web de\u00a0<a href=\"http:\/\/sercotec.cl\/\" data-saferedirecturl=\"https:\/\/www.google.com\/url?q=http:\/\/sercotec.cl&amp;source=gmail&amp;ust=1623417533023000&amp;usg=AFQjCNGTKBXxFLcBxcl64PLUNwXIBzL6rQ\">sercotec.cl<\/a> en la sesi\u00f3n capital abeja y ser parte de la convocatoria de este a\u00f1o. Para ello tienen como plazo m\u00e1ximo este 16 de junio\u201d.<\/p>\n<p style=\"font-weight: 400; text-align: justify;\">En tanto la Directora Regional de Sercotec Cinthya Pantanalli, explic\u00f3 el detalle de la convocatoria 2021 de esta iniciativa \u201cEl capital abeja es un fondo concursable para mujeres sin inicio de actividades de la regi\u00f3n de Ays\u00e9n que va a permitir que puedan obtener acciones de gesti\u00f3n empresarial como capacitaciones, asistencia t\u00e9cnica, acciones de marketing e inversiones para que los beneficiarios puedan hacer funcionar su negocio con montos hasta 3 millones 300 mil pesos y en el caso de las acciones de capacitaci\u00f3n con un monto asociado de hasta 500 mil pesos\u201d.<\/p>\n<p style=\"font-weight: 400; text-align: justify;\">La Directora agreg\u00f3 que \u201cestas emprendedoras tendr\u00e1n que realizar un co-aporte m\u00ednimo en efectivo de s\u00f3lo un 2% para ambas acciones y la idea es que postulen mujeres mayores de 18 a\u00f1os sin inicio de actividades en primera categor\u00eda ante el Servicio de Impuestos Internos, que presenten una idea de negocios y que cumplan con el foco definido de la convocatoria, seg\u00fan las bases y el cupo estimado que es de \u00a047 mujeres que van a convertirse en empresarias en esta regi\u00f3n\u201d.<\/p>\n<p style=\"font-weight: 400; text-align: justify;\"><strong>Montos<\/strong><\/p>\n<p style=\"font-weight: 400; text-align: justify;\">El programa Capital Abeja, entrega un beneficio m\u00ednimo de $3.000.000 hasta un m\u00e1ximo de $3.500.000 (neto), para que la emprendedora lleve a cabo las actividades detalladas en su idea de negocio o Plan de Negocios. El monto puede ser utilizado para inversi\u00f3n de bienes y acciones de gesti\u00f3n empresarial, cada uno con tope espec\u00edfico en gastos:<\/p>\n<p style=\"font-weight: 400; text-align: justify;\">Inversiones: m\u00ednimo $2.800.000 y m\u00e1ximo $3.300.000.<\/p>\n<\/div><\/section><\/div><div  style='height:50px' class='hr hr-invisible   avia-builder-el-6  el_after_av_one_full  el_before_av_social_share '><span class='hr-inner ' ><span class='hr-inner-style'><\/span><\/span><\/div><\/p>\n<div  class='av-social-sharing-box  avia-builder-el-7  el_after_av_hr  el_before_av_hr  '><div class='av-share-box'><h5 class='av-share-link-description av-no-toc '>Compartir esta noticia<\/h5><ul class='av-share-box-list noLightbox'><li class='av-share-link av-social-link-facebook' ><a target=\"_blank\" aria-label=\"Compartir en Facebook\" href='https:\/\/www.facebook.com\/sharer.php?u=https:\/\/radiorevelacionfm.cl\/?p=5114&#038;t=Ya%20est%C3%A1%20disponible%20postulaci%C3%B3n%20al%20Capital%20Abeja%20Emprende%202021%20de%20Sercotec' aria-hidden='false' data-av_icon='\ue8f3' data-av_iconfont='entypo-fontello' title='' data-avia-related-tooltip='Compartir en Facebook' rel=\"noopener\"><span class='avia_hidden_link_text'>Compartir en Facebook<\/span><\/a><\/li><li class='av-share-link av-social-link-twitter' ><a target=\"_blank\" aria-label=\"Compartir en Twitter\" href='https:\/\/twitter.com\/share?text=Ya%20est%C3%A1%20disponible%20postulaci%C3%B3n%20al%20Capital%20Abeja%20Emprende%202021%20de%20Sercotec&#038;url=https:\/\/radiorevelacionfm.cl\/?p=5114' aria-hidden='false' data-av_icon='\ue8f1' data-av_iconfont='entypo-fontello' title='' data-avia-related-tooltip='Compartir en Twitter' rel=\"noopener\"><span class='avia_hidden_link_text'>Compartir en Twitter<\/span><\/a><\/li><li class='av-share-link av-social-link-whatsapp' ><a target=\"_blank\" aria-label=\"Compartir en Whatsapp\" href='https:\/\/api.whatsapp.com\/send?text=https:\/\/radiorevelacionfm.cl\/?p=5114' aria-hidden='false' data-av_icon='\uf232' data-av_iconfont='entypo-fontello' title='' data-avia-related-tooltip='Compartir en Whatsapp' rel=\"noopener\"><span class='avia_hidden_link_text'>Compartir en Whatsapp<\/span><\/a><\/li><li class='av-share-link av-social-link-linkedin' ><a target=\"_blank\" aria-label=\"Compartir en LinkedIn\" href='https:\/\/linkedin.com\/shareArticle?mini=true&#038;title=Ya%20est%C3%A1%20disponible%20postulaci%C3%B3n%20al%20Capital%20Abeja%20Emprende%202021%20de%20Sercotec&#038;url=https:\/\/radiorevelacionfm.cl\/?p=5114' aria-hidden='false' data-av_icon='\ue8fc' data-av_iconfont='entypo-fontello' title='' data-avia-related-tooltip='Compartir en LinkedIn' rel=\"noopener\"><span class='avia_hidden_link_text'>Compartir en LinkedIn<\/span><\/a><\/li><li class='av-share-link av-social-link-mail' ><a  aria-label=\"Compartir por correo\" href='mailto:?subject=Ya%20est%C3%A1%20disponible%20postulaci%C3%B3n%20al%20Capital%20Abeja%20Emprende%202021%20de%20Sercotec&#038;body=https:\/\/radiorevelacionfm.cl\/?p=5114' aria-hidden='false' data-av_icon='\ue805' data-av_iconfont='entypo-fontello' title='' data-avia-related-tooltip='Compartir por correo'><span class='avia_hidden_link_text'>Compartir por correo<\/span><\/a><\/li><\/ul><\/div><\/div>\n<div  style='height:50px' class='hr hr-invisible   avia-builder-el-8  el_after_av_social_share  el_before_av_comments_list '><span class='hr-inner ' ><span class='hr-inner-style'><\/span><\/span><\/div>\n<div  class='av-buildercomment  av-blog-meta-html-info-disabled av-blog-meta-tag-disabled  '><\/div>\n","protected":false},"excerpt":{"rendered":"","protected":false},"author":1,"featured_media":5117,"comment_status":"open","ping_status":"open","sticky":false,"template":"","format":"standard","meta":{"footnotes":""},"categories":[37],"tags":[],"class_list":["post-5114","post","type-post","status-publish","format-standard","has-post-thumbnail","hentry","category-economia"],"jetpack_featured_media_url":"https:\/\/radiorevelacionfm.cl\/wp-content\/uploads\/2021\/06\/capital-abeja_optimized.3.jpg","_links":{"self":[{"href":"https:\/\/radiorevelacionfm.cl\/index.php?rest_route=\/wp\/v2\/posts\/5114","targetHints":{"allow":["GET"]}}],"collection":[{"href":"https:\/\/radiorevelacionfm.cl\/index.php?rest_route=\/wp\/v2\/posts"}],"about":[{"href":"https:\/\/radiorevelacionfm.cl\/index.php?rest_route=\/wp\/v2\/types\/post"}],"author":[{"embeddable":true,"href":"https:\/\/radiorevelacionfm.cl\/index.php?rest_route=\/wp\/v2\/users\/1"}],"replies":[{"embeddable":true,"href":"https:\/\/radiorevelacionfm.cl\/index.php?rest_route=%2Fwp%2Fv2%2Fcomments&post=5114"}],"version-history":[{"count":2,"href":"https:\/\/radiorevelacionfm.cl\/index.php?rest_route=\/wp\/v2\/posts\/5114\/revisions"}],"predecessor-version":[{"id":5118,"href":"https:\/\/radiorevelacionfm.cl\/index.php?rest_route=\/wp\/v2\/posts\/5114\/revisions\/5118"}],"wp:featuredmedia":[{"embeddable":true,"href":"https:\/\/radiorevelacionfm.cl\/index.php?rest_route=\/wp\/v2\/media\/5117"}],"wp:attachment":[{"href":"https:\/\/radiorevelacionfm.cl\/index.php?rest_route=%2Fwp%2Fv2%2Fmedia&parent=5114"}],"wp:term":[{"taxonomy":"category","embeddable":true,"href":"https:\/\/radiorevelacionfm.cl\/index.php?rest_route=%2Fwp%2Fv2%2Fcategories&post=5114"},{"taxonomy":"post_tag","embeddable":true,"href":"https:\/\/radiorevelacionfm.cl\/index.php?rest_route=%2Fwp%2Fv2%2Ftags&post=5114"}],"curies":[{"name":"wp","href":"https:\/\/api.w.org\/{rel}","templated":true}]}}