{"id":51134,"date":"2025-03-06T10:25:45","date_gmt":"2025-03-06T13:25:45","guid":{"rendered":"https:\/\/radiorevelacionfm.cl\/?p=51134"},"modified":"2025-03-06T10:25:45","modified_gmt":"2025-03-06T13:25:45","slug":"senda-aysen-cierra-con-exito-la-campana-de-verano-cuidarse-siempre-esta-de-moda","status":"publish","type":"post","link":"https:\/\/radiorevelacionfm.cl\/?p=51134","title":{"rendered":"SENDA Ays\u00e9n cierra con \u00e9xito la campa\u00f1a de verano \u00abCuidarse Siempre Est\u00e1 de Moda\u00bb"},"content":{"rendered":"<div class=\"flex_column av_one_full  flex_column_div av-zero-column-padding first  avia-builder-el-0  el_before_av_one_full  avia-builder-el-first  \" style='border-radius:0px; '><div  class='avia-image-container  av-styling-    avia-builder-el-1  avia-builder-el-no-sibling  avia-align-center '  itemprop=\"image\" itemscope=\"itemscope\" itemtype=\"https:\/\/schema.org\/ImageObject\"  ><div class='avia-image-container-inner'><div class='avia-image-overlay-wrap'><img decoding=\"async\" class='wp-image-51135 avia-img-lazy-loading-not-51135 avia_image' src=\"https:\/\/radiorevelacionfm.cl\/wp-content\/uploads\/2025\/03\/6-2-1-1_optimized.jpeg\" alt='' title='6-(2)-(1)-(1)_optimized' height=\"600\" width=\"800\"  itemprop=\"thumbnailUrl\" srcset=\"https:\/\/radiorevelacionfm.cl\/wp-content\/uploads\/2025\/03\/6-2-1-1_optimized.jpeg 800w, https:\/\/radiorevelacionfm.cl\/wp-content\/uploads\/2025\/03\/6-2-1-1_optimized-300x225.jpeg 300w, https:\/\/radiorevelacionfm.cl\/wp-content\/uploads\/2025\/03\/6-2-1-1_optimized-768x576.jpeg 768w, https:\/\/radiorevelacionfm.cl\/wp-content\/uploads\/2025\/03\/6-2-1-1_optimized-705x529.jpeg 705w, https:\/\/radiorevelacionfm.cl\/wp-content\/uploads\/2025\/03\/6-2-1-1_optimized-450x338.jpeg 450w, https:\/\/radiorevelacionfm.cl\/wp-content\/uploads\/2025\/03\/6-2-1-1_optimized-600x450.jpeg 600w\" sizes=\"(max-width: 800px) 100vw, 800px\" \/><\/div><\/div><\/div><\/div><div class=\"flex_column av_one_full  flex_column_div av-zero-column-padding first  avia-builder-el-2  el_after_av_one_full  el_before_av_one_full  column-top-margin\" style='border-radius:0px; '><section class=\"av_textblock_section \"  itemscope=\"itemscope\" itemtype=\"https:\/\/schema.org\/BlogPosting\" itemprop=\"blogPost\" ><div class='avia_textblock  '   itemprop=\"text\" ><p style=\"text-align: center;\"><span style=\"font-size: 18pt;\"><strong>SENDA Ays\u00e9n cierra con \u00e9xito la campa\u00f1a de verano \u00abCuidarse Siempre Est\u00e1 de Moda\u00bb<\/strong><\/span><\/p>\n<div id=\"gtx-trans\" style=\"position: absolute; left: -50px; top: 4.31534px;\">\n<div class=\"gtx-trans-icon\"><\/div>\n<\/div>\n<\/div><\/section><\/div><div class=\"flex_column av_one_full  flex_column_div av-zero-column-padding first  avia-builder-el-4  el_after_av_one_full  el_before_av_hr  column-top-margin\" style='border-radius:0px; '><section class=\"av_textblock_section \"  itemscope=\"itemscope\" itemtype=\"https:\/\/schema.org\/BlogPosting\" itemprop=\"blogPost\" ><div class='avia_textblock  '   itemprop=\"text\" ><p style=\"text-align: justify;\">Con una jornada recreativa y de concienciaci\u00f3n en los barrios El Divisadero de Coyhaique y Los Ma\u00f1\u00edos en la comuna de Ays\u00e9n, los equipos SENDA Previene dieron cierre a la campa\u00f1a de verano <strong>\u00abCuidarse Siempre Est\u00e1 de Moda\u00bb<\/strong>, iniciativa que busc\u00f3 fortalecer factores protectores y fomentar la prevenci\u00f3n del consumo de alcohol y otras drogas en la comunidad.<\/p>\n<p style=\"text-align: justify;\">En Coyhaique, la actividad se desarroll\u00f3 en el ante-vel\u00f3dromo, donde vecinos y vecinas del barrio El Divisadero participaron en din\u00e1micas deportivas, juegos familiares y espacios de conversaci\u00f3n sobre h\u00e1bitos saludables y autocuidado. Por su parte, en Ays\u00e9n, el equipo SENDA Previene junto al barrio Los Ma\u00f1\u00edos llev\u00f3 a cabo una actividad acu\u00e1tica en la Laguna La Esponja de Villa Ma\u00f1ihuales, participando en una jornada de limpieza y concienciaci\u00f3n ambiental, promoviendo el uso del tiempo libre en acciones recreativas y de cuidado del entorno como una herramienta fundamental para la prevenci\u00f3n.<\/p>\n<p style=\"text-align: justify;\">El equipo de SENDA Previene Ays\u00e9n destac\u00f3 la importancia del compromiso de la comunidad en la construcci\u00f3n de entornos protectores para las y los j\u00f3venes. \u00abEl trabajo conjunto con los barrios es fundamental para fortalecer una cultura preventiva y generar instancias en las que las familias y comunidades puedan compartir y reflexionar sobre el autocuidado\u00bb, subray\u00f3 Marisel Bahamonde Padilla, coordinadora del programa.<\/p>\n<p style=\"text-align: justify;\">La campa\u00f1a, desarrollada en los meses de enero y febrero, busc\u00f3 sensibilizar a la comunidad sobre la importancia de la prevenci\u00f3n en un contexto estival, donde el tiempo libre y la exposici\u00f3n a riesgos pueden aumentar. A lo largo del verano, los equipos SENDA Previene implementaron diversas actividades como talleres y encuentros comunitarios con la participaci\u00f3n activa de vecinos, vecinas y organizaciones locales, contando con el apoyo de las oficinas y programas de la Ilustre Municipalidad de Coyhaique y la Ilustre Municipalidad de Ays\u00e9n.<\/p>\n<p style=\"text-align: justify;\">\u00abLa invitaci\u00f3n es a seguir reforzando estas iniciativas durante el a\u00f1o, recordando que el autocuidado y la prevenci\u00f3n son tareas de todos y todas. Es fundamental que la comunidad siga participando activamente en estos espacios, fortaleciendo lazos y promoviendo h\u00e1bitos de vida saludables. Mediante la vinculaci\u00f3n con los diferentes programas municipales, podremos generar entornos m\u00e1s seguros y protectores para ni\u00f1os, ni\u00f1as, adolescentes y sus familias\u00bb, destac\u00f3 el coordinador del equipo comunal de Coyhaique, Javier Soto Echeverr\u00eda.<\/p>\n<p style=\"text-align: justify;\">La Direcci\u00f3n Regional de SENDA tambi\u00e9n se sum\u00f3 a la organizaci\u00f3n de actividades recreativas y deportivas para promover estilos de vida saludables y fortalecer el sentido de comunidad. Entre ellas, se realizaron jornadas de senderismo en colaboraci\u00f3n con INJUV y tambi\u00e9n particip\u00f3 en la corrida familiar organizada por el IND y la Seremi del Deporte.<\/p>\n<p style=\"text-align: justify;\">Estas instancias fomentaron la pr\u00e1ctica deportiva y la recreaci\u00f3n, pero tambi\u00e9n reforzaron factores protectores, como el sentido de pertenencia y el fortalecimiento de redes de apoyo comunitarias. Adem\u00e1s, se generaron oportunidades de participaci\u00f3n en actividades preventivas, contribuyendo a la construcci\u00f3n de entornos m\u00e1s seguros y enriquecidos para ni\u00f1as, ni\u00f1os y adolescentes, y reduciendo los factores de riesgo asociados al consumo de sustancias.<\/p>\n<p style=\"text-align: justify;\">Finalmente, la Directora Regional, Victoria Contreras Lemus, manifiesta que con este cierre de campa\u00f1a, SENDA reafirma su compromiso con la prevenci\u00f3n del consumo de alcohol y otras drogas, promoviendo acciones que fomenten el bienestar y la convivencia sana en los territorios.<\/p>\n<\/div><\/section><\/div><div  style='height:50px' class='hr hr-invisible   avia-builder-el-6  el_after_av_one_full  el_before_av_social_share '><span class='hr-inner ' ><span class='hr-inner-style'><\/span><\/span><\/div><\/p>\n<div  class='av-social-sharing-box  avia-builder-el-7  el_after_av_hr  el_before_av_hr  '><div class='av-share-box'><h5 class='av-share-link-description av-no-toc '>Compartir esta noticia<\/h5><ul class='av-share-box-list noLightbox'><li class='av-share-link av-social-link-facebook' ><a target=\"_blank\" aria-label=\"Compartir en Facebook\" href='https:\/\/www.facebook.com\/sharer.php?u=https:\/\/radiorevelacionfm.cl\/?p=51134&#038;t=SENDA%20Ays%C3%A9n%20cierra%20con%20%C3%A9xito%20la%20campa%C3%B1a%20de%20verano%20%C2%ABCuidarse%20Siempre%20Est%C3%A1%20de%20Moda%C2%BB' aria-hidden='false' data-av_icon='\ue8f3' data-av_iconfont='entypo-fontello' title='' data-avia-related-tooltip='Compartir en Facebook' rel=\"noopener\"><span class='avia_hidden_link_text'>Compartir en Facebook<\/span><\/a><\/li><li class='av-share-link av-social-link-twitter' ><a target=\"_blank\" aria-label=\"Compartir en Twitter\" href='https:\/\/twitter.com\/share?text=SENDA%20Ays%C3%A9n%20cierra%20con%20%C3%A9xito%20la%20campa%C3%B1a%20de%20verano%20%C2%ABCuidarse%20Siempre%20Est%C3%A1%20de%20Moda%C2%BB&#038;url=https:\/\/radiorevelacionfm.cl\/?p=51134' aria-hidden='false' data-av_icon='\ue8f1' data-av_iconfont='entypo-fontello' title='' data-avia-related-tooltip='Compartir en Twitter' rel=\"noopener\"><span class='avia_hidden_link_text'>Compartir en Twitter<\/span><\/a><\/li><li class='av-share-link av-social-link-whatsapp' ><a target=\"_blank\" aria-label=\"Compartir en Whatsapp\" href='https:\/\/api.whatsapp.com\/send?text=https:\/\/radiorevelacionfm.cl\/?p=51134' aria-hidden='false' data-av_icon='\uf232' data-av_iconfont='entypo-fontello' title='' data-avia-related-tooltip='Compartir en Whatsapp' rel=\"noopener\"><span class='avia_hidden_link_text'>Compartir en Whatsapp<\/span><\/a><\/li><li class='av-share-link av-social-link-linkedin' ><a target=\"_blank\" aria-label=\"Compartir en LinkedIn\" href='https:\/\/linkedin.com\/shareArticle?mini=true&#038;title=SENDA%20Ays%C3%A9n%20cierra%20con%20%C3%A9xito%20la%20campa%C3%B1a%20de%20verano%20%C2%ABCuidarse%20Siempre%20Est%C3%A1%20de%20Moda%C2%BB&#038;url=https:\/\/radiorevelacionfm.cl\/?p=51134' aria-hidden='false' data-av_icon='\ue8fc' data-av_iconfont='entypo-fontello' title='' data-avia-related-tooltip='Compartir en LinkedIn' rel=\"noopener\"><span class='avia_hidden_link_text'>Compartir en LinkedIn<\/span><\/a><\/li><li class='av-share-link av-social-link-mail' ><a  aria-label=\"Compartir por correo\" href='mailto:?subject=SENDA%20Ays%C3%A9n%20cierra%20con%20%C3%A9xito%20la%20campa%C3%B1a%20de%20verano%20%C2%ABCuidarse%20Siempre%20Est%C3%A1%20de%20Moda%C2%BB&#038;body=https:\/\/radiorevelacionfm.cl\/?p=51134' aria-hidden='false' data-av_icon='\ue805' data-av_iconfont='entypo-fontello' title='' data-avia-related-tooltip='Compartir por correo'><span class='avia_hidden_link_text'>Compartir por correo<\/span><\/a><\/li><\/ul><\/div><\/div>\n<div  style='height:50px' class='hr hr-invisible   avia-builder-el-8  el_after_av_social_share  el_before_av_comments_list '><span class='hr-inner ' ><span class='hr-inner-style'><\/span><\/span><\/div>\n<div  class='av-buildercomment  av-blog-meta-html-info-disabled av-blog-meta-tag-disabled  '><\/div>\n","protected":false},"excerpt":{"rendered":"","protected":false},"author":1,"featured_media":51135,"comment_status":"open","ping_status":"open","sticky":false,"template":"","format":"standard","meta":{"footnotes":""},"categories":[38],"tags":[],"class_list":["post-51134","post","type-post","status-publish","format-standard","has-post-thumbnail","hentry","category-regional"],"jetpack_featured_media_url":"https:\/\/radiorevelacionfm.cl\/wp-content\/uploads\/2025\/03\/6-2-1-1_optimized.jpeg","_links":{"self":[{"href":"https:\/\/radiorevelacionfm.cl\/index.php?rest_route=\/wp\/v2\/posts\/51134","targetHints":{"allow":["GET"]}}],"collection":[{"href":"https:\/\/radiorevelacionfm.cl\/index.php?rest_route=\/wp\/v2\/posts"}],"about":[{"href":"https:\/\/radiorevelacionfm.cl\/index.php?rest_route=\/wp\/v2\/types\/post"}],"author":[{"embeddable":true,"href":"https:\/\/radiorevelacionfm.cl\/index.php?rest_route=\/wp\/v2\/users\/1"}],"replies":[{"embeddable":true,"href":"https:\/\/radiorevelacionfm.cl\/index.php?rest_route=%2Fwp%2Fv2%2Fcomments&post=51134"}],"version-history":[{"count":1,"href":"https:\/\/radiorevelacionfm.cl\/index.php?rest_route=\/wp\/v2\/posts\/51134\/revisions"}],"predecessor-version":[{"id":51136,"href":"https:\/\/radiorevelacionfm.cl\/index.php?rest_route=\/wp\/v2\/posts\/51134\/revisions\/51136"}],"wp:featuredmedia":[{"embeddable":true,"href":"https:\/\/radiorevelacionfm.cl\/index.php?rest_route=\/wp\/v2\/media\/51135"}],"wp:attachment":[{"href":"https:\/\/radiorevelacionfm.cl\/index.php?rest_route=%2Fwp%2Fv2%2Fmedia&parent=51134"}],"wp:term":[{"taxonomy":"category","embeddable":true,"href":"https:\/\/radiorevelacionfm.cl\/index.php?rest_route=%2Fwp%2Fv2%2Fcategories&post=51134"},{"taxonomy":"post_tag","embeddable":true,"href":"https:\/\/radiorevelacionfm.cl\/index.php?rest_route=%2Fwp%2Fv2%2Ftags&post=51134"}],"curies":[{"name":"wp","href":"https:\/\/api.w.org\/{rel}","templated":true}]}}