{"id":51129,"date":"2025-03-05T16:50:50","date_gmt":"2025-03-05T19:50:50","guid":{"rendered":"https:\/\/radiorevelacionfm.cl\/?p=51129"},"modified":"2025-03-07T14:31:21","modified_gmt":"2025-03-07T17:31:21","slug":"dia-mundial-de-la-eficiencia-energetica-edelaysen-invita-a-cuidar-la-energia","status":"publish","type":"post","link":"https:\/\/radiorevelacionfm.cl\/?p=51129","title":{"rendered":"D\u00eda Mundial de la Eficiencia Energ\u00e9tica: Edelaysen invita a cuidar la energ\u00eda"},"content":{"rendered":"<div class=\"flex_column av_one_full  flex_column_div av-zero-column-padding first  avia-builder-el-0  el_before_av_one_full  avia-builder-el-first  \" style='border-radius:0px; '><div  class='avia-image-container  av-styling-    avia-builder-el-1  avia-builder-el-no-sibling  avia-align-center '  itemprop=\"image\" itemscope=\"itemscope\" itemtype=\"https:\/\/schema.org\/ImageObject\"  ><div class='avia-image-container-inner'><div class='avia-image-overlay-wrap'><img decoding=\"async\" class='wp-image-51130 avia-img-lazy-loading-not-51130 avia_image' src=\"https:\/\/radiorevelacionfm.cl\/wp-content\/uploads\/2025\/03\/Energia-1-1.jpg\" alt='' title='Energia (1) (1)' height=\"600\" width=\"900\"  itemprop=\"thumbnailUrl\" srcset=\"https:\/\/radiorevelacionfm.cl\/wp-content\/uploads\/2025\/03\/Energia-1-1.jpg 900w, https:\/\/radiorevelacionfm.cl\/wp-content\/uploads\/2025\/03\/Energia-1-1-300x200.jpg 300w, https:\/\/radiorevelacionfm.cl\/wp-content\/uploads\/2025\/03\/Energia-1-1-768x512.jpg 768w, https:\/\/radiorevelacionfm.cl\/wp-content\/uploads\/2025\/03\/Energia-1-1-705x470.jpg 705w, https:\/\/radiorevelacionfm.cl\/wp-content\/uploads\/2025\/03\/Energia-1-1-450x300.jpg 450w, https:\/\/radiorevelacionfm.cl\/wp-content\/uploads\/2025\/03\/Energia-1-1-600x400.jpg 600w\" sizes=\"(max-width: 900px) 100vw, 900px\" \/><\/div><\/div><\/div><\/div><div class=\"flex_column av_one_full  flex_column_div av-zero-column-padding first  avia-builder-el-2  el_after_av_one_full  el_before_av_one_full  column-top-margin\" style='border-radius:0px; '><section class=\"av_textblock_section \"  itemscope=\"itemscope\" itemtype=\"https:\/\/schema.org\/BlogPosting\" itemprop=\"blogPost\" ><div class='avia_textblock  '   itemprop=\"text\" ><p style=\"text-align: center;\"><strong><span style=\"font-size: 18pt;\">D\u00eda Mundial de la Eficiencia Energ\u00e9tica: Edelaysen invita a cuidar la energ\u00eda<\/span><\/strong><\/p>\n<div id=\"gtx-trans\" style=\"position: absolute; left: -50px; top: 4.31534px;\">\n<div class=\"gtx-trans-icon\"><\/div>\n<\/div>\n<\/div><\/section><\/div><div class=\"flex_column av_one_full  flex_column_div av-zero-column-padding first  avia-builder-el-4  el_after_av_one_full  el_before_av_hr  column-top-margin\" style='border-radius:0px; '><section class=\"av_textblock_section \"  itemscope=\"itemscope\" itemtype=\"https:\/\/schema.org\/BlogPosting\" itemprop=\"blogPost\" ><div class='avia_textblock  '   itemprop=\"text\" ><ul>\n<li style=\"text-align: justify;\"><em>La energ\u00eda el\u00e9ctrica, recurso esencial en la vida diaria, es el eje de un compromiso por un uso responsable y eficiente.<\/em><\/li>\n<\/ul>\n<p style=\"text-align: justify;\">Este 5 de marzo de 2025, en el marco del D\u00eda Mundial de la Eficiencia Energ\u00e9tica, Edelaysen invita a la ciudadan\u00eda a repensar el uso de la energ\u00eda el\u00e9ctrica, ese recurso vital que impulsa nuestra vida cotidiana.<\/p>\n<p style=\"text-align: justify;\">La distribuidora hace un llamado a transformar peque\u00f1os h\u00e1bitos en grandes cambios, resaltando que el uso eficiente de la energ\u00eda no solo contribuye a cuidar el planeta, sino que tambi\u00e9n se traduce en ahorros mensuales en la factura.<\/p>\n<p style=\"text-align: justify;\">\u201cAdoptar medidas de eficiencia energ\u00e9tica es fundamental\u201d, destac\u00f3 Francisco Pavez, ejecutivo de Edelaysen, subrayando la importancia de conocer el consumo de nuestros dispositivos y optar por aquellos que cuenten con el sello de la SEC y la debida rotulaci\u00f3n.<\/p>\n<p style=\"text-align: justify;\"><strong>Recomendaciones<\/strong><\/p>\n<p style=\"text-align: justify;\">Algunas de las recomendaciones de Edelaysen en este sentido son: abrir las cortinas y aprovechar la luz natural, preferir ampolletas LED, las que generan ahorro de hasta el 80% de energ\u00eda, si tiene aire acondicionado recuerde que mientras m\u00e1s baja sea la temperatura m\u00e1s energ\u00eda se utilizar\u00e1.<\/p>\n<p style=\"text-align: justify;\">Asimismo, si tiene secadora darle un descanso y aprovechar el calor del sol para secar la ropa, desconecte los artefactos electr\u00f3nicos cuando se est\u00e9n ocupando o al salir de la casa.<\/p>\n<p style=\"text-align: justify;\">Otros consejos para disminuir el consumo de la energ\u00eda el\u00e9ctrica en el hogar son: desenchufar el televisor, la radio y los cargadores de tel\u00e9fono una vez que dejamos de usarlos para evitar el consumo \u201cvampiro\u201d. Abrir la puerta del refrigerador lo justo y necesario para que no pierda temperatura al interior.<\/p>\n<p style=\"text-align: justify;\">Tambi\u00e9n utilizar la lavadora con carga completa, reunir la mayor cantidad de prendas de vestir y planchar todo de una vez, llenar el hervidor el\u00e9ctrico y luego conservar el agua en un termo.<\/p>\n<p style=\"text-align: justify;\">Finalmente, desde Edelaysen invitaron a la comunidad a estar informada sobre las iniciativas que lleva adelante la empresa, y el consumo de los artefactos el\u00e9ctricos de la casa. Para m\u00e1s detalles invitaron a visitar la p\u00e1gina web\u00a0<a href=\"http:\/\/www.edelaysen.cl\">www.edelaysen.cl<\/a>\u00a0con consejos de ahorro y uso eficiente de la energ\u00eda.<\/p>\n<\/div><\/section><\/div><div  style='height:50px' class='hr hr-invisible   avia-builder-el-6  el_after_av_one_full  el_before_av_social_share '><span class='hr-inner ' ><span class='hr-inner-style'><\/span><\/span><\/div><\/p>\n<div  class='av-social-sharing-box  avia-builder-el-7  el_after_av_hr  el_before_av_hr  '><div class='av-share-box'><h5 class='av-share-link-description av-no-toc '>Compartir esta noticia<\/h5><ul class='av-share-box-list noLightbox'><li class='av-share-link av-social-link-facebook' ><a target=\"_blank\" aria-label=\"Compartir en Facebook\" href='https:\/\/www.facebook.com\/sharer.php?u=https:\/\/radiorevelacionfm.cl\/?p=51129&#038;t=D%C3%ADa%20Mundial%20de%20la%20Eficiencia%20Energ%C3%A9tica%3A%20Edelaysen%20invita%20a%20cuidar%20la%20energ%C3%ADa' aria-hidden='false' data-av_icon='\ue8f3' data-av_iconfont='entypo-fontello' title='' data-avia-related-tooltip='Compartir en Facebook' rel=\"noopener\"><span class='avia_hidden_link_text'>Compartir en Facebook<\/span><\/a><\/li><li class='av-share-link av-social-link-twitter' ><a target=\"_blank\" aria-label=\"Compartir en Twitter\" href='https:\/\/twitter.com\/share?text=D%C3%ADa%20Mundial%20de%20la%20Eficiencia%20Energ%C3%A9tica%3A%20Edelaysen%20invita%20a%20cuidar%20la%20energ%C3%ADa&#038;url=https:\/\/radiorevelacionfm.cl\/?p=51129' aria-hidden='false' data-av_icon='\ue8f1' data-av_iconfont='entypo-fontello' title='' data-avia-related-tooltip='Compartir en Twitter' rel=\"noopener\"><span class='avia_hidden_link_text'>Compartir en Twitter<\/span><\/a><\/li><li class='av-share-link av-social-link-whatsapp' ><a target=\"_blank\" aria-label=\"Compartir en Whatsapp\" href='https:\/\/api.whatsapp.com\/send?text=https:\/\/radiorevelacionfm.cl\/?p=51129' aria-hidden='false' data-av_icon='\uf232' data-av_iconfont='entypo-fontello' title='' data-avia-related-tooltip='Compartir en Whatsapp' rel=\"noopener\"><span class='avia_hidden_link_text'>Compartir en Whatsapp<\/span><\/a><\/li><li class='av-share-link av-social-link-linkedin' ><a target=\"_blank\" aria-label=\"Compartir en LinkedIn\" href='https:\/\/linkedin.com\/shareArticle?mini=true&#038;title=D%C3%ADa%20Mundial%20de%20la%20Eficiencia%20Energ%C3%A9tica%3A%20Edelaysen%20invita%20a%20cuidar%20la%20energ%C3%ADa&#038;url=https:\/\/radiorevelacionfm.cl\/?p=51129' aria-hidden='false' data-av_icon='\ue8fc' data-av_iconfont='entypo-fontello' title='' data-avia-related-tooltip='Compartir en LinkedIn' rel=\"noopener\"><span class='avia_hidden_link_text'>Compartir en LinkedIn<\/span><\/a><\/li><li class='av-share-link av-social-link-mail' ><a  aria-label=\"Compartir por correo\" href='mailto:?subject=D%C3%ADa%20Mundial%20de%20la%20Eficiencia%20Energ%C3%A9tica%3A%20Edelaysen%20invita%20a%20cuidar%20la%20energ%C3%ADa&#038;body=https:\/\/radiorevelacionfm.cl\/?p=51129' aria-hidden='false' data-av_icon='\ue805' data-av_iconfont='entypo-fontello' title='' data-avia-related-tooltip='Compartir por correo'><span class='avia_hidden_link_text'>Compartir por correo<\/span><\/a><\/li><\/ul><\/div><\/div>\n<div  style='height:50px' class='hr hr-invisible   avia-builder-el-8  el_after_av_social_share  el_before_av_comments_list '><span class='hr-inner ' ><span class='hr-inner-style'><\/span><\/span><\/div>\n<div  class='av-buildercomment  av-blog-meta-html-info-disabled av-blog-meta-tag-disabled  '><\/div>\n","protected":false},"excerpt":{"rendered":"","protected":false},"author":1,"featured_media":51130,"comment_status":"open","ping_status":"open","sticky":false,"template":"","format":"standard","meta":{"footnotes":""},"categories":[38],"tags":[],"class_list":["post-51129","post","type-post","status-publish","format-standard","has-post-thumbnail","hentry","category-regional"],"jetpack_featured_media_url":"https:\/\/radiorevelacionfm.cl\/wp-content\/uploads\/2025\/03\/Energia-1-1.jpg","_links":{"self":[{"href":"https:\/\/radiorevelacionfm.cl\/index.php?rest_route=\/wp\/v2\/posts\/51129","targetHints":{"allow":["GET"]}}],"collection":[{"href":"https:\/\/radiorevelacionfm.cl\/index.php?rest_route=\/wp\/v2\/posts"}],"about":[{"href":"https:\/\/radiorevelacionfm.cl\/index.php?rest_route=\/wp\/v2\/types\/post"}],"author":[{"embeddable":true,"href":"https:\/\/radiorevelacionfm.cl\/index.php?rest_route=\/wp\/v2\/users\/1"}],"replies":[{"embeddable":true,"href":"https:\/\/radiorevelacionfm.cl\/index.php?rest_route=%2Fwp%2Fv2%2Fcomments&post=51129"}],"version-history":[{"count":1,"href":"https:\/\/radiorevelacionfm.cl\/index.php?rest_route=\/wp\/v2\/posts\/51129\/revisions"}],"predecessor-version":[{"id":51131,"href":"https:\/\/radiorevelacionfm.cl\/index.php?rest_route=\/wp\/v2\/posts\/51129\/revisions\/51131"}],"wp:featuredmedia":[{"embeddable":true,"href":"https:\/\/radiorevelacionfm.cl\/index.php?rest_route=\/wp\/v2\/media\/51130"}],"wp:attachment":[{"href":"https:\/\/radiorevelacionfm.cl\/index.php?rest_route=%2Fwp%2Fv2%2Fmedia&parent=51129"}],"wp:term":[{"taxonomy":"category","embeddable":true,"href":"https:\/\/radiorevelacionfm.cl\/index.php?rest_route=%2Fwp%2Fv2%2Fcategories&post=51129"},{"taxonomy":"post_tag","embeddable":true,"href":"https:\/\/radiorevelacionfm.cl\/index.php?rest_route=%2Fwp%2Fv2%2Ftags&post=51129"}],"curies":[{"name":"wp","href":"https:\/\/api.w.org\/{rel}","templated":true}]}}