{"id":51123,"date":"2025-03-05T21:25:34","date_gmt":"2025-03-06T00:25:34","guid":{"rendered":"https:\/\/radiorevelacionfm.cl\/?p=51123"},"modified":"2025-03-05T21:25:34","modified_gmt":"2025-03-06T00:25:34","slug":"gobernadores-de-aysen-y-los-lagos-se-reunen-para-promover-mejoras-en-conectividad-vial-del-sur-de-chile","status":"publish","type":"post","link":"https:\/\/radiorevelacionfm.cl\/?p=51123","title":{"rendered":"Gobernadores de Ays\u00e9n y Los Lagos se re\u00fanen para promover mejoras en conectividad vial del sur de Chile"},"content":{"rendered":"<div class=\"flex_column av_one_full  flex_column_div av-zero-column-padding first  avia-builder-el-0  el_before_av_one_full  avia-builder-el-first  \" style='border-radius:0px; '><div  class='avia-image-container  av-styling-    avia-builder-el-1  avia-builder-el-no-sibling  avia-align-center '  itemprop=\"image\" itemscope=\"itemscope\" itemtype=\"https:\/\/schema.org\/ImageObject\"  ><div class='avia-image-container-inner'><div class='avia-image-overlay-wrap'><img decoding=\"async\" class='wp-image-51124 avia-img-lazy-loading-not-51124 avia_image' src=\"https:\/\/radiorevelacionfm.cl\/wp-content\/uploads\/2025\/03\/WhatsApp-Image-2025-03-05-at-13.16.16-1-1.jpeg\" alt='' title='WhatsApp Image 2025-03-05 at 13.16.16 (1) (1)' height=\"600\" width=\"927\"  itemprop=\"thumbnailUrl\" srcset=\"https:\/\/radiorevelacionfm.cl\/wp-content\/uploads\/2025\/03\/WhatsApp-Image-2025-03-05-at-13.16.16-1-1.jpeg 927w, https:\/\/radiorevelacionfm.cl\/wp-content\/uploads\/2025\/03\/WhatsApp-Image-2025-03-05-at-13.16.16-1-1-300x194.jpeg 300w, https:\/\/radiorevelacionfm.cl\/wp-content\/uploads\/2025\/03\/WhatsApp-Image-2025-03-05-at-13.16.16-1-1-768x497.jpeg 768w, https:\/\/radiorevelacionfm.cl\/wp-content\/uploads\/2025\/03\/WhatsApp-Image-2025-03-05-at-13.16.16-1-1-705x456.jpeg 705w, https:\/\/radiorevelacionfm.cl\/wp-content\/uploads\/2025\/03\/WhatsApp-Image-2025-03-05-at-13.16.16-1-1-450x291.jpeg 450w, https:\/\/radiorevelacionfm.cl\/wp-content\/uploads\/2025\/03\/WhatsApp-Image-2025-03-05-at-13.16.16-1-1-600x388.jpeg 600w\" sizes=\"(max-width: 927px) 100vw, 927px\" \/><\/div><\/div><\/div><\/div><div class=\"flex_column av_one_full  flex_column_div av-zero-column-padding first  avia-builder-el-2  el_after_av_one_full  el_before_av_one_full  column-top-margin\" style='border-radius:0px; '><section class=\"av_textblock_section \"  itemscope=\"itemscope\" itemtype=\"https:\/\/schema.org\/BlogPosting\" itemprop=\"blogPost\" ><div class='avia_textblock  '   itemprop=\"text\" ><p style=\"text-align: center;\"><strong><span style=\"font-size: 18pt;\">Gobernadores de Ays\u00e9n y Los Lagos se re\u00fanen para promover mejoras en conectividad vial del sur de Chile<\/span><\/strong><\/p>\n<div id=\"gtx-trans\" style=\"position: absolute; left: -50px; top: 4.31534px;\">\n<div class=\"gtx-trans-icon\"><\/div>\n<\/div>\n<\/div><\/section><\/div><div class=\"flex_column av_one_full  flex_column_div av-zero-column-padding first  avia-builder-el-4  el_after_av_one_full  el_before_av_hr  column-top-margin\" style='border-radius:0px; '><section class=\"av_textblock_section \"  itemscope=\"itemscope\" itemtype=\"https:\/\/schema.org\/BlogPosting\" itemprop=\"blogPost\" ><div class='avia_textblock  '   itemprop=\"text\" ><p style=\"text-align: justify;\">En un encuentro interregional, el Gobernador de Ays\u00e9n Marcelo Santana, junto al Gobernador de Los Lagos, Alejandro Santana, revisaron las dificultades hist\u00f3ricas que enfrenta la Regi\u00f3n de Ays\u00e9n debido a la falta de una conexi\u00f3n vial terrestre directa con el resto del pa\u00eds. Ambas autoridades resaltaron la necesidad de avanzar en proyectos viales que hagan posible la conectividad integral, vital para potenciar el desarrollo y el bienestar de los habitantes de la zona sur-austral de Chile.<\/p>\n<p style=\"text-align: justify;\">El Gobernador de Ays\u00e9n se\u00f1al\u00f3 que, si bien la Carretera Austral es un proyecto simb\u00f3lico y de gran valor hist\u00f3rico, a\u00fan existen grandes desaf\u00edos en t\u00e9rminos de conectividad. \u201cEl proyecto de la Carretera Austral necesita de mayores esfuerzos para poder resolver los problemas de conectividad que enfrentamos, y hoy tambi\u00e9n se ha convertido en una necesidad urgente para la Regi\u00f3n de Magallanes, que enfrenta problemas similares con Argentina\u201d, indic\u00f3.<\/p>\n<p style=\"text-align: justify;\">Este encuentro subraya la urgencia de un esfuerzo conjunto de las tres regiones del sur de Chile, para gestionar las inversiones necesarias que permitan lograr una conectividad real y eficaz. Ambas autoridades se reunir\u00e1n nuevamente en la provincia de Palena, para coordinar acciones y definir una proyecci\u00f3n a largo plazo que permita fortalecer la uni\u00f3n vial entre el sur de Chile y mejorar la conectividad para el desarrollo regional.<\/p>\n<p style=\"text-align: justify;\">La conectividad vial, seg\u00fan ambos gobernadores, es fundamental para el crecimiento econ\u00f3mico, la productividad y la integraci\u00f3n social de las regiones del sur-austral de Chile, desde el Seno de Reloncav\u00ed hasta Magallanes. La mejora en la infraestructura vial no solo es clave para la productividad y el turismo, sino que tambi\u00e9n es fundamental para fomentar el desarrollo e innovaci\u00f3n en una zona con un alto potencial productivo y que necesita una conectividad adecuada para su crecimiento.<\/p>\n<p style=\"text-align: justify;\">En este contexto, se inform\u00f3 que el pr\u00f3ximo 18 de marzo se realizar\u00e1 una nueva reuni\u00f3n en Chait\u00e9n, en la provincia de Palena, con la participaci\u00f3n de consejeros regionales, representantes de la Regi\u00f3n de Ays\u00e9n y Los Lagos, directores regionales de Vialidad, as\u00ed como actores del sector privado interesados en aportar al proyecto. El objetivo es avanzar en un plan que acorte los plazos y entregue una conectividad real y efectiva para la regi\u00f3n sur austral.<\/p>\n<\/div><\/section><\/div><div  style='height:50px' class='hr hr-invisible   avia-builder-el-6  el_after_av_one_full  el_before_av_social_share '><span class='hr-inner ' ><span class='hr-inner-style'><\/span><\/span><\/div><\/p>\n<div  class='av-social-sharing-box  avia-builder-el-7  el_after_av_hr  el_before_av_hr  '><div class='av-share-box'><h5 class='av-share-link-description av-no-toc '>Compartir esta noticia<\/h5><ul class='av-share-box-list noLightbox'><li class='av-share-link av-social-link-facebook' ><a target=\"_blank\" aria-label=\"Compartir en Facebook\" href='https:\/\/www.facebook.com\/sharer.php?u=https:\/\/radiorevelacionfm.cl\/?p=51123&#038;t=Gobernadores%20de%20Ays%C3%A9n%20y%20Los%20Lagos%20se%20re%C3%BAnen%20para%20promover%20mejoras%20en%20conectividad%20vial%20del%20sur%20de%20Chile' aria-hidden='false' data-av_icon='\ue8f3' data-av_iconfont='entypo-fontello' title='' data-avia-related-tooltip='Compartir en Facebook' rel=\"noopener\"><span class='avia_hidden_link_text'>Compartir en Facebook<\/span><\/a><\/li><li class='av-share-link av-social-link-twitter' ><a target=\"_blank\" aria-label=\"Compartir en Twitter\" href='https:\/\/twitter.com\/share?text=Gobernadores%20de%20Ays%C3%A9n%20y%20Los%20Lagos%20se%20re%C3%BAnen%20para%20promover%20mejoras%20en%20conectividad%20vial%20del%20sur%20de%20Chile&#038;url=https:\/\/radiorevelacionfm.cl\/?p=51123' aria-hidden='false' data-av_icon='\ue8f1' data-av_iconfont='entypo-fontello' title='' data-avia-related-tooltip='Compartir en Twitter' rel=\"noopener\"><span class='avia_hidden_link_text'>Compartir en Twitter<\/span><\/a><\/li><li class='av-share-link av-social-link-whatsapp' ><a target=\"_blank\" aria-label=\"Compartir en Whatsapp\" href='https:\/\/api.whatsapp.com\/send?text=https:\/\/radiorevelacionfm.cl\/?p=51123' aria-hidden='false' data-av_icon='\uf232' data-av_iconfont='entypo-fontello' title='' data-avia-related-tooltip='Compartir en Whatsapp' rel=\"noopener\"><span class='avia_hidden_link_text'>Compartir en Whatsapp<\/span><\/a><\/li><li class='av-share-link av-social-link-linkedin' ><a target=\"_blank\" aria-label=\"Compartir en LinkedIn\" href='https:\/\/linkedin.com\/shareArticle?mini=true&#038;title=Gobernadores%20de%20Ays%C3%A9n%20y%20Los%20Lagos%20se%20re%C3%BAnen%20para%20promover%20mejoras%20en%20conectividad%20vial%20del%20sur%20de%20Chile&#038;url=https:\/\/radiorevelacionfm.cl\/?p=51123' aria-hidden='false' data-av_icon='\ue8fc' data-av_iconfont='entypo-fontello' title='' data-avia-related-tooltip='Compartir en LinkedIn' rel=\"noopener\"><span class='avia_hidden_link_text'>Compartir en LinkedIn<\/span><\/a><\/li><li class='av-share-link av-social-link-mail' ><a  aria-label=\"Compartir por correo\" href='mailto:?subject=Gobernadores%20de%20Ays%C3%A9n%20y%20Los%20Lagos%20se%20re%C3%BAnen%20para%20promover%20mejoras%20en%20conectividad%20vial%20del%20sur%20de%20Chile&#038;body=https:\/\/radiorevelacionfm.cl\/?p=51123' aria-hidden='false' data-av_icon='\ue805' data-av_iconfont='entypo-fontello' title='' data-avia-related-tooltip='Compartir por correo'><span class='avia_hidden_link_text'>Compartir por correo<\/span><\/a><\/li><\/ul><\/div><\/div>\n<div  style='height:50px' class='hr hr-invisible   avia-builder-el-8  el_after_av_social_share  el_before_av_comments_list '><span class='hr-inner ' ><span class='hr-inner-style'><\/span><\/span><\/div>\n<div  class='av-buildercomment  av-blog-meta-html-info-disabled av-blog-meta-tag-disabled  '><\/div>\n","protected":false},"excerpt":{"rendered":"","protected":false},"author":1,"featured_media":51124,"comment_status":"open","ping_status":"open","sticky":false,"template":"","format":"standard","meta":{"footnotes":""},"categories":[38],"tags":[],"class_list":["post-51123","post","type-post","status-publish","format-standard","has-post-thumbnail","hentry","category-regional"],"jetpack_featured_media_url":"https:\/\/radiorevelacionfm.cl\/wp-content\/uploads\/2025\/03\/WhatsApp-Image-2025-03-05-at-13.16.16-1-1.jpeg","_links":{"self":[{"href":"https:\/\/radiorevelacionfm.cl\/index.php?rest_route=\/wp\/v2\/posts\/51123","targetHints":{"allow":["GET"]}}],"collection":[{"href":"https:\/\/radiorevelacionfm.cl\/index.php?rest_route=\/wp\/v2\/posts"}],"about":[{"href":"https:\/\/radiorevelacionfm.cl\/index.php?rest_route=\/wp\/v2\/types\/post"}],"author":[{"embeddable":true,"href":"https:\/\/radiorevelacionfm.cl\/index.php?rest_route=\/wp\/v2\/users\/1"}],"replies":[{"embeddable":true,"href":"https:\/\/radiorevelacionfm.cl\/index.php?rest_route=%2Fwp%2Fv2%2Fcomments&post=51123"}],"version-history":[{"count":1,"href":"https:\/\/radiorevelacionfm.cl\/index.php?rest_route=\/wp\/v2\/posts\/51123\/revisions"}],"predecessor-version":[{"id":51125,"href":"https:\/\/radiorevelacionfm.cl\/index.php?rest_route=\/wp\/v2\/posts\/51123\/revisions\/51125"}],"wp:featuredmedia":[{"embeddable":true,"href":"https:\/\/radiorevelacionfm.cl\/index.php?rest_route=\/wp\/v2\/media\/51124"}],"wp:attachment":[{"href":"https:\/\/radiorevelacionfm.cl\/index.php?rest_route=%2Fwp%2Fv2%2Fmedia&parent=51123"}],"wp:term":[{"taxonomy":"category","embeddable":true,"href":"https:\/\/radiorevelacionfm.cl\/index.php?rest_route=%2Fwp%2Fv2%2Fcategories&post=51123"},{"taxonomy":"post_tag","embeddable":true,"href":"https:\/\/radiorevelacionfm.cl\/index.php?rest_route=%2Fwp%2Fv2%2Ftags&post=51123"}],"curies":[{"name":"wp","href":"https:\/\/api.w.org\/{rel}","templated":true}]}}