{"id":51116,"date":"2025-03-05T14:28:39","date_gmt":"2025-03-05T17:28:39","guid":{"rendered":"https:\/\/radiorevelacionfm.cl\/?p=51116"},"modified":"2025-03-05T14:40:03","modified_gmt":"2025-03-05T17:40:03","slug":"diputados-de-aysen-confirman-con-ministra-de-defensa-nuevo-vuelo-de-avion-de-la-fach-y-piden-que-sea-un-servicio-permanente","status":"publish","type":"post","link":"https:\/\/radiorevelacionfm.cl\/?p=51116","title":{"rendered":"Diputados de Ays\u00e9n confirman con Ministra de Defensa nuevo vuelo de avi\u00f3n de la FACH y piden que sea un servicio permanente"},"content":{"rendered":"<div class=\"flex_column av_one_full  flex_column_div av-zero-column-padding first  avia-builder-el-0  el_before_av_one_full  avia-builder-el-first  \" style='border-radius:0px; '><div  class='avia-image-container  av-styling-    avia-builder-el-1  avia-builder-el-no-sibling  avia-align-center '  itemprop=\"image\" itemscope=\"itemscope\" itemtype=\"https:\/\/schema.org\/ImageObject\"  ><div class='avia-image-container-inner'><div class='avia-image-overlay-wrap'><img decoding=\"async\" class='wp-image-51117 avia-img-lazy-loading-not-51117 avia_image' src=\"https:\/\/radiorevelacionfm.cl\/wp-content\/uploads\/2025\/03\/FOTO-REU-MINISTRA-MAYA-FERNANDEZ-1-1.jpg\" alt='' title='FOTO REU MINISTRA MAYA FERN\u00c1NDEZ (1) (1)' height=\"600\" width=\"800\"  itemprop=\"thumbnailUrl\" srcset=\"https:\/\/radiorevelacionfm.cl\/wp-content\/uploads\/2025\/03\/FOTO-REU-MINISTRA-MAYA-FERNANDEZ-1-1.jpg 800w, https:\/\/radiorevelacionfm.cl\/wp-content\/uploads\/2025\/03\/FOTO-REU-MINISTRA-MAYA-FERNANDEZ-1-1-300x225.jpg 300w, https:\/\/radiorevelacionfm.cl\/wp-content\/uploads\/2025\/03\/FOTO-REU-MINISTRA-MAYA-FERNANDEZ-1-1-768x576.jpg 768w, https:\/\/radiorevelacionfm.cl\/wp-content\/uploads\/2025\/03\/FOTO-REU-MINISTRA-MAYA-FERNANDEZ-1-1-705x529.jpg 705w, https:\/\/radiorevelacionfm.cl\/wp-content\/uploads\/2025\/03\/FOTO-REU-MINISTRA-MAYA-FERNANDEZ-1-1-450x338.jpg 450w, https:\/\/radiorevelacionfm.cl\/wp-content\/uploads\/2025\/03\/FOTO-REU-MINISTRA-MAYA-FERNANDEZ-1-1-600x450.jpg 600w\" sizes=\"(max-width: 800px) 100vw, 800px\" \/><\/div><\/div><\/div><\/div>\n<div class=\"flex_column av_one_full  flex_column_div av-zero-column-padding first  avia-builder-el-2  el_after_av_one_full  el_before_av_one_full  column-top-margin\" style='border-radius:0px; '><section class=\"av_textblock_section \"  itemscope=\"itemscope\" itemtype=\"https:\/\/schema.org\/BlogPosting\" itemprop=\"blogPost\" ><div class='avia_textblock  '   itemprop=\"text\" ><p style=\"text-align: center;\"><span style=\"font-size: 18pt;\"><b>Diputados de Ays\u00e9n confirman con Ministra de Defensa nuevo vuelo de avi\u00f3n de la FACH y piden que sea un servicio permanente \u00a0<\/b><\/span><\/p>\n<div id=\"gtx-trans\" style=\"position: absolute; left: -50px; top: 4.31534px;\">\n<div class=\"gtx-trans-icon\"><\/div>\n<\/div>\n<\/div><\/section><\/div><div class=\"flex_column av_one_full  flex_column_div av-zero-column-padding first  avia-builder-el-4  el_after_av_one_full  el_before_av_hr  column-top-margin\" style='border-radius:0px; '><section class=\"av_textblock_section \"  itemscope=\"itemscope\" itemtype=\"https:\/\/schema.org\/BlogPosting\" itemprop=\"blogPost\" ><div class='avia_textblock  '   itemprop=\"text\" ><p style=\"font-weight: 400; text-align: justify;\">Conscientes de los serios problemas que gener\u00f3 en un grupo de estudiantes la suspensi\u00f3n del vuelo de la Fach que los trasladar\u00eda a las regiones donde estudian, este martes los diputados de la regi\u00f3n, Marcia Raphael, Miguel \u00c1ngel Calisto y Ren\u00e9 Alinco, se reunieron con la Ministra de Defensa, Maya Fern\u00e1ndez, a quien adem\u00e1s le solicitaron que esto sea permanente y no deba gestionarse todos los a\u00f1os.<\/p>\n<p style=\"font-weight: 400; text-align: justify;\">Seg\u00fan el diputado Miguel \u00c1ngel Calisto, \u201cnos reunimos con la ministra con la finalidad de ratificar el compromiso que tiene la Fuerza A\u00e9rea de Chile, el Ministerio de Defensa con los estudiantes de la regi\u00f3n de Ays\u00e9n respecto del vuelo FACH que se hace normalmente todos los a\u00f1os. La ministra nos ha ratificado, porque hab\u00eda informaciones iniciales que dec\u00edan que el vuelo se cancelaba y eso dejaba muchas familias, muchos alumnos sin el beneficio\u201d.<\/p>\n<p style=\"font-weight: 400; text-align: justify;\">\u201cNos ratific\u00f3 que el vuelo se va a realizar esta semana, lo m\u00e1s probable que el d\u00eda viernes, pero evidentemente eso lo va a ratificar formalmente el gobierno a trav\u00e9s de la delegaci\u00f3n presidencial, pero lo importante es que el servicio va, que se da garant\u00eda para que las familias no tengan que incurrir en nuevos gastos y nosotros usar este beneficio\u201d, indic\u00f3.<\/p>\n<p style=\"font-weight: 400; text-align: justify;\">Calisto agreg\u00f3 que \u201ctambi\u00e9n hablamos con la ministra sobre la necesidad de institucionalizar el tema del vuelo FACH, no se puede hacer todos los a\u00f1os por gestiones y con la incertidumbre que si se va a realizar o no, el vuelo FACH tiene que estar institucionalizado y tiene que estar definido que los primeros 10 d\u00edas del mes de marzo o los \u00faltimos 10 d\u00edas del mes de febrero se va a realizar el vuelo y tiene que quedar por convenio, por acuerdo, de tal manera de garantizar que este beneficio se haga todos los a\u00f1os, particularmente focalizado para los ni\u00f1os y las familias m\u00e1s vulnerables\u201d.<\/p>\n<p style=\"font-weight: 400; text-align: justify;\">Por su parte, el diputado Ren\u00e9 Alinco se\u00f1al\u00f3 que \u201cse est\u00e1 apurando la causa, tengo entendido que ahora, el fin de semana, posiblemente el viernes, el avi\u00f3n ejecutar\u00e1 el vuelo. Lo otro que conversamos con la se\u00f1ora ministra es que esto sea algo permanente, que quede estipulado en el itinerario anual que tiene este avi\u00f3n, para que no tengamos que estar gestionando todos los a\u00f1os, en el verano, cuando empiezan las clases\u201d.<\/p>\n<p style=\"font-weight: 400; text-align: justify;\">Finalmente, Alinco se\u00f1al\u00f3 que \u201cesperamos que esas gestiones que vamos a realizar con la se\u00f1ora ministra se concreten prontamente, para que haya una preocupaci\u00f3n menos en los estudiantes de Ays\u00e9n, que tengan la plena seguridad de que el avi\u00f3n va a estar, s\u00ed o s\u00ed, todos los a\u00f1os a su disposici\u00f3n para venir a Santiago y tambi\u00e9n desde Santiago a Balmaceda\u201d.<\/p>\n<\/div><\/section><\/div><\/p>\n<div  style='height:50px' class='hr hr-invisible   avia-builder-el-6  el_after_av_one_full  el_before_av_social_share '><span class='hr-inner ' ><span class='hr-inner-style'><\/span><\/span><\/div>\n<div  class='av-social-sharing-box  avia-builder-el-7  el_after_av_hr  el_before_av_hr  '><div class='av-share-box'><h5 class='av-share-link-description av-no-toc '>Compartir esta noticia<\/h5><ul class='av-share-box-list noLightbox'><li class='av-share-link av-social-link-facebook' ><a target=\"_blank\" aria-label=\"Compartir en Facebook\" href='https:\/\/www.facebook.com\/sharer.php?u=https:\/\/radiorevelacionfm.cl\/?p=51116&#038;t=Diputados%20de%20Ays%C3%A9n%20confirman%20con%20Ministra%20de%20Defensa%20nuevo%20vuelo%20de%20avi%C3%B3n%20de%20la%20FACH%20y%20piden%20que%20sea%20un%20servicio%20permanente' aria-hidden='false' data-av_icon='\ue8f3' data-av_iconfont='entypo-fontello' title='' data-avia-related-tooltip='Compartir en Facebook' rel=\"noopener\"><span class='avia_hidden_link_text'>Compartir en Facebook<\/span><\/a><\/li><li class='av-share-link av-social-link-twitter' ><a target=\"_blank\" aria-label=\"Compartir en Twitter\" href='https:\/\/twitter.com\/share?text=Diputados%20de%20Ays%C3%A9n%20confirman%20con%20Ministra%20de%20Defensa%20nuevo%20vuelo%20de%20avi%C3%B3n%20de%20la%20FACH%20y%20piden%20que%20sea%20un%20servicio%20permanente&#038;url=https:\/\/radiorevelacionfm.cl\/?p=51116' aria-hidden='false' data-av_icon='\ue8f1' data-av_iconfont='entypo-fontello' title='' data-avia-related-tooltip='Compartir en Twitter' rel=\"noopener\"><span class='avia_hidden_link_text'>Compartir en Twitter<\/span><\/a><\/li><li class='av-share-link av-social-link-whatsapp' ><a target=\"_blank\" aria-label=\"Compartir en Whatsapp\" href='https:\/\/api.whatsapp.com\/send?text=https:\/\/radiorevelacionfm.cl\/?p=51116' aria-hidden='false' data-av_icon='\uf232' data-av_iconfont='entypo-fontello' title='' data-avia-related-tooltip='Compartir en Whatsapp' rel=\"noopener\"><span class='avia_hidden_link_text'>Compartir en Whatsapp<\/span><\/a><\/li><li class='av-share-link av-social-link-linkedin' ><a target=\"_blank\" aria-label=\"Compartir en LinkedIn\" href='https:\/\/linkedin.com\/shareArticle?mini=true&#038;title=Diputados%20de%20Ays%C3%A9n%20confirman%20con%20Ministra%20de%20Defensa%20nuevo%20vuelo%20de%20avi%C3%B3n%20de%20la%20FACH%20y%20piden%20que%20sea%20un%20servicio%20permanente&#038;url=https:\/\/radiorevelacionfm.cl\/?p=51116' aria-hidden='false' data-av_icon='\ue8fc' data-av_iconfont='entypo-fontello' title='' data-avia-related-tooltip='Compartir en LinkedIn' rel=\"noopener\"><span class='avia_hidden_link_text'>Compartir en LinkedIn<\/span><\/a><\/li><li class='av-share-link av-social-link-mail' ><a  aria-label=\"Compartir por correo\" href='mailto:?subject=Diputados%20de%20Ays%C3%A9n%20confirman%20con%20Ministra%20de%20Defensa%20nuevo%20vuelo%20de%20avi%C3%B3n%20de%20la%20FACH%20y%20piden%20que%20sea%20un%20servicio%20permanente&#038;body=https:\/\/radiorevelacionfm.cl\/?p=51116' aria-hidden='false' data-av_icon='\ue805' data-av_iconfont='entypo-fontello' title='' data-avia-related-tooltip='Compartir por correo'><span class='avia_hidden_link_text'>Compartir por correo<\/span><\/a><\/li><\/ul><\/div><\/div>\n<div  style='height:50px' class='hr hr-invisible   avia-builder-el-8  el_after_av_social_share  el_before_av_comments_list '><span class='hr-inner ' ><span class='hr-inner-style'><\/span><\/span><\/div>\n<div  class='av-buildercomment  av-blog-meta-html-info-disabled av-blog-meta-tag-disabled  '><\/div>\n","protected":false},"excerpt":{"rendered":"","protected":false},"author":1,"featured_media":51117,"comment_status":"open","ping_status":"open","sticky":false,"template":"","format":"standard","meta":{"footnotes":""},"categories":[35],"tags":[],"class_list":["post-51116","post","type-post","status-publish","format-standard","has-post-thumbnail","hentry","category-politica"],"jetpack_featured_media_url":"https:\/\/radiorevelacionfm.cl\/wp-content\/uploads\/2025\/03\/FOTO-REU-MINISTRA-MAYA-FERNANDEZ-1-1.jpg","_links":{"self":[{"href":"https:\/\/radiorevelacionfm.cl\/index.php?rest_route=\/wp\/v2\/posts\/51116","targetHints":{"allow":["GET"]}}],"collection":[{"href":"https:\/\/radiorevelacionfm.cl\/index.php?rest_route=\/wp\/v2\/posts"}],"about":[{"href":"https:\/\/radiorevelacionfm.cl\/index.php?rest_route=\/wp\/v2\/types\/post"}],"author":[{"embeddable":true,"href":"https:\/\/radiorevelacionfm.cl\/index.php?rest_route=\/wp\/v2\/users\/1"}],"replies":[{"embeddable":true,"href":"https:\/\/radiorevelacionfm.cl\/index.php?rest_route=%2Fwp%2Fv2%2Fcomments&post=51116"}],"version-history":[{"count":2,"href":"https:\/\/radiorevelacionfm.cl\/index.php?rest_route=\/wp\/v2\/posts\/51116\/revisions"}],"predecessor-version":[{"id":51119,"href":"https:\/\/radiorevelacionfm.cl\/index.php?rest_route=\/wp\/v2\/posts\/51116\/revisions\/51119"}],"wp:featuredmedia":[{"embeddable":true,"href":"https:\/\/radiorevelacionfm.cl\/index.php?rest_route=\/wp\/v2\/media\/51117"}],"wp:attachment":[{"href":"https:\/\/radiorevelacionfm.cl\/index.php?rest_route=%2Fwp%2Fv2%2Fmedia&parent=51116"}],"wp:term":[{"taxonomy":"category","embeddable":true,"href":"https:\/\/radiorevelacionfm.cl\/index.php?rest_route=%2Fwp%2Fv2%2Fcategories&post=51116"},{"taxonomy":"post_tag","embeddable":true,"href":"https:\/\/radiorevelacionfm.cl\/index.php?rest_route=%2Fwp%2Fv2%2Ftags&post=51116"}],"curies":[{"name":"wp","href":"https:\/\/api.w.org\/{rel}","templated":true}]}}