{"id":51113,"date":"2025-03-05T21:08:50","date_gmt":"2025-03-06T00:08:50","guid":{"rendered":"https:\/\/radiorevelacionfm.cl\/?p=51113"},"modified":"2025-03-05T21:08:50","modified_gmt":"2025-03-06T00:08:50","slug":"core-acuerda-conformar-comision-mixta-para-pesquisar-contaminacion-de-rios-por-metales-pesados-en-alto-manihuales","status":"publish","type":"post","link":"https:\/\/radiorevelacionfm.cl\/?p=51113","title":{"rendered":"CORE acuerda conformar Comisi\u00f3n Mixta para pesquisar contaminaci\u00f3n de r\u00edos por metales pesados en Alto Ma\u00f1ihuales"},"content":{"rendered":"<div class=\"flex_column av_one_full  flex_column_div av-zero-column-padding first  avia-builder-el-0  el_before_av_one_full  avia-builder-el-first  \" style='border-radius:0px; '><div  class='avia-image-container  av-styling-    avia-builder-el-1  avia-builder-el-no-sibling  avia-align-center '  itemprop=\"image\" itemscope=\"itemscope\" itemtype=\"https:\/\/schema.org\/ImageObject\"  ><div class='avia-image-container-inner'><div class='avia-image-overlay-wrap'><img decoding=\"async\" class='wp-image-51114 avia-img-lazy-loading-not-51114 avia_image' src=\"https:\/\/radiorevelacionfm.cl\/wp-content\/uploads\/2025\/03\/relave-alto-manihuales-1_optimized-1.jpg\" alt='' title='relave-alto-ma\u00f1ihuales-(1)_optimized (1)' height=\"600\" width=\"1186\"  itemprop=\"thumbnailUrl\" srcset=\"https:\/\/radiorevelacionfm.cl\/wp-content\/uploads\/2025\/03\/relave-alto-manihuales-1_optimized-1.jpg 1186w, https:\/\/radiorevelacionfm.cl\/wp-content\/uploads\/2025\/03\/relave-alto-manihuales-1_optimized-1-300x152.jpg 300w, https:\/\/radiorevelacionfm.cl\/wp-content\/uploads\/2025\/03\/relave-alto-manihuales-1_optimized-1-1030x521.jpg 1030w, https:\/\/radiorevelacionfm.cl\/wp-content\/uploads\/2025\/03\/relave-alto-manihuales-1_optimized-1-768x389.jpg 768w, https:\/\/radiorevelacionfm.cl\/wp-content\/uploads\/2025\/03\/relave-alto-manihuales-1_optimized-1-705x357.jpg 705w, https:\/\/radiorevelacionfm.cl\/wp-content\/uploads\/2025\/03\/relave-alto-manihuales-1_optimized-1-450x228.jpg 450w, https:\/\/radiorevelacionfm.cl\/wp-content\/uploads\/2025\/03\/relave-alto-manihuales-1_optimized-1-600x304.jpg 600w\" sizes=\"(max-width: 1186px) 100vw, 1186px\" \/><\/div><\/div><\/div><\/div><div class=\"flex_column av_one_full  flex_column_div av-zero-column-padding first  avia-builder-el-2  el_after_av_one_full  el_before_av_one_full  column-top-margin\" style='border-radius:0px; '><section class=\"av_textblock_section \"  itemscope=\"itemscope\" itemtype=\"https:\/\/schema.org\/BlogPosting\" itemprop=\"blogPost\" ><div class='avia_textblock  '   itemprop=\"text\" ><p style=\"text-align: center;\"><span style=\"font-size: 18pt;\"><b>CORE acuerda conformar Comisi\u00f3n Mixta para pesquisar contaminaci\u00f3n de r\u00edos por metales pesados en Alto Ma\u00f1ihuales<\/b><\/span><\/p>\n<div id=\"gtx-trans\" style=\"position: absolute; left: -50px; top: 4.31534px;\">\n<div class=\"gtx-trans-icon\"><\/div>\n<\/div>\n<\/div><\/section><\/div><div class=\"flex_column av_one_full  flex_column_div av-zero-column-padding first  avia-builder-el-4  el_after_av_one_full  el_before_av_hr  column-top-margin\" style='border-radius:0px; '><section class=\"av_textblock_section \"  itemscope=\"itemscope\" itemtype=\"https:\/\/schema.org\/BlogPosting\" itemprop=\"blogPost\" ><div class='avia_textblock  '   itemprop=\"text\" ><p class=\"v1gmail-MsoListParagraph\" style=\"text-align: justify;\"><i>De esta forma se da seguimiento a sesi\u00f3n de la Comisi\u00f3n de Ciencia, Innovaci\u00f3n y Tecnolog\u00eda de enero de este a\u00f1o, donde se constat\u00f3 que pese a existir denuncias desde 2018 no se han tomado medidas concretas al respecto por parte del Estado.<\/i><\/p>\n<p class=\"v1MsoNormal\" style=\"text-align: justify;\">El Consejo Regional de Ays\u00e9n acord\u00f3\u00a0<a href=\"https:\/\/www.youtube.com\/live\/Zv3Uuisq8hc?si=kmLqIKnjtPjYbBGG&amp;t=11850\" target=\"_blank\" rel=\"noopener noreferrer\">conformar una\u00a0<b>Comisi\u00f3n Mixta<\/b><\/a>\u00a0tendiente a abordar la contaminaci\u00f3n por metales pesados que ha afectado a los r\u00edos Toqui, Ays\u00e9n y Ma\u00f1ihuales producto de d\u00e9cadas de operaciones de Compa\u00f1\u00eda Minera El Toqui, propiedad hoy de la Sociedad Minera Pac\u00edfico del Sur SpA.<\/p>\n<p class=\"v1MsoNormal\" style=\"text-align: justify;\">La solicitud fue realizada en sesi\u00f3n del martes 25 de febrero por el presidente de la\u00a0<b>Comisi\u00f3n de Ciencia, Innovaci\u00f3n y Tecnolog\u00eda (CIT), Benjam\u00edn Infante Rodr\u00edguez-Pe\u00f1a<\/b>, como una forma de operativizar el acuerdo que\u00a0<a href=\"https:\/\/www.canalsurpatagonia.cl\/preocupacion-en-el-core-por-falta-de-monitoreo-de-contaminacion-minera-en-cuenca-de-alto-manihuales\/#google_vignette\" target=\"_blank\" rel=\"noopener noreferrer\">adopt\u00f3 dicha instancia en enero pasado<\/a>.\u00a0 De esta forma, se sumar\u00e1 a este trabajo la\u00a0<b>Comisi\u00f3n de Regionalizaci\u00f3n, Integraci\u00f3n Territorial y Medio Ambiente (RIMA),<\/b>\u00a0presidida actualmente por Ana Mar\u00eda Mora Araneda.<\/p>\n<p class=\"v1MsoNormal\" style=\"text-align: justify;\">La decisi\u00f3n se adopta luego que desde el Centro de Investigaci\u00f3n en Ecosistemas de la Patagonia (CIEP) informaran que, a pesar de varios esfuerzos,\u00a0<a href=\"https:\/\/radiorevelacionfm.cl\/?p=50685\" target=\"_blank\" rel=\"noopener noreferrer\">no hay suficiente trabajo de monitoreo de la situaci\u00f3n de las aguas en la regi\u00f3n, particularmente en dichos territorios<\/a>. Infante fundament\u00f3 que existen \u00ab<i>denuncias contra la minera El Toqui que suponen contaminaci\u00f3n de dichas aguas. Sugiero que a partir de ese acuerdo este consejo pueda abordar nuevamente este tema para establecer la responsabilidad del caso<\/i>\u00ab. Y record\u00f3 las palabras del subdirector cient\u00edfico del CIEP, Brian Reid, durante la sesi\u00f3n de principios de a\u00f1o: \u00ab<i>Lo que yo vi en una larga trayectoria de an\u00e1lisis de agua es que en promedio hay niveles de metales pesados por sobre la norma en las aguas<\/i>\u00bb cit\u00f3 el consejero.<\/p>\n<p class=\"v1MsoNormal\" style=\"text-align: justify;\">Junto con constituir la Comisi\u00f3n Mixta, se acord\u00f3 que \u00e9sta \u00a0encargue la\u00a0<b>realizaci\u00f3n de un nuevo estudio<\/b>\u00a0y se\u00a0<b>oficie a distintos organismos p\u00fablicos y privados<\/b>\u00a0relacionados, con el fin de recabar antecedentes que puedan ser expuestos ante dicha instancia.<\/p>\n<p class=\"v1MsoNormal\" style=\"text-align: justify;\">Entre las entidades que tienen v\u00ednculo con la materia est\u00e1n la propia\u00a0<b>Compa\u00f1\u00eda Minera El Toqui<\/b>, las secretar\u00edas regionales ministeriales de\u00a0<b>Miner\u00eda<\/b>,\u00a0<b>Medio Ambiente<\/b>\u00a0y\u00a0<b>Salud<\/b>, la\u00a0<b>Corporaci\u00f3n Privada de Desarrollo de Ays\u00e9n<\/b>\u00a0(CODESA),\u00a0<b>Sernageomin<\/b>, la\u00a0<b>Superintendencia del Medioambiente<\/b>\u00a0(SMA), la\u00a0<b>Superintendencia de Salud<\/b>\u00a0y la\u00a0<b>direcci\u00f3n de Medioambiente del Municipio de Coyhaique<\/b>.<\/p>\n<p class=\"v1MsoNormal\" style=\"text-align: justify;\">Adem\u00e1s, la idea es que se genere un informe que \u00ab<i>reconozca los antecedentes emanados de la Superintendencia de Medio Ambiente y as\u00ed nos permita configurar con mayor claridad qu\u00e9 est\u00e1 ocurriendo<\/i>\u00bb indic\u00f3 Infante. Y cerr\u00f3 Infante: \u00ab<i>El crecimiento no puede sacrificar la salud, no puede ser a toda costa, porque eso no es crecimiento, sino que es depredaci\u00f3n<\/i>\u00ab<\/p>\n<p class=\"v1MsoNormal\" style=\"text-align: justify;\">Este paso confirma que el Estado, en distintos gobiernos, no ha hecho seguimiento alguno de la situaci\u00f3n ambiental y social de la zona de Alto Ma\u00f1ihuales desde la SMA constat\u00f3 en 2018 el grave da\u00f1o ambiental en suelos, aguas, personas y ganado.<\/p>\n<p class=\"v1MsoNormal\" style=\"text-align: justify;\">Fue el gobernador de Coyhaique de la \u00e9poca, Cristian L\u00f3pez Montecinos, quien\u00a0<a href=\"http:\/\/www.gobernacioncoihaique.gov.cl\/sin-categoria\/gobernador-lopez-montecinos-lidera-reunion-de-mesa-tripartita-de-soluciones-ambientales-de-alto-manihuales\/\" target=\"_blank\" rel=\"noopener noreferrer\">impuls\u00f3<\/a> mesas de trabajo para que la empresa minera El Toqui cerrara acuerdos, esencialmente de tipo econ\u00f3micos, con las familias del sector. A esas alturas ya se ten\u00eda el estudio del Colegio M\u00e9dico que hab\u00eda constatado peligrosos niveles de contaminaci\u00f3n por plomo, ars\u00e9nico y mercurio.<\/p>\n<p class=\"v1MsoNormal\" style=\"text-align: justify;\">L\u00f3pez ha sido ministro suplente en el Primer Tribunal Ambiental de Antofagasta, votando en varias ocasiones a favor del proyecto minero portuario Dominga, en Coquimbo.<\/p>\n<\/div><\/section><\/div><div  style='height:50px' class='hr hr-invisible   avia-builder-el-6  el_after_av_one_full  el_before_av_social_share '><span class='hr-inner ' ><span class='hr-inner-style'><\/span><\/span><\/div><\/p>\n<div  class='av-social-sharing-box  avia-builder-el-7  el_after_av_hr  el_before_av_hr  '><div class='av-share-box'><h5 class='av-share-link-description av-no-toc '>Compartir esta noticia<\/h5><ul class='av-share-box-list noLightbox'><li class='av-share-link av-social-link-facebook' ><a target=\"_blank\" aria-label=\"Compartir en Facebook\" href='https:\/\/www.facebook.com\/sharer.php?u=https:\/\/radiorevelacionfm.cl\/?p=51113&#038;t=CORE%20acuerda%20conformar%20Comisi%C3%B3n%20Mixta%20para%20pesquisar%20contaminaci%C3%B3n%20de%20r%C3%ADos%20por%20metales%20pesados%20en%20Alto%20Ma%C3%B1ihuales' aria-hidden='false' data-av_icon='\ue8f3' data-av_iconfont='entypo-fontello' title='' data-avia-related-tooltip='Compartir en Facebook' rel=\"noopener\"><span class='avia_hidden_link_text'>Compartir en Facebook<\/span><\/a><\/li><li class='av-share-link av-social-link-twitter' ><a target=\"_blank\" aria-label=\"Compartir en Twitter\" href='https:\/\/twitter.com\/share?text=CORE%20acuerda%20conformar%20Comisi%C3%B3n%20Mixta%20para%20pesquisar%20contaminaci%C3%B3n%20de%20r%C3%ADos%20por%20metales%20pesados%20en%20Alto%20Ma%C3%B1ihuales&#038;url=https:\/\/radiorevelacionfm.cl\/?p=51113' aria-hidden='false' data-av_icon='\ue8f1' data-av_iconfont='entypo-fontello' title='' data-avia-related-tooltip='Compartir en Twitter' rel=\"noopener\"><span class='avia_hidden_link_text'>Compartir en Twitter<\/span><\/a><\/li><li class='av-share-link av-social-link-whatsapp' ><a target=\"_blank\" aria-label=\"Compartir en Whatsapp\" href='https:\/\/api.whatsapp.com\/send?text=https:\/\/radiorevelacionfm.cl\/?p=51113' aria-hidden='false' data-av_icon='\uf232' data-av_iconfont='entypo-fontello' title='' data-avia-related-tooltip='Compartir en Whatsapp' rel=\"noopener\"><span class='avia_hidden_link_text'>Compartir en Whatsapp<\/span><\/a><\/li><li class='av-share-link av-social-link-linkedin' ><a target=\"_blank\" aria-label=\"Compartir en LinkedIn\" href='https:\/\/linkedin.com\/shareArticle?mini=true&#038;title=CORE%20acuerda%20conformar%20Comisi%C3%B3n%20Mixta%20para%20pesquisar%20contaminaci%C3%B3n%20de%20r%C3%ADos%20por%20metales%20pesados%20en%20Alto%20Ma%C3%B1ihuales&#038;url=https:\/\/radiorevelacionfm.cl\/?p=51113' aria-hidden='false' data-av_icon='\ue8fc' data-av_iconfont='entypo-fontello' title='' data-avia-related-tooltip='Compartir en LinkedIn' rel=\"noopener\"><span class='avia_hidden_link_text'>Compartir en LinkedIn<\/span><\/a><\/li><li class='av-share-link av-social-link-mail' ><a  aria-label=\"Compartir por correo\" href='mailto:?subject=CORE%20acuerda%20conformar%20Comisi%C3%B3n%20Mixta%20para%20pesquisar%20contaminaci%C3%B3n%20de%20r%C3%ADos%20por%20metales%20pesados%20en%20Alto%20Ma%C3%B1ihuales&#038;body=https:\/\/radiorevelacionfm.cl\/?p=51113' aria-hidden='false' data-av_icon='\ue805' data-av_iconfont='entypo-fontello' title='' data-avia-related-tooltip='Compartir por correo'><span class='avia_hidden_link_text'>Compartir por correo<\/span><\/a><\/li><\/ul><\/div><\/div>\n<div  style='height:50px' class='hr hr-invisible   avia-builder-el-8  el_after_av_social_share  el_before_av_comments_list '><span class='hr-inner ' ><span class='hr-inner-style'><\/span><\/span><\/div>\n<div  class='av-buildercomment  av-blog-meta-html-info-disabled av-blog-meta-tag-disabled  '><\/div>\n","protected":false},"excerpt":{"rendered":"","protected":false},"author":1,"featured_media":51114,"comment_status":"open","ping_status":"open","sticky":false,"template":"","format":"standard","meta":{"footnotes":""},"categories":[38],"tags":[],"class_list":["post-51113","post","type-post","status-publish","format-standard","has-post-thumbnail","hentry","category-regional"],"jetpack_featured_media_url":"https:\/\/radiorevelacionfm.cl\/wp-content\/uploads\/2025\/03\/relave-alto-manihuales-1_optimized-1.jpg","_links":{"self":[{"href":"https:\/\/radiorevelacionfm.cl\/index.php?rest_route=\/wp\/v2\/posts\/51113","targetHints":{"allow":["GET"]}}],"collection":[{"href":"https:\/\/radiorevelacionfm.cl\/index.php?rest_route=\/wp\/v2\/posts"}],"about":[{"href":"https:\/\/radiorevelacionfm.cl\/index.php?rest_route=\/wp\/v2\/types\/post"}],"author":[{"embeddable":true,"href":"https:\/\/radiorevelacionfm.cl\/index.php?rest_route=\/wp\/v2\/users\/1"}],"replies":[{"embeddable":true,"href":"https:\/\/radiorevelacionfm.cl\/index.php?rest_route=%2Fwp%2Fv2%2Fcomments&post=51113"}],"version-history":[{"count":1,"href":"https:\/\/radiorevelacionfm.cl\/index.php?rest_route=\/wp\/v2\/posts\/51113\/revisions"}],"predecessor-version":[{"id":51115,"href":"https:\/\/radiorevelacionfm.cl\/index.php?rest_route=\/wp\/v2\/posts\/51113\/revisions\/51115"}],"wp:featuredmedia":[{"embeddable":true,"href":"https:\/\/radiorevelacionfm.cl\/index.php?rest_route=\/wp\/v2\/media\/51114"}],"wp:attachment":[{"href":"https:\/\/radiorevelacionfm.cl\/index.php?rest_route=%2Fwp%2Fv2%2Fmedia&parent=51113"}],"wp:term":[{"taxonomy":"category","embeddable":true,"href":"https:\/\/radiorevelacionfm.cl\/index.php?rest_route=%2Fwp%2Fv2%2Fcategories&post=51113"},{"taxonomy":"post_tag","embeddable":true,"href":"https:\/\/radiorevelacionfm.cl\/index.php?rest_route=%2Fwp%2Fv2%2Ftags&post=51113"}],"curies":[{"name":"wp","href":"https:\/\/api.w.org\/{rel}","templated":true}]}}