{"id":51110,"date":"2025-03-05T12:44:39","date_gmt":"2025-03-05T15:44:39","guid":{"rendered":"https:\/\/radiorevelacionfm.cl\/?p=51110"},"modified":"2025-03-05T12:44:39","modified_gmt":"2025-03-05T15:44:39","slug":"injuv-lanza-segunda-version-del-programa-compromiso-joven-para-municipios-de-la-region","status":"publish","type":"post","link":"https:\/\/radiorevelacionfm.cl\/?p=51110","title":{"rendered":"INJUV lanza segunda versi\u00f3n del programa Compromiso Joven para municipios de la regi\u00f3n"},"content":{"rendered":"<div class=\"flex_column av_one_full  flex_column_div av-zero-column-padding first  avia-builder-el-0  el_before_av_one_full  avia-builder-el-first  \" style='border-radius:0px; '><div  class='avia-image-container  av-styling-    avia-builder-el-1  avia-builder-el-no-sibling  avia-align-center '  itemprop=\"image\" itemscope=\"itemscope\" itemtype=\"https:\/\/schema.org\/ImageObject\"  ><div class='avia-image-container-inner'><div class='avia-image-overlay-wrap'><img decoding=\"async\" class='wp-image-51111 avia-img-lazy-loading-not-51111 avia_image' src=\"https:\/\/radiorevelacionfm.cl\/wp-content\/uploads\/2025\/03\/foto-2-referencial-aNo-2024-1_optimized.jpg\" alt='' title='foto-2-(referencial-a\u00d1o-2024)-(1)_optimized' height=\"600\" width=\"857\"  itemprop=\"thumbnailUrl\" srcset=\"https:\/\/radiorevelacionfm.cl\/wp-content\/uploads\/2025\/03\/foto-2-referencial-aNo-2024-1_optimized.jpg 857w, https:\/\/radiorevelacionfm.cl\/wp-content\/uploads\/2025\/03\/foto-2-referencial-aNo-2024-1_optimized-300x210.jpg 300w, https:\/\/radiorevelacionfm.cl\/wp-content\/uploads\/2025\/03\/foto-2-referencial-aNo-2024-1_optimized-768x538.jpg 768w, https:\/\/radiorevelacionfm.cl\/wp-content\/uploads\/2025\/03\/foto-2-referencial-aNo-2024-1_optimized-705x494.jpg 705w, https:\/\/radiorevelacionfm.cl\/wp-content\/uploads\/2025\/03\/foto-2-referencial-aNo-2024-1_optimized-450x315.jpg 450w, https:\/\/radiorevelacionfm.cl\/wp-content\/uploads\/2025\/03\/foto-2-referencial-aNo-2024-1_optimized-600x420.jpg 600w\" sizes=\"(max-width: 857px) 100vw, 857px\" \/><\/div><\/div><\/div><\/div><div class=\"flex_column av_one_full  flex_column_div av-zero-column-padding first  avia-builder-el-2  el_after_av_one_full  el_before_av_one_full  column-top-margin\" style='border-radius:0px; '><section class=\"av_textblock_section \"  itemscope=\"itemscope\" itemtype=\"https:\/\/schema.org\/BlogPosting\" itemprop=\"blogPost\" ><div class='avia_textblock  '   itemprop=\"text\" ><p style=\"text-align: center;\"><strong><span style=\"font-size: 18pt;\">INJUV lanza segunda versi\u00f3n del programa Compromiso Joven para municipios de la regi\u00f3n<\/span><\/strong><\/p>\n<div id=\"gtx-trans\" style=\"position: absolute; left: -50px; top: 4.31534px;\">\n<div class=\"gtx-trans-icon\"><\/div>\n<\/div>\n<\/div><\/section><\/div><div class=\"flex_column av_one_full  flex_column_div av-zero-column-padding first  avia-builder-el-4  el_after_av_one_full  el_before_av_hr  column-top-margin\" style='border-radius:0px; '><section class=\"av_textblock_section \"  itemscope=\"itemscope\" itemtype=\"https:\/\/schema.org\/BlogPosting\" itemprop=\"blogPost\" ><div class='avia_textblock  '   itemprop=\"text\" ><p style=\"text-align: justify;\"><em>Las postulaciones estar\u00e1n abiertas hasta el 23 de marzo y quienes resulten seleccionados contar\u00e1n con acompa\u00f1amiento y asistencia t\u00e9cnica para instalar la perspectiva de juventudes en los equipos municipales.<\/em><\/p>\n<p style=\"text-align: justify;\">Con la publicaci\u00f3n de las bases, el Instituto Nacional de la Juventud (INJUV) dio inicio al concurso p\u00fablico para municipios que quieran ser parte de la segunda versi\u00f3n del Programa Compromiso Joven.<\/p>\n<p style=\"text-align: justify;\">Este programa busca aumentar los niveles de participaci\u00f3n de j\u00f3venes en acciones de desarrollo comunitario local, a trav\u00e9s del trabajo en conjunto con las municipalidades y el acompa\u00f1amiento de los equipos de INJUV, tanto del nivel central como de regiones.<\/p>\n<p style=\"text-align: justify;\">Pueden postular todos los municipios el pa\u00eds que se encuentren inscritos como receptores de fondos p\u00fablicos y que no presenten rendiciones pendientes con INJUV.<\/p>\n<p style=\"text-align: justify;\">\u201cEstamos felices de comenzar una nueva convocatoria. En la primera versi\u00f3n pudimos trabajar junto a tres \u00a0municipios de la regi\u00f3n, donde participaron m\u00e1s de 350 j\u00f3venes y ahora el objetivo es ampliar la cobertura, para seguir fortaleciendo la vinculaci\u00f3n de las juventudes \u00a0con el impacto que estas tienen en sus territorios\u201d, indic\u00f3 el director regional del INJUV Ays\u00e9n, Camilo Trivi\u00f1o Urtubia.<\/p>\n<p style=\"text-align: justify;\">Durante el primer a\u00f1o, los municipios recibir\u00e1n asistencia t\u00e9cnica para realizar un diagn\u00f3stico local, crear un\u00a0<strong>Plan Municipal de Juventudes (PAMJUV)<\/strong>\u00a0y desarrollar acciones focalizadas que hayan sido propuestas directamente por las y los j\u00f3venes.<\/p>\n<p style=\"text-align: justify;\">En el segundo a\u00f1o, ser\u00e1n las juventudes locales quienes acceder\u00e1n a una ruta formativa en liderazgo y formulaci\u00f3n de proyectos, y las organizaciones comunitarias podr\u00e1n postular a fondos concursables para apoyar iniciativas juveniles.<\/p>\n<p style=\"text-align: justify;\">Al finalizar, los municipios contar\u00e1n con la\u00a0<strong>Estrategia Municipal de Juventudes (EMJUV)<\/strong>, una herramienta para continuar fortaleciendo su trabajo.<\/p>\n<p style=\"text-align: justify;\">El per\u00edodo de postulaci\u00f3n es hasta el 23 de marzo con horario de cierre a las 23:59 horas. Todo el tr\u00e1mite ser\u00e1 en formato digital a trav\u00e9s de <a href=\"https:\/\/compromisojoven.injuv.gob.cl\/municipios\">compromisojoven.injuv.gob.cl\/municipios<\/a><\/p>\n<h4 style=\"text-align: justify;\">\u00bfQu\u00e9 se necesita para postular?<\/h4>\n<ul style=\"text-align: justify;\">\n<li>\u00a0Formulario de postulaci\u00f3n completo.<\/li>\n<li>\u00a0Declaraci\u00f3n jurada simple firmada por el representante legal.<\/li>\n<li>\u00a0Decreto de nombramiento alcaldicio del municipio postulante.<\/li>\n<li>\u00a0Completar anexo N\u00ba4 que acredita antecedentes de trabajo previo en juventudes.<\/li>\n<li>\u00a0Designar 3 contrapartes municipales: 1 titular y 2 suplentes.<\/li>\n<\/ul>\n<p style=\"text-align: justify;\">Se seleccionar\u00e1n 70 municipios de todo el pa\u00eds para que puedan implementar el programa durante el a\u00f1o 2025.<\/p>\n<\/div><\/section><\/div><div  style='height:50px' class='hr hr-invisible   avia-builder-el-6  el_after_av_one_full  el_before_av_social_share '><span class='hr-inner ' ><span class='hr-inner-style'><\/span><\/span><\/div><\/p>\n<div  class='av-social-sharing-box  avia-builder-el-7  el_after_av_hr  el_before_av_hr  '><div class='av-share-box'><h5 class='av-share-link-description av-no-toc '>Compartir esta noticia<\/h5><ul class='av-share-box-list noLightbox'><li class='av-share-link av-social-link-facebook' ><a target=\"_blank\" aria-label=\"Compartir en Facebook\" href='https:\/\/www.facebook.com\/sharer.php?u=https:\/\/radiorevelacionfm.cl\/?p=51110&#038;t=INJUV%20lanza%20segunda%20versi%C3%B3n%20del%20programa%20Compromiso%20Joven%20para%20municipios%20de%20la%20regi%C3%B3n' aria-hidden='false' data-av_icon='\ue8f3' data-av_iconfont='entypo-fontello' title='' data-avia-related-tooltip='Compartir en Facebook' rel=\"noopener\"><span class='avia_hidden_link_text'>Compartir en Facebook<\/span><\/a><\/li><li class='av-share-link av-social-link-twitter' ><a target=\"_blank\" aria-label=\"Compartir en Twitter\" href='https:\/\/twitter.com\/share?text=INJUV%20lanza%20segunda%20versi%C3%B3n%20del%20programa%20Compromiso%20Joven%20para%20municipios%20de%20la%20regi%C3%B3n&#038;url=https:\/\/radiorevelacionfm.cl\/?p=51110' aria-hidden='false' data-av_icon='\ue8f1' data-av_iconfont='entypo-fontello' title='' data-avia-related-tooltip='Compartir en Twitter' rel=\"noopener\"><span class='avia_hidden_link_text'>Compartir en Twitter<\/span><\/a><\/li><li class='av-share-link av-social-link-whatsapp' ><a target=\"_blank\" aria-label=\"Compartir en Whatsapp\" href='https:\/\/api.whatsapp.com\/send?text=https:\/\/radiorevelacionfm.cl\/?p=51110' aria-hidden='false' data-av_icon='\uf232' data-av_iconfont='entypo-fontello' title='' data-avia-related-tooltip='Compartir en Whatsapp' rel=\"noopener\"><span class='avia_hidden_link_text'>Compartir en Whatsapp<\/span><\/a><\/li><li class='av-share-link av-social-link-linkedin' ><a target=\"_blank\" aria-label=\"Compartir en LinkedIn\" href='https:\/\/linkedin.com\/shareArticle?mini=true&#038;title=INJUV%20lanza%20segunda%20versi%C3%B3n%20del%20programa%20Compromiso%20Joven%20para%20municipios%20de%20la%20regi%C3%B3n&#038;url=https:\/\/radiorevelacionfm.cl\/?p=51110' aria-hidden='false' data-av_icon='\ue8fc' data-av_iconfont='entypo-fontello' title='' data-avia-related-tooltip='Compartir en LinkedIn' rel=\"noopener\"><span class='avia_hidden_link_text'>Compartir en LinkedIn<\/span><\/a><\/li><li class='av-share-link av-social-link-mail' ><a  aria-label=\"Compartir por correo\" href='mailto:?subject=INJUV%20lanza%20segunda%20versi%C3%B3n%20del%20programa%20Compromiso%20Joven%20para%20municipios%20de%20la%20regi%C3%B3n&#038;body=https:\/\/radiorevelacionfm.cl\/?p=51110' aria-hidden='false' data-av_icon='\ue805' data-av_iconfont='entypo-fontello' title='' data-avia-related-tooltip='Compartir por correo'><span class='avia_hidden_link_text'>Compartir por correo<\/span><\/a><\/li><\/ul><\/div><\/div>\n<div  style='height:50px' class='hr hr-invisible   avia-builder-el-8  el_after_av_social_share  el_before_av_comments_list '><span class='hr-inner ' ><span class='hr-inner-style'><\/span><\/span><\/div>\n<div  class='av-buildercomment  av-blog-meta-html-info-disabled av-blog-meta-tag-disabled  '><\/div>\n","protected":false},"excerpt":{"rendered":"","protected":false},"author":1,"featured_media":51111,"comment_status":"open","ping_status":"open","sticky":false,"template":"","format":"standard","meta":{"footnotes":""},"categories":[38],"tags":[],"class_list":["post-51110","post","type-post","status-publish","format-standard","has-post-thumbnail","hentry","category-regional"],"jetpack_featured_media_url":"https:\/\/radiorevelacionfm.cl\/wp-content\/uploads\/2025\/03\/foto-2-referencial-aNo-2024-1_optimized.jpg","_links":{"self":[{"href":"https:\/\/radiorevelacionfm.cl\/index.php?rest_route=\/wp\/v2\/posts\/51110","targetHints":{"allow":["GET"]}}],"collection":[{"href":"https:\/\/radiorevelacionfm.cl\/index.php?rest_route=\/wp\/v2\/posts"}],"about":[{"href":"https:\/\/radiorevelacionfm.cl\/index.php?rest_route=\/wp\/v2\/types\/post"}],"author":[{"embeddable":true,"href":"https:\/\/radiorevelacionfm.cl\/index.php?rest_route=\/wp\/v2\/users\/1"}],"replies":[{"embeddable":true,"href":"https:\/\/radiorevelacionfm.cl\/index.php?rest_route=%2Fwp%2Fv2%2Fcomments&post=51110"}],"version-history":[{"count":1,"href":"https:\/\/radiorevelacionfm.cl\/index.php?rest_route=\/wp\/v2\/posts\/51110\/revisions"}],"predecessor-version":[{"id":51112,"href":"https:\/\/radiorevelacionfm.cl\/index.php?rest_route=\/wp\/v2\/posts\/51110\/revisions\/51112"}],"wp:featuredmedia":[{"embeddable":true,"href":"https:\/\/radiorevelacionfm.cl\/index.php?rest_route=\/wp\/v2\/media\/51111"}],"wp:attachment":[{"href":"https:\/\/radiorevelacionfm.cl\/index.php?rest_route=%2Fwp%2Fv2%2Fmedia&parent=51110"}],"wp:term":[{"taxonomy":"category","embeddable":true,"href":"https:\/\/radiorevelacionfm.cl\/index.php?rest_route=%2Fwp%2Fv2%2Fcategories&post=51110"},{"taxonomy":"post_tag","embeddable":true,"href":"https:\/\/radiorevelacionfm.cl\/index.php?rest_route=%2Fwp%2Fv2%2Ftags&post=51110"}],"curies":[{"name":"wp","href":"https:\/\/api.w.org\/{rel}","templated":true}]}}