{"id":5111,"date":"2021-06-12T20:40:01","date_gmt":"2021-06-12T23:40:01","guid":{"rendered":"https:\/\/radiorevelacionfm.cl\/?p=5111"},"modified":"2021-06-12T20:40:01","modified_gmt":"2021-06-12T23:40:01","slug":"proyecto-explora-aysen-impartira-capacitacion-de-comunicacion-de-la-ciencia-para-la-comunidad-cientifica","status":"publish","type":"post","link":"https:\/\/radiorevelacionfm.cl\/?p=5111","title":{"rendered":"Proyecto Explora Ays\u00e9n impartir\u00e1 capacitaci\u00f3n de comunicaci\u00f3n de la ciencia para la comunidad cient\u00edfica"},"content":{"rendered":"<div class=\"flex_column av_one_full  flex_column_div av-zero-column-padding first  avia-builder-el-0  el_before_av_one_full  avia-builder-el-first  \" style='border-radius:0px; '><div  class='avia-image-container  av-styling-    avia-builder-el-1  avia-builder-el-no-sibling  avia-align-center '  itemprop=\"image\" itemscope=\"itemscope\" itemtype=\"https:\/\/schema.org\/ImageObject\"  ><div class='avia-image-container-inner'><div class='avia-image-overlay-wrap'><img decoding=\"async\" class='wp-image-0 avia-img-lazy-loading-not-0 avia_image' src=\"https:\/\/radiorevelacionfm.cl\/wp-content\/uploads\/2021\/06\/CapacitacionCA-1-1.png\" alt='' title=''   itemprop=\"thumbnailUrl\"  \/><\/div><\/div><\/div><\/div><div class=\"flex_column av_one_full  flex_column_div av-zero-column-padding first  avia-builder-el-2  el_after_av_one_full  el_before_av_one_full  column-top-margin\" style='border-radius:0px; '><section class=\"av_textblock_section \"  itemscope=\"itemscope\" itemtype=\"https:\/\/schema.org\/BlogPosting\" itemprop=\"blogPost\" ><div class='avia_textblock  '   itemprop=\"text\" ><p style=\"text-align: center;\"><strong><span style=\"font-size: 18pt;\">Proyecto Explora Ays\u00e9n impartir\u00e1 capacitaci\u00f3n de comunicaci\u00f3n de la ciencia para la comunidad cient\u00edfica<\/span><\/strong><\/p>\n<div id=\"gtx-trans\" style=\"position: absolute; left: -50px; top: 4.31534px;\">\n<div class=\"gtx-trans-icon\"><\/div>\n<\/div>\n<\/div><\/section><\/div><div class=\"flex_column av_one_full  flex_column_div av-zero-column-padding first  avia-builder-el-4  el_after_av_one_full  el_before_av_hr  column-top-margin\" style='border-radius:0px; '><section class=\"av_textblock_section \"  itemscope=\"itemscope\" itemtype=\"https:\/\/schema.org\/BlogPosting\" itemprop=\"blogPost\" ><div class='avia_textblock  '   itemprop=\"text\" ><p style=\"text-align: justify;\">La capacitaci\u00f3n es parte de un conjunto de iniciativas de Ciencia Abierta y ser\u00e1 realizada por Macarena Rojas \u00c1valos, Bi\u00f3loga y M\u00e1ster en Periodismo, conductora del podcast Cr\u00f3nicas Cient\u00edficas.<\/p>\n<p style=\"text-align: justify;\"><strong>Desaf\u00edos del siglo XXI<\/strong><\/p>\n<p style=\"text-align: justify;\">Ser parte de un mundo contempor\u00e1neo donde existe gran cantidad de informaci\u00f3n no es tarea f\u00e1cil. Para distinguir los hechos de la desinformaci\u00f3n es necesario que exista una ciudadan\u00eda informada y con perspectiva cr\u00edtica, y para que ello ocurra, la ciencia, que adem\u00e1s est\u00e1 muy presente en la vida diaria, resulta ser una herramienta fundamental de empoderamiento ciudadano. Sin embargo, \u00bfC\u00f3mo la comunidad cient\u00edfica puede comunicar los nuevos descubrimientos a la sociedad?<\/p>\n<p style=\"text-align: justify;\">Durante los \u00faltimos a\u00f1os en Chile se ha observado una mayor visibilidad de cient\u00edficos\/as que han logrado posicionarse en plataformas y medios de comunicaci\u00f3n masivos, desde donde abordan la ciencia de forma cercana, entretenida y l\u00fadica, aportando as\u00ed en un aumento del inter\u00e9s de la ciudadan\u00eda por distintas disciplinas.<\/p>\n<p style=\"text-align: justify;\">En medio de este escenario, donde surgen cada vez m\u00e1s oportunidades para fortalecer el v\u00ednculo entre la comunidad cient\u00edfica y la sociedad, el Proyecto Explora Ays\u00e9n del Ministerio de Ciencia, Tecnolog\u00eda, Conocimiento e Innovaci\u00f3n, ejecutado por el Campus Patagonia de la Universidad Austral de Chile, invita a investigadores\/as y cient\u00edficos\/as a participar de <strong>\u201cLa Ciencia que Comunicamos\u201d,\u00a0<\/strong>una capacitaci\u00f3n para cient\u00edficos\/as que tiene como objetivo entregar estrategias para reconocer audiencias y desarrollar herramientas para la comunicaci\u00f3n efectiva de la ciencia.<\/p>\n<p style=\"text-align: justify;\"><strong>\u00bfEn qu\u00e9 consiste la capacitaci\u00f3n?<\/strong><\/p>\n<p style=\"text-align: justify;\">\u201c<strong>La Ciencia que Comunicamos\u201d <\/strong>ser\u00e1 un espacio para fortalecer las estrategias de comunicaci\u00f3n de la ciencia dirigida a investigadores\/as, y es la actividad con la que el Proyecto Explora Ays\u00e9n inicia la programaci\u00f3n de su l\u00ednea estrat\u00e9gica\u00a0 Ciencia Abierta 2021. \u201cEl objetivo de la capacitaci\u00f3n es entregar a las y los cient\u00edficos e investigadores estrategias para comunicar la ciencia de manera m\u00e1s efectiva y desarrollar herramientas para convertirse en agentes activos de la socializaci\u00f3n del conocimiento cient\u00edfico de sus territorios\u201d, explica Celeste Skewes, Periodista del Proyecto Explora Ays\u00e9n y Encargada de la implementaci\u00f3n de Ciencia Abierta en la regi\u00f3n.<\/p>\n<p style=\"text-align: justify;\">La capacitaci\u00f3n ser\u00e1 desarrollada de manera virtual con un enfoque te\u00f3rico-pr\u00e1ctico, en dos sesiones (talleres) y ser\u00e1 realizada por Macarena Rojas \u00c1valos, Bi\u00f3loga, M\u00e1ster en Periodismo y conductora del podcast Cr\u00f3nicas Cient\u00edficas. Tambi\u00e9n es profesora de Comunicaci\u00f3n de la Cencia en la Facultad de Comunicaciones de la Pontificia Universidad Cat\u00f3lica de Chile y la Vicerrector\u00eda de Investigaci\u00f3n y Doctorados de la Universidad San Sebasti\u00e1n.<\/p>\n<p style=\"text-align: justify;\">Durante las sesiones se abordar\u00e1n tem\u00e1ticas asociadas a estrategias para comunicar informaci\u00f3n cient\u00edfica, estudio de audiencias y segmentaci\u00f3n de p\u00fablicos, entre otras.<\/p>\n<p style=\"text-align: justify;\">Las y los investigadores que participen de la capacitaci\u00f3n tendr\u00e1n la posibilidad de ser parte de las diversas actividades que Ciencia Abierta realizar\u00e1 durante todo el a\u00f1o: conversatorios, charlas y entrevistas desarrolladas a trav\u00e9s del proyecto PAR explora Ays\u00e9n.<\/p>\n<p style=\"text-align: justify;\"><strong>S\u00ed, quiero ser parte \u00bfC\u00f3mo postulo?<\/strong><\/p>\n<p style=\"text-align: justify;\">Pueden postular cient\u00edficos\/as e investigadores\/as que pertenecen o est\u00e1n asociados a instituciones e independientes interesados en la divulgaci\u00f3n, preferentemente con posgrado y conocimiento de la regi\u00f3n de Ays\u00e9n (no excluyente).<\/p>\n<p style=\"text-align: justify;\">La capacitaci\u00f3n se realizar\u00e1 entre el 28\/06 y el 09\/07<strong>. <\/strong>Los horarios ser\u00e1n de las 17:00 a las 19:00 horas.<\/p>\n<p style=\"text-align: justify;\">Para postular s\u00f3lo debes completar el formulario que estar\u00e1 disponible hasta el 20 de junio.<\/p>\n<p style=\"text-align: justify;\"><a href=\"https:\/\/docs.google.com\/forms\/d\/e\/1FAIpQLSdAeArm3WYgagow9n4zGdkLiS4qJ9aEIjnPmrgu_PtqRGeVBw\/viewform\">Accede al formulario de inscripci\u00f3n<\/a><\/p>\n<p style=\"text-align: justify;\"><a href=\"https:\/\/drive.google.com\/file\/d\/1fy88CIgYzqZRr2VfSpqntDZHB_j2VFvy\/view\">Descargar las bases de la convocatoria<\/a><\/p>\n<\/div><\/section><\/div><div  style='height:50px' class='hr hr-invisible   avia-builder-el-6  el_after_av_one_full  el_before_av_social_share '><span class='hr-inner ' ><span class='hr-inner-style'><\/span><\/span><\/div><\/p>\n<div  class='av-social-sharing-box  avia-builder-el-7  el_after_av_hr  el_before_av_hr  '><div class='av-share-box'><h5 class='av-share-link-description av-no-toc '>Compartir esta noticia<\/h5><ul class='av-share-box-list noLightbox'><li class='av-share-link av-social-link-facebook' ><a target=\"_blank\" aria-label=\"Compartir en Facebook\" href='https:\/\/www.facebook.com\/sharer.php?u=https:\/\/radiorevelacionfm.cl\/?p=5111&#038;t=Proyecto%20Explora%20Ays%C3%A9n%20impartir%C3%A1%20capacitaci%C3%B3n%20de%20comunicaci%C3%B3n%20de%20la%20ciencia%20para%20la%20comunidad%20cient%C3%ADfica' aria-hidden='false' data-av_icon='\ue8f3' data-av_iconfont='entypo-fontello' title='' data-avia-related-tooltip='Compartir en Facebook' rel=\"noopener\"><span class='avia_hidden_link_text'>Compartir en Facebook<\/span><\/a><\/li><li class='av-share-link av-social-link-twitter' ><a target=\"_blank\" aria-label=\"Compartir en Twitter\" href='https:\/\/twitter.com\/share?text=Proyecto%20Explora%20Ays%C3%A9n%20impartir%C3%A1%20capacitaci%C3%B3n%20de%20comunicaci%C3%B3n%20de%20la%20ciencia%20para%20la%20comunidad%20cient%C3%ADfica&#038;url=https:\/\/radiorevelacionfm.cl\/?p=5111' aria-hidden='false' data-av_icon='\ue8f1' data-av_iconfont='entypo-fontello' title='' data-avia-related-tooltip='Compartir en Twitter' rel=\"noopener\"><span class='avia_hidden_link_text'>Compartir en Twitter<\/span><\/a><\/li><li class='av-share-link av-social-link-whatsapp' ><a target=\"_blank\" aria-label=\"Compartir en Whatsapp\" href='https:\/\/api.whatsapp.com\/send?text=https:\/\/radiorevelacionfm.cl\/?p=5111' aria-hidden='false' data-av_icon='\uf232' data-av_iconfont='entypo-fontello' title='' data-avia-related-tooltip='Compartir en Whatsapp' rel=\"noopener\"><span class='avia_hidden_link_text'>Compartir en Whatsapp<\/span><\/a><\/li><li class='av-share-link av-social-link-linkedin' ><a target=\"_blank\" aria-label=\"Compartir en LinkedIn\" href='https:\/\/linkedin.com\/shareArticle?mini=true&#038;title=Proyecto%20Explora%20Ays%C3%A9n%20impartir%C3%A1%20capacitaci%C3%B3n%20de%20comunicaci%C3%B3n%20de%20la%20ciencia%20para%20la%20comunidad%20cient%C3%ADfica&#038;url=https:\/\/radiorevelacionfm.cl\/?p=5111' aria-hidden='false' data-av_icon='\ue8fc' data-av_iconfont='entypo-fontello' title='' data-avia-related-tooltip='Compartir en LinkedIn' rel=\"noopener\"><span class='avia_hidden_link_text'>Compartir en LinkedIn<\/span><\/a><\/li><li class='av-share-link av-social-link-mail' ><a  aria-label=\"Compartir por correo\" href='mailto:?subject=Proyecto%20Explora%20Ays%C3%A9n%20impartir%C3%A1%20capacitaci%C3%B3n%20de%20comunicaci%C3%B3n%20de%20la%20ciencia%20para%20la%20comunidad%20cient%C3%ADfica&#038;body=https:\/\/radiorevelacionfm.cl\/?p=5111' aria-hidden='false' data-av_icon='\ue805' data-av_iconfont='entypo-fontello' title='' data-avia-related-tooltip='Compartir por correo'><span class='avia_hidden_link_text'>Compartir por correo<\/span><\/a><\/li><\/ul><\/div><\/div>\n<div  style='height:50px' class='hr hr-invisible   avia-builder-el-8  el_after_av_social_share  el_before_av_comments_list '><span class='hr-inner ' ><span class='hr-inner-style'><\/span><\/span><\/div>\n<div  class='av-buildercomment  av-blog-meta-html-info-disabled av-blog-meta-tag-disabled  '><\/div>\n","protected":false},"excerpt":{"rendered":"","protected":false},"author":1,"featured_media":0,"comment_status":"open","ping_status":"open","sticky":false,"template":"","format":"standard","meta":{"footnotes":""},"categories":[53],"tags":[],"class_list":["post-5111","post","type-post","status-publish","format-standard","hentry","category-ciencia"],"jetpack_featured_media_url":"","_links":{"self":[{"href":"https:\/\/radiorevelacionfm.cl\/index.php?rest_route=\/wp\/v2\/posts\/5111","targetHints":{"allow":["GET"]}}],"collection":[{"href":"https:\/\/radiorevelacionfm.cl\/index.php?rest_route=\/wp\/v2\/posts"}],"about":[{"href":"https:\/\/radiorevelacionfm.cl\/index.php?rest_route=\/wp\/v2\/types\/post"}],"author":[{"embeddable":true,"href":"https:\/\/radiorevelacionfm.cl\/index.php?rest_route=\/wp\/v2\/users\/1"}],"replies":[{"embeddable":true,"href":"https:\/\/radiorevelacionfm.cl\/index.php?rest_route=%2Fwp%2Fv2%2Fcomments&post=5111"}],"version-history":[{"count":1,"href":"https:\/\/radiorevelacionfm.cl\/index.php?rest_route=\/wp\/v2\/posts\/5111\/revisions"}],"predecessor-version":[{"id":5113,"href":"https:\/\/radiorevelacionfm.cl\/index.php?rest_route=\/wp\/v2\/posts\/5111\/revisions\/5113"}],"wp:attachment":[{"href":"https:\/\/radiorevelacionfm.cl\/index.php?rest_route=%2Fwp%2Fv2%2Fmedia&parent=5111"}],"wp:term":[{"taxonomy":"category","embeddable":true,"href":"https:\/\/radiorevelacionfm.cl\/index.php?rest_route=%2Fwp%2Fv2%2Fcategories&post=5111"},{"taxonomy":"post_tag","embeddable":true,"href":"https:\/\/radiorevelacionfm.cl\/index.php?rest_route=%2Fwp%2Fv2%2Ftags&post=5111"}],"curies":[{"name":"wp","href":"https:\/\/api.w.org\/{rel}","templated":true}]}}