{"id":51107,"date":"2025-03-05T12:11:35","date_gmt":"2025-03-05T15:11:35","guid":{"rendered":"https:\/\/radiorevelacionfm.cl\/?p=51107"},"modified":"2025-03-05T12:11:35","modified_gmt":"2025-03-05T15:11:35","slug":"en-puerto-guadal-35-personas-mayores-se-certifican-tras-participar-dos-anos-en-programa-vinculos","status":"publish","type":"post","link":"https:\/\/radiorevelacionfm.cl\/?p=51107","title":{"rendered":"En Puerto Guadal 35 personas mayores se certifican tras participar dos a\u00f1os en Programa V\u00ednculos"},"content":{"rendered":"<div class=\"flex_column av_one_full  flex_column_div av-zero-column-padding first  avia-builder-el-0  el_before_av_one_full  avia-builder-el-first  \" style='border-radius:0px; '><div  class='avia-image-container  av-styling-    avia-builder-el-1  avia-builder-el-no-sibling  avia-align-center '  itemprop=\"image\" itemscope=\"itemscope\" itemtype=\"https:\/\/schema.org\/ImageObject\"  ><div class='avia-image-container-inner'><div class='avia-image-overlay-wrap'><img decoding=\"async\" class='wp-image-51108 avia-img-lazy-loading-not-51108 avia_image' src=\"https:\/\/radiorevelacionfm.cl\/wp-content\/uploads\/2025\/03\/vinculos-guadal-1-1_optimized-1.jpeg\" alt='' title='vinculos-guadal-1-(1)_optimized (1)' height=\"600\" width=\"937\"  itemprop=\"thumbnailUrl\" srcset=\"https:\/\/radiorevelacionfm.cl\/wp-content\/uploads\/2025\/03\/vinculos-guadal-1-1_optimized-1.jpeg 937w, https:\/\/radiorevelacionfm.cl\/wp-content\/uploads\/2025\/03\/vinculos-guadal-1-1_optimized-1-300x192.jpeg 300w, https:\/\/radiorevelacionfm.cl\/wp-content\/uploads\/2025\/03\/vinculos-guadal-1-1_optimized-1-768x492.jpeg 768w, https:\/\/radiorevelacionfm.cl\/wp-content\/uploads\/2025\/03\/vinculos-guadal-1-1_optimized-1-705x451.jpeg 705w, https:\/\/radiorevelacionfm.cl\/wp-content\/uploads\/2025\/03\/vinculos-guadal-1-1_optimized-1-450x288.jpeg 450w, https:\/\/radiorevelacionfm.cl\/wp-content\/uploads\/2025\/03\/vinculos-guadal-1-1_optimized-1-600x384.jpeg 600w\" sizes=\"(max-width: 937px) 100vw, 937px\" \/><\/div><\/div><\/div><\/div><div class=\"flex_column av_one_full  flex_column_div av-zero-column-padding first  avia-builder-el-2  el_after_av_one_full  el_before_av_one_full  column-top-margin\" style='border-radius:0px; '><section class=\"av_textblock_section \"  itemscope=\"itemscope\" itemtype=\"https:\/\/schema.org\/BlogPosting\" itemprop=\"blogPost\" ><div class='avia_textblock  '   itemprop=\"text\" ><p style=\"text-align: center;\"><strong><span style=\"font-size: 18pt;\">En Puerto Guadal 35 personas mayores se certifican tras participar dos a\u00f1os en Programa V\u00ednculos<\/span><\/strong><\/p>\n<div id=\"gtx-trans\" style=\"position: absolute; left: -50px; top: 4.31534px;\">\n<div class=\"gtx-trans-icon\"><\/div>\n<\/div>\n<\/div><\/section><\/div><div class=\"flex_column av_one_full  flex_column_div av-zero-column-padding first  avia-builder-el-4  el_after_av_one_full  el_before_av_hr  column-top-margin\" style='border-radius:0px; '><section class=\"av_textblock_section \"  itemscope=\"itemscope\" itemtype=\"https:\/\/schema.org\/BlogPosting\" itemprop=\"blogPost\" ><div class='avia_textblock  '   itemprop=\"text\" ><p style=\"text-align: justify;\">En Puerto Guadal se dio el cierre a la versi\u00f3n 17 del Programa V\u00ednculos del Ministerio de Desarrollo Social y Familia, que tuvo la participaci\u00f3n durante dos a\u00f1os de 35 personas mayores de las localidades de Chile Chico, Puerto Guadal y Mall\u00edn Grande a trav\u00e9s de la ejecuci\u00f3n de la Municipalidad de Chile Chico.<\/p>\n<p style=\"text-align: justify;\">Con un financiamiento ministerial superior a los 25 millones de pesos para la ejecuci\u00f3n de la versi\u00f3n 17, la Seremi de Desarrollo Social, Karina Acevedo Auad destac\u00f3 la esencia del Programa que permite un acompa\u00f1amiento integral hacia personas mayores \u00abPudimos participar del cierre de esta versi\u00f3n 17 de V\u00ednculos y, en esta actividad, diferentes participantes nos contaban su experiencia de\u00a0 formar parte estos 2 a\u00f1os en nuestro Programa y que ejecuta la Municipalidad de Chile Chico con sus equipos. En esta oportunidad tambi\u00e9n los reconocimos, les entregamos un certificado y los escuchamos con mucha atenci\u00f3n. Lo m\u00e1s importante es que pudimos constatar con el alcalde el trabajo desarrollado y que sin duda mejora la calidad de vida y el bienestar de las personas mayores\u00bb.<\/p>\n<p style=\"text-align: justify;\">Uno de los participantes fue Juan Ferreira Ovando de Mall\u00edn Grande quien tuvo unas palabras al cierre de la ceremonia reforzando el llamado a sus pares \u00abMi consejo es que ingresen a este Programa porque es bueno yo me siento alegre y triste porque se acaba. Ac\u00e1 uno se divierte, te visitan, te ayudan, se conversa con la gente que conoce y con la desconocida tambi\u00e9n. Ha sido muy bonito, he aprendido muchas cosas, hemos conversado harto y de la historia de cada uno, porque cuando llega uno a cierta edad se queda solo en la casa, los hijos que son prestados, se van\u00bb.<\/p>\n<p style=\"text-align: justify;\">En tanto el alcalde de Chile Chico Ariel Keim valor\u00f3 el impacto positivo que genera el Programa en la comunidad, reforzando el compromiso municipal con las personas mayores de la comuna \u00abNosotros como comuna de Chile chico, principalmente en localidades del interior tenemos una gran poblaci\u00f3n de adultos mayores que hoy d\u00eda sin duda necesitan tener una red de apoyo cercana y comprometida. As\u00ed que por supuesto que muy conforme con todo lo que fue este Programa que se desarroll\u00f3 y tambi\u00e9n con muchas expectativas y ganas de poder crear una nueva red de apoyo en este programa que est\u00e1 iniciando nuevamente con nuevos beneficiarios\u00bb.<\/p>\n<p style=\"text-align: justify;\">Tras el cierre del Programa el Jefe Comunal y la Seremi de Desarrollo Social y Familia, visitaron a algunos de los participantes egresados del Programa V\u00ednculos quienes tambi\u00e9n son beneficiarios de los Programas de Habitabilidad y Seguridad Alimentaria constatando en terreno la correcta ejecuci\u00f3n t\u00e9cnica y apoyo psico-social.<\/p>\n<\/div><\/section><\/div><div  style='height:50px' class='hr hr-invisible   avia-builder-el-6  el_after_av_one_full  el_before_av_social_share '><span class='hr-inner ' ><span class='hr-inner-style'><\/span><\/span><\/div><\/p>\n<div  class='av-social-sharing-box  avia-builder-el-7  el_after_av_hr  el_before_av_hr  '><div class='av-share-box'><h5 class='av-share-link-description av-no-toc '>Compartir esta noticia<\/h5><ul class='av-share-box-list noLightbox'><li class='av-share-link av-social-link-facebook' ><a target=\"_blank\" aria-label=\"Compartir en Facebook\" href='https:\/\/www.facebook.com\/sharer.php?u=https:\/\/radiorevelacionfm.cl\/?p=51107&#038;t=En%20Puerto%20Guadal%2035%20personas%20mayores%20se%20certifican%20tras%20participar%20dos%20a%C3%B1os%20en%20Programa%20V%C3%ADnculos' aria-hidden='false' data-av_icon='\ue8f3' data-av_iconfont='entypo-fontello' title='' data-avia-related-tooltip='Compartir en Facebook' rel=\"noopener\"><span class='avia_hidden_link_text'>Compartir en Facebook<\/span><\/a><\/li><li class='av-share-link av-social-link-twitter' ><a target=\"_blank\" aria-label=\"Compartir en Twitter\" href='https:\/\/twitter.com\/share?text=En%20Puerto%20Guadal%2035%20personas%20mayores%20se%20certifican%20tras%20participar%20dos%20a%C3%B1os%20en%20Programa%20V%C3%ADnculos&#038;url=https:\/\/radiorevelacionfm.cl\/?p=51107' aria-hidden='false' data-av_icon='\ue8f1' data-av_iconfont='entypo-fontello' title='' data-avia-related-tooltip='Compartir en Twitter' rel=\"noopener\"><span class='avia_hidden_link_text'>Compartir en Twitter<\/span><\/a><\/li><li class='av-share-link av-social-link-whatsapp' ><a target=\"_blank\" aria-label=\"Compartir en Whatsapp\" href='https:\/\/api.whatsapp.com\/send?text=https:\/\/radiorevelacionfm.cl\/?p=51107' aria-hidden='false' data-av_icon='\uf232' data-av_iconfont='entypo-fontello' title='' data-avia-related-tooltip='Compartir en Whatsapp' rel=\"noopener\"><span class='avia_hidden_link_text'>Compartir en Whatsapp<\/span><\/a><\/li><li class='av-share-link av-social-link-linkedin' ><a target=\"_blank\" aria-label=\"Compartir en LinkedIn\" href='https:\/\/linkedin.com\/shareArticle?mini=true&#038;title=En%20Puerto%20Guadal%2035%20personas%20mayores%20se%20certifican%20tras%20participar%20dos%20a%C3%B1os%20en%20Programa%20V%C3%ADnculos&#038;url=https:\/\/radiorevelacionfm.cl\/?p=51107' aria-hidden='false' data-av_icon='\ue8fc' data-av_iconfont='entypo-fontello' title='' data-avia-related-tooltip='Compartir en LinkedIn' rel=\"noopener\"><span class='avia_hidden_link_text'>Compartir en LinkedIn<\/span><\/a><\/li><li class='av-share-link av-social-link-mail' ><a  aria-label=\"Compartir por correo\" href='mailto:?subject=En%20Puerto%20Guadal%2035%20personas%20mayores%20se%20certifican%20tras%20participar%20dos%20a%C3%B1os%20en%20Programa%20V%C3%ADnculos&#038;body=https:\/\/radiorevelacionfm.cl\/?p=51107' aria-hidden='false' data-av_icon='\ue805' data-av_iconfont='entypo-fontello' title='' data-avia-related-tooltip='Compartir por correo'><span class='avia_hidden_link_text'>Compartir por correo<\/span><\/a><\/li><\/ul><\/div><\/div>\n<div  style='height:50px' class='hr hr-invisible   avia-builder-el-8  el_after_av_social_share  el_before_av_comments_list '><span class='hr-inner ' ><span class='hr-inner-style'><\/span><\/span><\/div>\n<div  class='av-buildercomment  av-blog-meta-html-info-disabled av-blog-meta-tag-disabled  '><\/div>\n","protected":false},"excerpt":{"rendered":"","protected":false},"author":1,"featured_media":51108,"comment_status":"open","ping_status":"open","sticky":false,"template":"","format":"standard","meta":{"footnotes":""},"categories":[38],"tags":[],"class_list":["post-51107","post","type-post","status-publish","format-standard","has-post-thumbnail","hentry","category-regional"],"jetpack_featured_media_url":"https:\/\/radiorevelacionfm.cl\/wp-content\/uploads\/2025\/03\/vinculos-guadal-1-1_optimized-1.jpeg","_links":{"self":[{"href":"https:\/\/radiorevelacionfm.cl\/index.php?rest_route=\/wp\/v2\/posts\/51107","targetHints":{"allow":["GET"]}}],"collection":[{"href":"https:\/\/radiorevelacionfm.cl\/index.php?rest_route=\/wp\/v2\/posts"}],"about":[{"href":"https:\/\/radiorevelacionfm.cl\/index.php?rest_route=\/wp\/v2\/types\/post"}],"author":[{"embeddable":true,"href":"https:\/\/radiorevelacionfm.cl\/index.php?rest_route=\/wp\/v2\/users\/1"}],"replies":[{"embeddable":true,"href":"https:\/\/radiorevelacionfm.cl\/index.php?rest_route=%2Fwp%2Fv2%2Fcomments&post=51107"}],"version-history":[{"count":1,"href":"https:\/\/radiorevelacionfm.cl\/index.php?rest_route=\/wp\/v2\/posts\/51107\/revisions"}],"predecessor-version":[{"id":51109,"href":"https:\/\/radiorevelacionfm.cl\/index.php?rest_route=\/wp\/v2\/posts\/51107\/revisions\/51109"}],"wp:featuredmedia":[{"embeddable":true,"href":"https:\/\/radiorevelacionfm.cl\/index.php?rest_route=\/wp\/v2\/media\/51108"}],"wp:attachment":[{"href":"https:\/\/radiorevelacionfm.cl\/index.php?rest_route=%2Fwp%2Fv2%2Fmedia&parent=51107"}],"wp:term":[{"taxonomy":"category","embeddable":true,"href":"https:\/\/radiorevelacionfm.cl\/index.php?rest_route=%2Fwp%2Fv2%2Fcategories&post=51107"},{"taxonomy":"post_tag","embeddable":true,"href":"https:\/\/radiorevelacionfm.cl\/index.php?rest_route=%2Fwp%2Fv2%2Ftags&post=51107"}],"curies":[{"name":"wp","href":"https:\/\/api.w.org\/{rel}","templated":true}]}}