{"id":51096,"date":"2025-03-04T22:37:34","date_gmt":"2025-03-05T01:37:34","guid":{"rendered":"https:\/\/radiorevelacionfm.cl\/?p=51096"},"modified":"2025-03-04T22:37:34","modified_gmt":"2025-03-05T01:37:34","slug":"talleres-en-puerto-chacabuco-e-islas-huichas-ensenan-a-reutilizar-residuos-convirtiendo-botellas-de-vidrio-en-vasos-y-floreros","status":"publish","type":"post","link":"https:\/\/radiorevelacionfm.cl\/?p=51096","title":{"rendered":"Talleres en Puerto Chacabuco e Islas Huichas ense\u00f1an a reutilizar residuos convirtiendo botellas de vidrio en vasos y floreros"},"content":{"rendered":"<div class=\"flex_column av_one_full  flex_column_div av-zero-column-padding first  avia-builder-el-0  el_before_av_one_full  avia-builder-el-first  \" style='border-radius:0px; '><div  class='avia-image-container  av-styling-    avia-builder-el-1  avia-builder-el-no-sibling  avia-align-center '  itemprop=\"image\" itemscope=\"itemscope\" itemtype=\"https:\/\/schema.org\/ImageObject\"  ><div class='avia-image-container-inner'><div class='avia-image-overlay-wrap'><img decoding=\"async\" class='wp-image-51097 avia-img-lazy-loading-not-51097 avia_image' src=\"https:\/\/radiorevelacionfm.cl\/wp-content\/uploads\/2025\/03\/WhatsApp-Image-2025-03-04-at-21.12.08-1-1.jpeg\" alt='' title='WhatsApp Image 2025-03-04 at 21.12.08 (1) (1)' height=\"600\" width=\"1067\"  itemprop=\"thumbnailUrl\" srcset=\"https:\/\/radiorevelacionfm.cl\/wp-content\/uploads\/2025\/03\/WhatsApp-Image-2025-03-04-at-21.12.08-1-1.jpeg 1067w, https:\/\/radiorevelacionfm.cl\/wp-content\/uploads\/2025\/03\/WhatsApp-Image-2025-03-04-at-21.12.08-1-1-300x169.jpeg 300w, https:\/\/radiorevelacionfm.cl\/wp-content\/uploads\/2025\/03\/WhatsApp-Image-2025-03-04-at-21.12.08-1-1-1030x579.jpeg 1030w, https:\/\/radiorevelacionfm.cl\/wp-content\/uploads\/2025\/03\/WhatsApp-Image-2025-03-04-at-21.12.08-1-1-768x432.jpeg 768w, https:\/\/radiorevelacionfm.cl\/wp-content\/uploads\/2025\/03\/WhatsApp-Image-2025-03-04-at-21.12.08-1-1-705x396.jpeg 705w, https:\/\/radiorevelacionfm.cl\/wp-content\/uploads\/2025\/03\/WhatsApp-Image-2025-03-04-at-21.12.08-1-1-450x253.jpeg 450w, https:\/\/radiorevelacionfm.cl\/wp-content\/uploads\/2025\/03\/WhatsApp-Image-2025-03-04-at-21.12.08-1-1-600x337.jpeg 600w\" sizes=\"(max-width: 1067px) 100vw, 1067px\" \/><\/div><\/div><\/div><\/div><div class=\"flex_column av_one_full  flex_column_div av-zero-column-padding first  avia-builder-el-2  el_after_av_one_full  el_before_av_one_full  column-top-margin\" style='border-radius:0px; '><section class=\"av_textblock_section \"  itemscope=\"itemscope\" itemtype=\"https:\/\/schema.org\/BlogPosting\" itemprop=\"blogPost\" ><div class='avia_textblock  '   itemprop=\"text\" ><p style=\"text-align: center;\"><strong><span style=\"font-size: 18pt;\">Talleres en Puerto Chacabuco e Islas Huichas ense\u00f1an a reutilizar residuos convirtiendo botellas de vidrio en vasos y floreros<\/span><\/strong><\/p>\n<div id=\"gtx-trans\" style=\"position: absolute; left: -50px; top: 4.31534px;\">\n<div class=\"gtx-trans-icon\"><\/div>\n<\/div>\n<\/div><\/section><\/div><\/p>\n<div class=\"flex_column av_one_full  flex_column_div av-zero-column-padding first  avia-builder-el-4  el_after_av_one_full  el_before_av_hr  column-top-margin\" style='border-radius:0px; '><section class=\"av_textblock_section \"  itemscope=\"itemscope\" itemtype=\"https:\/\/schema.org\/BlogPosting\" itemprop=\"blogPost\" ><div class='avia_textblock  '   itemprop=\"text\" ><p class=\"v1MsoNormal\" style=\"text-align: justify;\">\u00abMuchas veces, \u00a0lo que consideramos como basura, puede ser utilizado de buena forma, prestarnos utilidad en el hogar e incluso, transformarse en el punto de partida para un emprendimiento\u00bb. Esa fue la conclusi\u00f3n que expres\u00f3 la vecina de Puerto Chacabuco, Iris Ren\u00edn al culminar su participaci\u00f3n en el Taller de Reutilizaci\u00f3n de Botellas de Vidrio, organizado por la Empresa de Reciclajes Martino y Aqua Chile, durante la reciente temporada estival.<\/p>\n<p class=\"v1MsoNormal\" style=\"text-align: justify;\">Aplicando t\u00e9cnica de calor y fr\u00edo, con el apoyo de un kit de herramientas que convierten las botellas de vidrio en vasos, floreros o cualquier art\u00edculo como resultado de la imaginaci\u00f3n y creatividad, es posible ayudar a la descontaminaci\u00f3n del planeta. Y para eso es importante el compromiso y participaci\u00f3n de la comunidad aisenina, explica Christian Martino, gestor de residuos s\u00f3lidos inorg\u00e1nicos de tipo domiciliario e industrial, con m\u00e1s de veinte a\u00f1os de trayectoria en el rubro del reciclaje.<\/p>\n<p class=\"v1MsoNormal\" style=\"text-align: justify;\">\u00abEste es un trabajo colaborativo y real que nos impulsa a vincularnos como empresa con las distintas organizaciones comunitarias y vecinales de la Regi\u00f3n de Ays\u00e9n. La idea es concientizar mediante la motivaci\u00f3n de actividades de capacitaci\u00f3n que resulten atractivas para la gente, acerca del cuidado y protecci\u00f3n que merece nuestro planeta y por supuesto, nuestro entorno m\u00e1s cercano. Para ello, nos vinculamos con la empresa Aqua Chile en este desaf\u00edo de organizar de talleres con prop\u00f3sito comunitario, entregando algunas herramientas de\u00a0 trabajo y conocimiento a las personas que han participado de estas instancias\u00bb, concluy\u00f3.<\/p>\n<p class=\"v1MsoNormal\" style=\"text-align: justify;\">En tanto, en representaci\u00f3n del \u00c1rea de Relaciones Comunitarias de Aquachile, Ana Paill\u00e1n, valor\u00f3 el inter\u00e9s y convocatoria que logr\u00f3\u00a0 el taller de capacitaci\u00f3n en las personas, as\u00ed como\u00a0 el fin \u00faltimo de su realizaci\u00f3n. \u00abPara Aquachile es muy importante el cuidado y protecci\u00f3n del Medio Ambiente, por lo que este taller de reutilizaci\u00f3n de botellas de vidrio resulta de mucha utilidad para la recreaci\u00f3n y emprendimiento de las personas que han sido part\u00edcipes en esta actividad. Quisimos aportar en esta oportunidad con un kit de elementos necesarios para la elaboraci\u00f3n del producto, el cual\u00a0 les permitir\u00e1 seguir practicando y desarrollando este oficio en sus hogares\u00bb, agreg\u00f3.<\/p>\n<p class=\"v1MsoNormal\" style=\"text-align: justify;\">Durante el desarrollo de dos jornadas de capacitaci\u00f3n en las localidades de Puerto Chacabuco e Islas Huichas,\u00a0 fueron un \u00a0total de \u00a0treinta las personas beneficiadas con el taller de capacitaci\u00f3n en\u00a0 la reutilizaci\u00f3n de botellas de vidrio.<\/p>\n<\/div><\/section><\/div>\n<div  style='height:50px' class='hr hr-invisible   avia-builder-el-6  el_after_av_one_full  el_before_av_social_share '><span class='hr-inner ' ><span class='hr-inner-style'><\/span><\/span><\/div>\n<div  class='av-social-sharing-box  avia-builder-el-7  el_after_av_hr  el_before_av_hr  '><div class='av-share-box'><h5 class='av-share-link-description av-no-toc '>Compartir esta noticia<\/h5><ul class='av-share-box-list noLightbox'><li class='av-share-link av-social-link-facebook' ><a target=\"_blank\" aria-label=\"Compartir en Facebook\" href='https:\/\/www.facebook.com\/sharer.php?u=https:\/\/radiorevelacionfm.cl\/?p=51096&#038;t=Talleres%20en%20Puerto%20Chacabuco%20e%20Islas%20Huichas%20ense%C3%B1an%20a%20reutilizar%20residuos%20convirtiendo%20botellas%20de%20vidrio%20en%20vasos%20y%20floreros' aria-hidden='false' data-av_icon='\ue8f3' data-av_iconfont='entypo-fontello' title='' data-avia-related-tooltip='Compartir en Facebook' rel=\"noopener\"><span class='avia_hidden_link_text'>Compartir en Facebook<\/span><\/a><\/li><li class='av-share-link av-social-link-twitter' ><a target=\"_blank\" aria-label=\"Compartir en Twitter\" href='https:\/\/twitter.com\/share?text=Talleres%20en%20Puerto%20Chacabuco%20e%20Islas%20Huichas%20ense%C3%B1an%20a%20reutilizar%20residuos%20convirtiendo%20botellas%20de%20vidrio%20en%20vasos%20y%20floreros&#038;url=https:\/\/radiorevelacionfm.cl\/?p=51096' aria-hidden='false' data-av_icon='\ue8f1' data-av_iconfont='entypo-fontello' title='' data-avia-related-tooltip='Compartir en Twitter' rel=\"noopener\"><span class='avia_hidden_link_text'>Compartir en Twitter<\/span><\/a><\/li><li class='av-share-link av-social-link-whatsapp' ><a target=\"_blank\" aria-label=\"Compartir en Whatsapp\" href='https:\/\/api.whatsapp.com\/send?text=https:\/\/radiorevelacionfm.cl\/?p=51096' aria-hidden='false' data-av_icon='\uf232' data-av_iconfont='entypo-fontello' title='' data-avia-related-tooltip='Compartir en Whatsapp' rel=\"noopener\"><span class='avia_hidden_link_text'>Compartir en Whatsapp<\/span><\/a><\/li><li class='av-share-link av-social-link-linkedin' ><a target=\"_blank\" aria-label=\"Compartir en LinkedIn\" href='https:\/\/linkedin.com\/shareArticle?mini=true&#038;title=Talleres%20en%20Puerto%20Chacabuco%20e%20Islas%20Huichas%20ense%C3%B1an%20a%20reutilizar%20residuos%20convirtiendo%20botellas%20de%20vidrio%20en%20vasos%20y%20floreros&#038;url=https:\/\/radiorevelacionfm.cl\/?p=51096' aria-hidden='false' data-av_icon='\ue8fc' data-av_iconfont='entypo-fontello' title='' data-avia-related-tooltip='Compartir en LinkedIn' rel=\"noopener\"><span class='avia_hidden_link_text'>Compartir en LinkedIn<\/span><\/a><\/li><li class='av-share-link av-social-link-mail' ><a  aria-label=\"Compartir por correo\" href='mailto:?subject=Talleres%20en%20Puerto%20Chacabuco%20e%20Islas%20Huichas%20ense%C3%B1an%20a%20reutilizar%20residuos%20convirtiendo%20botellas%20de%20vidrio%20en%20vasos%20y%20floreros&#038;body=https:\/\/radiorevelacionfm.cl\/?p=51096' aria-hidden='false' data-av_icon='\ue805' data-av_iconfont='entypo-fontello' title='' data-avia-related-tooltip='Compartir por correo'><span class='avia_hidden_link_text'>Compartir por correo<\/span><\/a><\/li><\/ul><\/div><\/div>\n<div  style='height:50px' class='hr hr-invisible   avia-builder-el-8  el_after_av_social_share  el_before_av_comments_list '><span class='hr-inner ' ><span class='hr-inner-style'><\/span><\/span><\/div>\n<div  class='av-buildercomment  av-blog-meta-html-info-disabled av-blog-meta-tag-disabled  '><\/div>\n","protected":false},"excerpt":{"rendered":"","protected":false},"author":1,"featured_media":51097,"comment_status":"open","ping_status":"open","sticky":false,"template":"","format":"standard","meta":{"footnotes":""},"categories":[38],"tags":[],"class_list":["post-51096","post","type-post","status-publish","format-standard","has-post-thumbnail","hentry","category-regional"],"jetpack_featured_media_url":"https:\/\/radiorevelacionfm.cl\/wp-content\/uploads\/2025\/03\/WhatsApp-Image-2025-03-04-at-21.12.08-1-1.jpeg","_links":{"self":[{"href":"https:\/\/radiorevelacionfm.cl\/index.php?rest_route=\/wp\/v2\/posts\/51096","targetHints":{"allow":["GET"]}}],"collection":[{"href":"https:\/\/radiorevelacionfm.cl\/index.php?rest_route=\/wp\/v2\/posts"}],"about":[{"href":"https:\/\/radiorevelacionfm.cl\/index.php?rest_route=\/wp\/v2\/types\/post"}],"author":[{"embeddable":true,"href":"https:\/\/radiorevelacionfm.cl\/index.php?rest_route=\/wp\/v2\/users\/1"}],"replies":[{"embeddable":true,"href":"https:\/\/radiorevelacionfm.cl\/index.php?rest_route=%2Fwp%2Fv2%2Fcomments&post=51096"}],"version-history":[{"count":1,"href":"https:\/\/radiorevelacionfm.cl\/index.php?rest_route=\/wp\/v2\/posts\/51096\/revisions"}],"predecessor-version":[{"id":51098,"href":"https:\/\/radiorevelacionfm.cl\/index.php?rest_route=\/wp\/v2\/posts\/51096\/revisions\/51098"}],"wp:featuredmedia":[{"embeddable":true,"href":"https:\/\/radiorevelacionfm.cl\/index.php?rest_route=\/wp\/v2\/media\/51097"}],"wp:attachment":[{"href":"https:\/\/radiorevelacionfm.cl\/index.php?rest_route=%2Fwp%2Fv2%2Fmedia&parent=51096"}],"wp:term":[{"taxonomy":"category","embeddable":true,"href":"https:\/\/radiorevelacionfm.cl\/index.php?rest_route=%2Fwp%2Fv2%2Fcategories&post=51096"},{"taxonomy":"post_tag","embeddable":true,"href":"https:\/\/radiorevelacionfm.cl\/index.php?rest_route=%2Fwp%2Fv2%2Ftags&post=51096"}],"curies":[{"name":"wp","href":"https:\/\/api.w.org\/{rel}","templated":true}]}}