{"id":51092,"date":"2025-03-04T21:11:39","date_gmt":"2025-03-05T00:11:39","guid":{"rendered":"https:\/\/radiorevelacionfm.cl\/?p=51092"},"modified":"2025-03-04T21:20:28","modified_gmt":"2025-03-05T00:20:28","slug":"seremi-s-de-vivienda-valoro-acuerdos-con-dirigentes-de-coyhaique-y-puerto-aysen","status":"publish","type":"post","link":"https:\/\/radiorevelacionfm.cl\/?p=51092","title":{"rendered":"Seremi (s) de Vivienda valor\u00f3 acuerdos con dirigentes de Coyhaique y Puerto Ays\u00e9n"},"content":{"rendered":"<div class=\"flex_column av_one_full  flex_column_div av-zero-column-padding first  avia-builder-el-0  el_before_av_one_full  avia-builder-el-first  \" style='border-radius:0px; '><div  class='avia-image-container  av-styling-    avia-builder-el-1  avia-builder-el-no-sibling  avia-align-center '  itemprop=\"image\" itemscope=\"itemscope\" itemtype=\"https:\/\/schema.org\/ImageObject\"  ><div class='avia-image-container-inner'><div class='avia-image-overlay-wrap'><img decoding=\"async\" class='wp-image-51093 avia-img-lazy-loading-not-51093 avia_image' src=\"https:\/\/radiorevelacionfm.cl\/wp-content\/uploads\/2025\/03\/foto-archivo-comites-puerto-aysen-1-1_optimized.jpeg\" alt='' title='foto-archivo - comit\u00e9s-puerto-ays\u00e9n-(1)-(1)_optimized' height=\"600\" width=\"1068\"  itemprop=\"thumbnailUrl\" srcset=\"https:\/\/radiorevelacionfm.cl\/wp-content\/uploads\/2025\/03\/foto-archivo-comites-puerto-aysen-1-1_optimized.jpeg 1068w, https:\/\/radiorevelacionfm.cl\/wp-content\/uploads\/2025\/03\/foto-archivo-comites-puerto-aysen-1-1_optimized-300x169.jpeg 300w, https:\/\/radiorevelacionfm.cl\/wp-content\/uploads\/2025\/03\/foto-archivo-comites-puerto-aysen-1-1_optimized-1030x579.jpeg 1030w, https:\/\/radiorevelacionfm.cl\/wp-content\/uploads\/2025\/03\/foto-archivo-comites-puerto-aysen-1-1_optimized-768x431.jpeg 768w, https:\/\/radiorevelacionfm.cl\/wp-content\/uploads\/2025\/03\/foto-archivo-comites-puerto-aysen-1-1_optimized-705x396.jpeg 705w, https:\/\/radiorevelacionfm.cl\/wp-content\/uploads\/2025\/03\/foto-archivo-comites-puerto-aysen-1-1_optimized-450x253.jpeg 450w, https:\/\/radiorevelacionfm.cl\/wp-content\/uploads\/2025\/03\/foto-archivo-comites-puerto-aysen-1-1_optimized-600x337.jpeg 600w\" sizes=\"(max-width: 1068px) 100vw, 1068px\" \/><\/div><\/div><\/div><\/div>\n<div class=\"flex_column av_one_full  flex_column_div av-zero-column-padding first  avia-builder-el-2  el_after_av_one_full  el_before_av_one_full  column-top-margin\" style='border-radius:0px; '><section class=\"av_textblock_section \"  itemscope=\"itemscope\" itemtype=\"https:\/\/schema.org\/BlogPosting\" itemprop=\"blogPost\" ><div class='avia_textblock  '   itemprop=\"text\" ><p style=\"text-align: center;\"><strong><span style=\"font-size: 18pt;\">Seremi (s) de Vivienda valor\u00f3 acuerdos con dirigentes de Coyhaique y Puerto Ays\u00e9n<\/span><\/strong><\/p>\n<div id=\"gtx-trans\" style=\"position: absolute; left: -50px; top: 4.31534px;\">\n<div class=\"gtx-trans-icon\"><\/div>\n<\/div>\n<\/div><\/section><\/div><div class=\"flex_column av_one_full  flex_column_div av-zero-column-padding first  avia-builder-el-4  el_after_av_one_full  el_before_av_hr  column-top-margin\" style='border-radius:0px; '><section class=\"av_textblock_section \"  itemscope=\"itemscope\" itemtype=\"https:\/\/schema.org\/BlogPosting\" itemprop=\"blogPost\" ><div class='avia_textblock  '   itemprop=\"text\" ><p style=\"text-align: justify;\">Tras las reuniones sostenidas tanto este lunes en Puerto Ays\u00e9n, as\u00ed como tambi\u00e9n la ma\u00f1ana de este martes en Coyhaique, la Seremi (S) de Vivienda y Urbanismo, Natacha Pot, valor\u00f3 las instancias de di\u00e1logo y los acuerdos logrados con las y los dirigentes para poner fin a las movilizaciones y normalizar el desarrollo de las actividades en ambas ciudades.<\/p>\n<p style=\"text-align: justify;\">Respecto del conflicto que se vivi\u00f3 en Puerto Ays\u00e9n, precis\u00f3 la autoridad sectorial que tuvo que ver con la adquisici\u00f3n de un terreno, para el proyecto habitacional \u201cHogar y Familia\u201d, donde se considera la futura construcci\u00f3n de 154 viviendas.<\/p>\n<p style=\"text-align: justify;\">Cabe recordar que este conflicto tiene su origen en una movilizaci\u00f3n que se desarroll\u00f3 en diciembre del a\u00f1o pasado, la cual termin\u00f3 con la firma de un acuerdo donde el Ministerio de Vivienda se compromet\u00eda a adquirir dicho terreno teniendo como plazo m\u00e1ximo el mes de junio de este 2025. \u201cLo que ocurri\u00f3 es que los comit\u00e9s quer\u00edan adelantar el compromiso. Ellos planteaban que quiz\u00e1 hab\u00eda otros compromisos paralelos, de que los terrenos se comprar\u00edan en febrero o marzo de este a\u00f1o, y viendo que esos plazos se estaban cumpliendo, es que ellos empezaron la movilizaci\u00f3n. Pero debo aclarar que nosotros, como Ministerio de Vivienda, asumimos y firmamos un acuerdo que era para junio de 2025. Finalmente adelantamos un poco los plazos, en realidad no los podemos adelantar m\u00e1s, porque tambi\u00e9n tiene que ver con gestiones que se tienen que ir haciendo y cumpliendo, y llegamos al acuerdo de que la compra ser\u00eda el 31 de mayo de este a\u00f1o. Ese fue el nuevo acuerdo, para destrabar el conflicto, pero quiero reiterar que nosotros, como Ministerio de Vivienda, no est\u00e1bamos en incumplimiento con respecto al acuerdo contra\u00eddo\u201d, precis\u00f3.<\/p>\n<p style=\"text-align: justify;\">Consultada tambi\u00e9n por algunos integrantes de comit\u00e9s habitacionales de Coyhaique, que se movilizaron la ma\u00f1ana de este martes frente a las oficinas del Serviu, la Seremi (S) Natacha Pot, indic\u00f3 que se trataba de dirigentes de ocho comit\u00e9s que est\u00e1n agrupados bajo el patrocinio de la Entidad Patrocinante Origen SPA, los cuales se proyectan en los terrenos conocidos como la Chacra G2, quienes en el fondo s\u00f3lo quer\u00edan informaci\u00f3n actualizada con respecto al avance de sus proyectos habitacionales.<\/p>\n<p style=\"text-align: justify;\">\u201cLo primero que les dijimos es que siempre en el Minvu est\u00e1n las puertas abiertas para reuniones, consultas, aclaraci\u00f3n de dudas, mesas de trabajo o lo que necesiten, por lo que no era necesaria una movilizaci\u00f3n. Aclarar que esta no era una reuni\u00f3n concertada, tampoco ha habido alguna reuni\u00f3n que nosotros hayamos negado o que no los hayamos recibido, por eso el primer \u00e9nfasis est\u00e1 en que las puertas est\u00e1n siempre abiertas para el di\u00e1logo, y de hecho ya dejamos en la agenda reuniones futuras\u201d, precis\u00f3.<\/p>\n<p style=\"text-align: justify;\">En este caso los dirigentes indicaron que su preocupaci\u00f3n radicaba en algunas reuniones anteriores, que les parecieron un poco confusas, y que por eso requer\u00edan mayor informaci\u00f3n, sobre todo con los compromisos y el avance del estudio relacionado al lote G2, donde esperan materializar sus proyectos de vivienda.<\/p>\n<p style=\"text-align: justify;\">En ese contexto Natacha Pot indic\u00f3 que si bien hubo algunas dificultades en la comunicaci\u00f3n respecto a las participaciones ciudadanas anteriores, para subsanar esto, se realizar\u00e1n nuevas instancias en las pr\u00f3ximas semanas, en las que participar\u00e1n todos los comit\u00e9s relacionados con la Chacra G2 en la consultor\u00eda que actualmente est\u00e1 en desarrollo.<\/p>\n<p style=\"text-align: justify;\">De esta forma la Seremi (S) de Vivienda dio por superados los conflictos, agregando que adem\u00e1s se les inform\u00f3 los avances en las obras de los terrenos de la Chacra G 1, ya que eso da la viabilidad para continuar despu\u00e9s con la consultor\u00eda, los terrenos y proyectos de la Chacra G 2 en Coyhaique.<\/p>\n<\/div><\/section><\/div><\/p>\n<div  style='height:50px' class='hr hr-invisible   avia-builder-el-6  el_after_av_one_full  el_before_av_social_share '><span class='hr-inner ' ><span class='hr-inner-style'><\/span><\/span><\/div>\n<div  class='av-social-sharing-box  avia-builder-el-7  el_after_av_hr  el_before_av_hr  '><div class='av-share-box'><h5 class='av-share-link-description av-no-toc '>Compartir esta noticia<\/h5><ul class='av-share-box-list noLightbox'><li class='av-share-link av-social-link-facebook' ><a target=\"_blank\" aria-label=\"Compartir en Facebook\" href='https:\/\/www.facebook.com\/sharer.php?u=https:\/\/radiorevelacionfm.cl\/?p=51092&#038;t=Seremi%20%28s%29%20de%20Vivienda%20valor%C3%B3%20acuerdos%20con%20dirigentes%20de%20Coyhaique%20y%20Puerto%20Ays%C3%A9n' aria-hidden='false' data-av_icon='\ue8f3' data-av_iconfont='entypo-fontello' title='' data-avia-related-tooltip='Compartir en Facebook' rel=\"noopener\"><span class='avia_hidden_link_text'>Compartir en Facebook<\/span><\/a><\/li><li class='av-share-link av-social-link-twitter' ><a target=\"_blank\" aria-label=\"Compartir en Twitter\" href='https:\/\/twitter.com\/share?text=Seremi%20%28s%29%20de%20Vivienda%20valor%C3%B3%20acuerdos%20con%20dirigentes%20de%20Coyhaique%20y%20Puerto%20Ays%C3%A9n&#038;url=https:\/\/radiorevelacionfm.cl\/?p=51092' aria-hidden='false' data-av_icon='\ue8f1' data-av_iconfont='entypo-fontello' title='' data-avia-related-tooltip='Compartir en Twitter' rel=\"noopener\"><span class='avia_hidden_link_text'>Compartir en Twitter<\/span><\/a><\/li><li class='av-share-link av-social-link-whatsapp' ><a target=\"_blank\" aria-label=\"Compartir en Whatsapp\" href='https:\/\/api.whatsapp.com\/send?text=https:\/\/radiorevelacionfm.cl\/?p=51092' aria-hidden='false' data-av_icon='\uf232' data-av_iconfont='entypo-fontello' title='' data-avia-related-tooltip='Compartir en Whatsapp' rel=\"noopener\"><span class='avia_hidden_link_text'>Compartir en Whatsapp<\/span><\/a><\/li><li class='av-share-link av-social-link-linkedin' ><a target=\"_blank\" aria-label=\"Compartir en LinkedIn\" href='https:\/\/linkedin.com\/shareArticle?mini=true&#038;title=Seremi%20%28s%29%20de%20Vivienda%20valor%C3%B3%20acuerdos%20con%20dirigentes%20de%20Coyhaique%20y%20Puerto%20Ays%C3%A9n&#038;url=https:\/\/radiorevelacionfm.cl\/?p=51092' aria-hidden='false' data-av_icon='\ue8fc' data-av_iconfont='entypo-fontello' title='' data-avia-related-tooltip='Compartir en LinkedIn' rel=\"noopener\"><span class='avia_hidden_link_text'>Compartir en LinkedIn<\/span><\/a><\/li><li class='av-share-link av-social-link-mail' ><a  aria-label=\"Compartir por correo\" href='mailto:?subject=Seremi%20%28s%29%20de%20Vivienda%20valor%C3%B3%20acuerdos%20con%20dirigentes%20de%20Coyhaique%20y%20Puerto%20Ays%C3%A9n&#038;body=https:\/\/radiorevelacionfm.cl\/?p=51092' aria-hidden='false' data-av_icon='\ue805' data-av_iconfont='entypo-fontello' title='' data-avia-related-tooltip='Compartir por correo'><span class='avia_hidden_link_text'>Compartir por correo<\/span><\/a><\/li><\/ul><\/div><\/div>\n<div  style='height:50px' class='hr hr-invisible   avia-builder-el-8  el_after_av_social_share  el_before_av_comments_list '><span class='hr-inner ' ><span class='hr-inner-style'><\/span><\/span><\/div>\n<div  class='av-buildercomment  av-blog-meta-html-info-disabled av-blog-meta-tag-disabled  '><\/div>\n","protected":false},"excerpt":{"rendered":"","protected":false},"author":1,"featured_media":51093,"comment_status":"open","ping_status":"open","sticky":false,"template":"","format":"standard","meta":{"footnotes":""},"categories":[57],"tags":[],"class_list":["post-51092","post","type-post","status-publish","format-standard","has-post-thumbnail","hentry","category-vivienda"],"jetpack_featured_media_url":"https:\/\/radiorevelacionfm.cl\/wp-content\/uploads\/2025\/03\/foto-archivo-comites-puerto-aysen-1-1_optimized.jpeg","_links":{"self":[{"href":"https:\/\/radiorevelacionfm.cl\/index.php?rest_route=\/wp\/v2\/posts\/51092","targetHints":{"allow":["GET"]}}],"collection":[{"href":"https:\/\/radiorevelacionfm.cl\/index.php?rest_route=\/wp\/v2\/posts"}],"about":[{"href":"https:\/\/radiorevelacionfm.cl\/index.php?rest_route=\/wp\/v2\/types\/post"}],"author":[{"embeddable":true,"href":"https:\/\/radiorevelacionfm.cl\/index.php?rest_route=\/wp\/v2\/users\/1"}],"replies":[{"embeddable":true,"href":"https:\/\/radiorevelacionfm.cl\/index.php?rest_route=%2Fwp%2Fv2%2Fcomments&post=51092"}],"version-history":[{"count":2,"href":"https:\/\/radiorevelacionfm.cl\/index.php?rest_route=\/wp\/v2\/posts\/51092\/revisions"}],"predecessor-version":[{"id":51095,"href":"https:\/\/radiorevelacionfm.cl\/index.php?rest_route=\/wp\/v2\/posts\/51092\/revisions\/51095"}],"wp:featuredmedia":[{"embeddable":true,"href":"https:\/\/radiorevelacionfm.cl\/index.php?rest_route=\/wp\/v2\/media\/51093"}],"wp:attachment":[{"href":"https:\/\/radiorevelacionfm.cl\/index.php?rest_route=%2Fwp%2Fv2%2Fmedia&parent=51092"}],"wp:term":[{"taxonomy":"category","embeddable":true,"href":"https:\/\/radiorevelacionfm.cl\/index.php?rest_route=%2Fwp%2Fv2%2Fcategories&post=51092"},{"taxonomy":"post_tag","embeddable":true,"href":"https:\/\/radiorevelacionfm.cl\/index.php?rest_route=%2Fwp%2Fv2%2Ftags&post=51092"}],"curies":[{"name":"wp","href":"https:\/\/api.w.org\/{rel}","templated":true}]}}