{"id":51089,"date":"2025-03-04T19:59:07","date_gmt":"2025-03-04T22:59:07","guid":{"rendered":"https:\/\/radiorevelacionfm.cl\/?p=51089"},"modified":"2025-03-04T19:59:07","modified_gmt":"2025-03-04T22:59:07","slug":"cft-estatal-de-aysen-recibe-certificacion-nacional-que-le-permite-ser-organismo-tecnico-capacitador","status":"publish","type":"post","link":"https:\/\/radiorevelacionfm.cl\/?p=51089","title":{"rendered":"CFT Estatal de Ays\u00e9n recibe certificaci\u00f3n nacional que le permite ser organismo t\u00e9cnico capacitador"},"content":{"rendered":"<div class=\"flex_column av_one_full  flex_column_div av-zero-column-padding first  avia-builder-el-0  el_before_av_one_full  avia-builder-el-first  \" style='border-radius:0px; '><div  class='avia-image-container  av-styling-    avia-builder-el-1  avia-builder-el-no-sibling  avia-align-center '  itemprop=\"image\" itemscope=\"itemscope\" itemtype=\"https:\/\/schema.org\/ImageObject\"  ><div class='avia-image-container-inner'><div class='avia-image-overlay-wrap'><img decoding=\"async\" class='wp-image-51090 avia-img-lazy-loading-not-51090 avia_image' src=\"https:\/\/radiorevelacionfm.cl\/wp-content\/uploads\/2025\/03\/otec-cft-aysen-1-1_optimized-1.jpg\" alt='' title='otec-cft-aysen-1-(1)_optimized (1)' height=\"600\" width=\"1233\"  itemprop=\"thumbnailUrl\" srcset=\"https:\/\/radiorevelacionfm.cl\/wp-content\/uploads\/2025\/03\/otec-cft-aysen-1-1_optimized-1.jpg 1233w, https:\/\/radiorevelacionfm.cl\/wp-content\/uploads\/2025\/03\/otec-cft-aysen-1-1_optimized-1-300x146.jpg 300w, https:\/\/radiorevelacionfm.cl\/wp-content\/uploads\/2025\/03\/otec-cft-aysen-1-1_optimized-1-1030x501.jpg 1030w, https:\/\/radiorevelacionfm.cl\/wp-content\/uploads\/2025\/03\/otec-cft-aysen-1-1_optimized-1-768x374.jpg 768w, https:\/\/radiorevelacionfm.cl\/wp-content\/uploads\/2025\/03\/otec-cft-aysen-1-1_optimized-1-705x343.jpg 705w, https:\/\/radiorevelacionfm.cl\/wp-content\/uploads\/2025\/03\/otec-cft-aysen-1-1_optimized-1-450x219.jpg 450w, https:\/\/radiorevelacionfm.cl\/wp-content\/uploads\/2025\/03\/otec-cft-aysen-1-1_optimized-1-600x292.jpg 600w\" sizes=\"(max-width: 1233px) 100vw, 1233px\" \/><\/div><\/div><\/div><\/div><div class=\"flex_column av_one_full  flex_column_div av-zero-column-padding first  avia-builder-el-2  el_after_av_one_full  el_before_av_one_full  column-top-margin\" style='border-radius:0px; '><section class=\"av_textblock_section \"  itemscope=\"itemscope\" itemtype=\"https:\/\/schema.org\/BlogPosting\" itemprop=\"blogPost\" ><div class='avia_textblock  '   itemprop=\"text\" ><p style=\"text-align: center;\"><strong><span style=\"font-size: 18pt;\">CFT Estatal de Ays\u00e9n recibe certificaci\u00f3n nacional que le permite ser organismo t\u00e9cnico capacitador<\/span><\/strong><\/p>\n<div id=\"gtx-trans\" style=\"position: absolute; left: -50px; top: 4.31534px;\">\n<div class=\"gtx-trans-icon\"><\/div>\n<\/div>\n<\/div><\/section><\/div><div class=\"flex_column av_one_full  flex_column_div av-zero-column-padding first  avia-builder-el-4  el_after_av_one_full  el_before_av_hr  column-top-margin\" style='border-radius:0px; '><section class=\"av_textblock_section \"  itemscope=\"itemscope\" itemtype=\"https:\/\/schema.org\/BlogPosting\" itemprop=\"blogPost\" ><div class='avia_textblock  '   itemprop=\"text\" ><p style=\"text-align: justify;\"><em>El Centro de Formaci\u00f3n T\u00e9cnica de la Regi\u00f3n de Ays\u00e9n, en su calidad de OTEC, buscar\u00e1 tambi\u00e9n, ser reconocido en el territorio y en el pa\u00eds, que preste servicios de calidad, con respuestas eficientes y eficaces, y se adapte a las necesidades de sus clientes. <\/em><\/p>\n<p style=\"text-align: justify;\">Con la presencia de autoridades regionales, provinciales y comunales, el ex Rector del CFT Estatal de Ays\u00e9n, V\u00edctor Hugo \u00c1lvarez, recibi\u00f3 de manos del Director Regional del Sence, Nelson Garrido, el documento correspondiente a la Norma Chilena 2728 de 2015, que certifica al Centro de Formaci\u00f3n T\u00e9cnica como OTEC.<\/p>\n<p style=\"text-align: justify;\">En este contexto, el CFT de la Regi\u00f3n de Ays\u00e9n, durante el a\u00f1o 2024 implemento el Sistema de Gesti\u00f3n de Calidad, que le permiti\u00f3 cumplir con los est\u00e1ndares necesarios para obtener esta certificaci\u00f3n como organismo t\u00e9cnico capacitador.<\/p>\n<p style=\"text-align: justify;\">\u201cEs muy importante para nosotros como Centro Formaci\u00f3n T\u00e9cnica Estatal de la Regi\u00f3n de Ays\u00e9n, haber lanzado nuestro organismo t\u00e9cnico de capacitaci\u00f3n, donde vamos a poder lograr una capacitaci\u00f3n especializada en diferentes actividades productivas de nuestra regi\u00f3n. Esto va a ser muy importante para los y las trabajadoras de la regi\u00f3n, vamos a seguir mejorando las competencias y habilidades de los y las trabajadoras de nuestra regi\u00f3n. Esto es un complemento para nuestras carreras. El mejor ejemplo de organismo de capacitaci\u00f3n, fue la actividad que realizamos en conjunto con Sense, donde se llev\u00f3 a cabo un curso de instalador el\u00e9ctrico y estos estudiantes pasan preferencialmente a ocupar el segundo semestre la carrera electricidad. Por tanto, esta es una trayectoria formativa que vamos a impulsar con este organismo t\u00e9cnico de capacitaci\u00f3n\u201d, se\u00f1al\u00f3 \u00c1lvarez.<\/p>\n<p style=\"text-align: justify;\">Por su parte, el Director Regional del Sence, Nelson Garrido, asegur\u00f3 que el CFT ahora sea tambi\u00e9n una OTEC, es sin lugar a dudas, \u201cun tremendo hito del Centro de Formaci\u00f3n T\u00e9cnica Estatal. Un organismo t\u00e9cnico de capacitaci\u00f3n permite, aumentar la oferta y con este nivel de calidad acad\u00e9mico que tiene el Centro de Formaci\u00f3n T\u00e9cnica, nos permite poder llegar a m\u00e1s personas con capacitaci\u00f3n pertinente en la regi\u00f3n. Al mismo tiempo, permite articular con todos los servicios p\u00fablicos y privados para ir mejorando poco a poco las competencias de las personas en nuestra regi\u00f3n y de esta forma tambi\u00e9n mejorar la empleabilidad, los ingresos y la productividad\u201d.<\/p>\n<p style=\"text-align: justify;\">Margit Veloso, es parte del directorio del CFT Estatal de la regi\u00f3n de Ays\u00e9n y puso en valor este nuevo e importante paso que da el Centro de Formaci\u00f3n T\u00e9cnica en bien de la comunidad.<\/p>\n<p style=\"text-align: justify;\">\u201cRealmente estamos muy contentos, porque este es un tremendo hito para nuestra provincia y por ende para la regi\u00f3n. La OTEC, hoy d\u00eda va a suplir una necesidad que existe desde hace mucho tiempo, en la cual se puede capacitar de oficio a nuestros trabajadores, tanto de la empresa como tambi\u00e9n la gente que hace trabajos sin tener una certificaci\u00f3n. Por lo tanto, en la medida de que esto se vaya concretando, ese trabajador va a tener una mejor calificaci\u00f3n, una mejor remuneraci\u00f3n y a la vez ser\u00e1 un aporte para nuestra comuna, para ellos en su grupo familiar y para mejorar su calidad de vida. Realmente lo que nos interesa es que Ays\u00e9n pueda despegar y la mejor forma de hacerlo es a trav\u00e9s de la capacitaci\u00f3n y de la educaci\u00f3n\u201d.<\/p>\n<p style=\"text-align: justify;\">Para el presidente de la Corporaci\u00f3n del Desarrollo Productivo del Litoral \u201cCORPAYS\u00c9N\u201d, Hern\u00e1n Rebolledo, que el CFT cuente con la certificaci\u00f3n para ser organismo t\u00e9cnico capacitador, es una tremenda oportunidad para la comunidad, la gente de la industria, los prestadores de servicios y la pesca artesanal.<\/p>\n<p style=\"text-align: justify;\">\u201cPrimero felicitar a todo el equipo del CFT, ahora con un nuevo logro, que es la certificaci\u00f3n de una OTEC, que yo creo que para la provincia y para la regi\u00f3n va a ser un elemento fundamental, para las herramientas que va a tener todo el tema de capacitaci\u00f3n, sobre todo en el \u00e1rea m\u00e1s mar\u00edtima. Nosotros como CORPAYSEN, hicimos el intento de tener una OTEC que no concluy\u00f3 en buena forma y que yo creo que ahora el CFT con esta OTEC, s\u00ed o s\u00ed va a tener una vinculaci\u00f3n a\u00fan mayor, tanto del mundo acu\u00edcola, los prestadores de servicio, como de la pesca artesanal\u201d.<\/p>\n<p style=\"text-align: justify;\">El alcance del sistema de gesti\u00f3n de calidad del CFT Estatal de Ays\u00e9n, ha sido enmarcado al dise\u00f1o, comercializaci\u00f3n y prestaci\u00f3n de servicios de capacitaci\u00f3n, modalidad e-learning y presencial para el sector p\u00fablico y privado en diversas \u00e1reas de Administraci\u00f3n; Agricultura; Agropecuario; Alimentaci\u00f3n, Gastronom\u00eda y Turismo; Ciencias y T\u00e9cnicas Aplicada; Comercio y Servicios Financieros; Computaci\u00f3n e Inform\u00e1tica; Construcci\u00f3n; Educaci\u00f3n y Capacitaci\u00f3n; Electricidad y Electr\u00f3nica; Especies Acu\u00e1ticas; Idiomas y Comunicaci\u00f3n; Mec\u00e1nica Automotriz; Mec\u00e1nica Industrial; Miner\u00eda; Procesos Industriales; Transporte y Telecomunicaciones\u201d.<\/p>\n<p style=\"text-align: justify;\">El Centro de Formaci\u00f3n T\u00e9cnica de la Regi\u00f3n de Ays\u00e9n, en su calidad de OTEC, buscar\u00e1 tambi\u00e9n, ser reconocido en el territorio y en el pa\u00eds, prestando servicios de calidad, con respuestas eficientes y eficaces, adapt\u00e1ndose a las necesidades de sus clientes.<\/p>\n<\/div><\/section><\/div><div  style='height:50px' class='hr hr-invisible   avia-builder-el-6  el_after_av_one_full  el_before_av_social_share '><span class='hr-inner ' ><span class='hr-inner-style'><\/span><\/span><\/div><\/p>\n<div  class='av-social-sharing-box  avia-builder-el-7  el_after_av_hr  el_before_av_hr  '><div class='av-share-box'><h5 class='av-share-link-description av-no-toc '>Compartir esta noticia<\/h5><ul class='av-share-box-list noLightbox'><li class='av-share-link av-social-link-facebook' ><a target=\"_blank\" aria-label=\"Compartir en Facebook\" href='https:\/\/www.facebook.com\/sharer.php?u=https:\/\/radiorevelacionfm.cl\/?p=51089&#038;t=CFT%20Estatal%20de%20Ays%C3%A9n%20recibe%20certificaci%C3%B3n%20nacional%20que%20le%20permite%20ser%20organismo%20t%C3%A9cnico%20capacitador' aria-hidden='false' data-av_icon='\ue8f3' data-av_iconfont='entypo-fontello' title='' data-avia-related-tooltip='Compartir en Facebook' rel=\"noopener\"><span class='avia_hidden_link_text'>Compartir en Facebook<\/span><\/a><\/li><li class='av-share-link av-social-link-twitter' ><a target=\"_blank\" aria-label=\"Compartir en Twitter\" href='https:\/\/twitter.com\/share?text=CFT%20Estatal%20de%20Ays%C3%A9n%20recibe%20certificaci%C3%B3n%20nacional%20que%20le%20permite%20ser%20organismo%20t%C3%A9cnico%20capacitador&#038;url=https:\/\/radiorevelacionfm.cl\/?p=51089' aria-hidden='false' data-av_icon='\ue8f1' data-av_iconfont='entypo-fontello' title='' data-avia-related-tooltip='Compartir en Twitter' rel=\"noopener\"><span class='avia_hidden_link_text'>Compartir en Twitter<\/span><\/a><\/li><li class='av-share-link av-social-link-whatsapp' ><a target=\"_blank\" aria-label=\"Compartir en Whatsapp\" href='https:\/\/api.whatsapp.com\/send?text=https:\/\/radiorevelacionfm.cl\/?p=51089' aria-hidden='false' data-av_icon='\uf232' data-av_iconfont='entypo-fontello' title='' data-avia-related-tooltip='Compartir en Whatsapp' rel=\"noopener\"><span class='avia_hidden_link_text'>Compartir en Whatsapp<\/span><\/a><\/li><li class='av-share-link av-social-link-linkedin' ><a target=\"_blank\" aria-label=\"Compartir en LinkedIn\" href='https:\/\/linkedin.com\/shareArticle?mini=true&#038;title=CFT%20Estatal%20de%20Ays%C3%A9n%20recibe%20certificaci%C3%B3n%20nacional%20que%20le%20permite%20ser%20organismo%20t%C3%A9cnico%20capacitador&#038;url=https:\/\/radiorevelacionfm.cl\/?p=51089' aria-hidden='false' data-av_icon='\ue8fc' data-av_iconfont='entypo-fontello' title='' data-avia-related-tooltip='Compartir en LinkedIn' rel=\"noopener\"><span class='avia_hidden_link_text'>Compartir en LinkedIn<\/span><\/a><\/li><li class='av-share-link av-social-link-mail' ><a  aria-label=\"Compartir por correo\" href='mailto:?subject=CFT%20Estatal%20de%20Ays%C3%A9n%20recibe%20certificaci%C3%B3n%20nacional%20que%20le%20permite%20ser%20organismo%20t%C3%A9cnico%20capacitador&#038;body=https:\/\/radiorevelacionfm.cl\/?p=51089' aria-hidden='false' data-av_icon='\ue805' data-av_iconfont='entypo-fontello' title='' data-avia-related-tooltip='Compartir por correo'><span class='avia_hidden_link_text'>Compartir por correo<\/span><\/a><\/li><\/ul><\/div><\/div>\n<div  style='height:50px' class='hr hr-invisible   avia-builder-el-8  el_after_av_social_share  el_before_av_comments_list '><span class='hr-inner ' ><span class='hr-inner-style'><\/span><\/span><\/div>\n<div  class='av-buildercomment  av-blog-meta-html-info-disabled av-blog-meta-tag-disabled  '><\/div>\n","protected":false},"excerpt":{"rendered":"","protected":false},"author":1,"featured_media":51090,"comment_status":"open","ping_status":"open","sticky":false,"template":"","format":"standard","meta":{"footnotes":""},"categories":[49],"tags":[],"class_list":["post-51089","post","type-post","status-publish","format-standard","has-post-thumbnail","hentry","category-educacion"],"jetpack_featured_media_url":"https:\/\/radiorevelacionfm.cl\/wp-content\/uploads\/2025\/03\/otec-cft-aysen-1-1_optimized-1.jpg","_links":{"self":[{"href":"https:\/\/radiorevelacionfm.cl\/index.php?rest_route=\/wp\/v2\/posts\/51089","targetHints":{"allow":["GET"]}}],"collection":[{"href":"https:\/\/radiorevelacionfm.cl\/index.php?rest_route=\/wp\/v2\/posts"}],"about":[{"href":"https:\/\/radiorevelacionfm.cl\/index.php?rest_route=\/wp\/v2\/types\/post"}],"author":[{"embeddable":true,"href":"https:\/\/radiorevelacionfm.cl\/index.php?rest_route=\/wp\/v2\/users\/1"}],"replies":[{"embeddable":true,"href":"https:\/\/radiorevelacionfm.cl\/index.php?rest_route=%2Fwp%2Fv2%2Fcomments&post=51089"}],"version-history":[{"count":1,"href":"https:\/\/radiorevelacionfm.cl\/index.php?rest_route=\/wp\/v2\/posts\/51089\/revisions"}],"predecessor-version":[{"id":51091,"href":"https:\/\/radiorevelacionfm.cl\/index.php?rest_route=\/wp\/v2\/posts\/51089\/revisions\/51091"}],"wp:featuredmedia":[{"embeddable":true,"href":"https:\/\/radiorevelacionfm.cl\/index.php?rest_route=\/wp\/v2\/media\/51090"}],"wp:attachment":[{"href":"https:\/\/radiorevelacionfm.cl\/index.php?rest_route=%2Fwp%2Fv2%2Fmedia&parent=51089"}],"wp:term":[{"taxonomy":"category","embeddable":true,"href":"https:\/\/radiorevelacionfm.cl\/index.php?rest_route=%2Fwp%2Fv2%2Fcategories&post=51089"},{"taxonomy":"post_tag","embeddable":true,"href":"https:\/\/radiorevelacionfm.cl\/index.php?rest_route=%2Fwp%2Fv2%2Ftags&post=51089"}],"curies":[{"name":"wp","href":"https:\/\/api.w.org\/{rel}","templated":true}]}}