{"id":5108,"date":"2021-06-10T10:16:02","date_gmt":"2021-06-10T13:16:02","guid":{"rendered":"https:\/\/radiorevelacionfm.cl\/?p=5108"},"modified":"2021-06-10T10:16:02","modified_gmt":"2021-06-10T13:16:02","slug":"refuerzan-fiscalizaciones-verificando-cumplimiento-de-la-cuarentena-en-puerto-aysen","status":"publish","type":"post","link":"https:\/\/radiorevelacionfm.cl\/?p=5108","title":{"rendered":"Refuerzan fiscalizaciones verificando cumplimiento de la Cuarentena en Puerto Ays\u00e9n"},"content":{"rendered":"<div class=\"flex_column av_one_full  flex_column_div av-zero-column-padding first  avia-builder-el-0  el_before_av_one_full  avia-builder-el-first  \" style='border-radius:0px; '><div  class='avia-image-container  av-styling-    avia-builder-el-1  avia-builder-el-no-sibling  avia-align-center '  itemprop=\"image\" itemscope=\"itemscope\" itemtype=\"https:\/\/schema.org\/ImageObject\"  ><div class='avia-image-container-inner'><div class='avia-image-overlay-wrap'><img decoding=\"async\" class='wp-image-5109 avia-img-lazy-loading-not-5109 avia_image' src=\"https:\/\/radiorevelacionfm.cl\/wp-content\/uploads\/2021\/06\/1-fisc-1-1.jpg\" alt='' title='1 fisc (1) (1)' height=\"600\" width=\"900\"  itemprop=\"thumbnailUrl\" srcset=\"https:\/\/radiorevelacionfm.cl\/wp-content\/uploads\/2021\/06\/1-fisc-1-1.jpg 900w, https:\/\/radiorevelacionfm.cl\/wp-content\/uploads\/2021\/06\/1-fisc-1-1-300x200.jpg 300w, https:\/\/radiorevelacionfm.cl\/wp-content\/uploads\/2021\/06\/1-fisc-1-1-768x512.jpg 768w, https:\/\/radiorevelacionfm.cl\/wp-content\/uploads\/2021\/06\/1-fisc-1-1-705x470.jpg 705w, https:\/\/radiorevelacionfm.cl\/wp-content\/uploads\/2021\/06\/1-fisc-1-1-600x400.jpg 600w\" sizes=\"(max-width: 900px) 100vw, 900px\" \/><\/div><\/div><\/div><\/div><div class=\"flex_column av_one_full  flex_column_div av-zero-column-padding first  avia-builder-el-2  el_after_av_one_full  el_before_av_one_full  column-top-margin\" style='border-radius:0px; '><section class=\"av_textblock_section \"  itemscope=\"itemscope\" itemtype=\"https:\/\/schema.org\/BlogPosting\" itemprop=\"blogPost\" ><div class='avia_textblock  '   itemprop=\"text\" ><p style=\"text-align: center;\"><span style=\"font-size: 18pt;\"><strong>Refuerzan fiscalizaciones verificando cumplimiento de la Cuarentena en Puerto Ays\u00e9n<\/strong><\/span><\/p>\n<div id=\"gtx-trans\" style=\"position: absolute; left: -50px; top: 4.31534px;\">\n<div class=\"gtx-trans-icon\"><\/div>\n<\/div>\n<\/div><\/section><\/div><div class=\"flex_column av_one_full  flex_column_div av-zero-column-padding first  avia-builder-el-4  el_after_av_one_full  el_before_av_hr  column-top-margin\" style='border-radius:0px; '><section class=\"av_textblock_section \"  itemscope=\"itemscope\" itemtype=\"https:\/\/schema.org\/BlogPosting\" itemprop=\"blogPost\" ><div class='avia_textblock  '   itemprop=\"text\" ><p style=\"text-align: justify;\">Dos semanas se cumplen desde que la comuna de Ays\u00e9n ingres\u00f3 nuevamente a la fase 1 del Plan Paso a Paso, esto a ra\u00edz de la gran cantidad de contagios producto del Covid-19. Hace algunos d\u00edas hubo un cambio en la estrategia en la fiscalizaci\u00f3n y control para evitar el desplazamiento innecesario y que pueda seguir aumentando la cantidad de contagiados en Ays\u00e9n.<\/p>\n<p style=\"text-align: justify;\">A ra\u00edz de lo anterior quien asumi\u00f3 el mando de las fuerzas fue la Armada de Chile, a trav\u00e9s del Gobernador Mar\u00edtimo Rodrigo Lepe, quien junto a Carabineros y la Polic\u00eda de Investigaciones han implementado una nueva modalidad de control sanitario.<\/p>\n<p style=\"text-align: justify;\">Durante la jornada de este mi\u00e9rcoles el Gobernador provincial Manuel Ortiz junto a la Seremi de Salud Alejandra Valdebenito y el Subjefe de la Gobernaci\u00f3n Mar\u00edtima Capit\u00e1n de Corbeta LT Felipe Rodr\u00edguez fiscalizaron a vecinos asegur\u00e1ndose que todos puedan contar con alg\u00fan permiso de desplazamiento. El representante del Presidente de la Rep\u00fablica en la provincia se refer\u00eda a las visitas realizadas durante la jornada junto a la autoridad sanitaria \u201ccon la visita de la Seremi hemos podido constatar en los diferentes lugares de afluencia de p\u00fablico que la gente est\u00e1 conservando los aforos, el distanciamiento f\u00edsico y principalmente el trabajo que est\u00e1 realizando la Armada, Carabineros y la PDI en esta nueva estrategia que sin duda ha tenido un buen recibimiento de parte de la ciudadan\u00eda, esto con la finalidad de pronto poder salir de esta fase 1 en la que nos encontramos\u201d.<\/p>\n<p style=\"text-align: justify;\">La Seremi de Salud Alejandra Valdebenito quiso verificar en terreno lo que se est\u00e1 realizando en la comuna en materia de fiscalizaci\u00f3n \u201choy queremos agradecer el importante esfuerzo que est\u00e1 realizando la Armada de Chile a trav\u00e9s del Gobernador Mar\u00edtimo, por supuesto el trabajo activo que est\u00e1 realizando la gobernaci\u00f3n de Ays\u00e9n para poder mantener una vigilancia activa a trav\u00e9s de las Fuerzas de Orden y Seguridad tanto en el control y fiscalizaci\u00f3n de los pases de movilidad como los salvoconductos o permisos individuales que las personas tienen que portar en su momento de fiscalizaci\u00f3n\u201d.<\/p>\n<p style=\"text-align: justify;\">Mencionar adem\u00e1s que el Gobernador provincial junto al Delegado de las fuerzas el pasado martes se traslad\u00f3 hasta la localidad de Puerto Cisnes para verificar como se est\u00e1 llevando a cabo esta nueva modalidad de control y fiscalizaci\u00f3n.<\/p>\n<\/div><\/section><\/div><div  style='height:50px' class='hr hr-invisible   avia-builder-el-6  el_after_av_one_full  el_before_av_social_share '><span class='hr-inner ' ><span class='hr-inner-style'><\/span><\/span><\/div><\/p>\n<div  class='av-social-sharing-box  avia-builder-el-7  el_after_av_hr  el_before_av_hr  '><div class='av-share-box'><h5 class='av-share-link-description av-no-toc '>Compartir esta noticia<\/h5><ul class='av-share-box-list noLightbox'><li class='av-share-link av-social-link-facebook' ><a target=\"_blank\" aria-label=\"Compartir en Facebook\" href='https:\/\/www.facebook.com\/sharer.php?u=https:\/\/radiorevelacionfm.cl\/?p=5108&#038;t=Refuerzan%20fiscalizaciones%20verificando%20cumplimiento%20de%20la%20Cuarentena%20en%20Puerto%20Ays%C3%A9n' aria-hidden='false' data-av_icon='\ue8f3' data-av_iconfont='entypo-fontello' title='' data-avia-related-tooltip='Compartir en Facebook' rel=\"noopener\"><span class='avia_hidden_link_text'>Compartir en Facebook<\/span><\/a><\/li><li class='av-share-link av-social-link-twitter' ><a target=\"_blank\" aria-label=\"Compartir en Twitter\" href='https:\/\/twitter.com\/share?text=Refuerzan%20fiscalizaciones%20verificando%20cumplimiento%20de%20la%20Cuarentena%20en%20Puerto%20Ays%C3%A9n&#038;url=https:\/\/radiorevelacionfm.cl\/?p=5108' aria-hidden='false' data-av_icon='\ue8f1' data-av_iconfont='entypo-fontello' title='' data-avia-related-tooltip='Compartir en Twitter' rel=\"noopener\"><span class='avia_hidden_link_text'>Compartir en Twitter<\/span><\/a><\/li><li class='av-share-link av-social-link-whatsapp' ><a target=\"_blank\" aria-label=\"Compartir en Whatsapp\" href='https:\/\/api.whatsapp.com\/send?text=https:\/\/radiorevelacionfm.cl\/?p=5108' aria-hidden='false' data-av_icon='\uf232' data-av_iconfont='entypo-fontello' title='' data-avia-related-tooltip='Compartir en Whatsapp' rel=\"noopener\"><span class='avia_hidden_link_text'>Compartir en Whatsapp<\/span><\/a><\/li><li class='av-share-link av-social-link-linkedin' ><a target=\"_blank\" aria-label=\"Compartir en LinkedIn\" href='https:\/\/linkedin.com\/shareArticle?mini=true&#038;title=Refuerzan%20fiscalizaciones%20verificando%20cumplimiento%20de%20la%20Cuarentena%20en%20Puerto%20Ays%C3%A9n&#038;url=https:\/\/radiorevelacionfm.cl\/?p=5108' aria-hidden='false' data-av_icon='\ue8fc' data-av_iconfont='entypo-fontello' title='' data-avia-related-tooltip='Compartir en LinkedIn' rel=\"noopener\"><span class='avia_hidden_link_text'>Compartir en LinkedIn<\/span><\/a><\/li><li class='av-share-link av-social-link-mail' ><a  aria-label=\"Compartir por correo\" href='mailto:?subject=Refuerzan%20fiscalizaciones%20verificando%20cumplimiento%20de%20la%20Cuarentena%20en%20Puerto%20Ays%C3%A9n&#038;body=https:\/\/radiorevelacionfm.cl\/?p=5108' aria-hidden='false' data-av_icon='\ue805' data-av_iconfont='entypo-fontello' title='' data-avia-related-tooltip='Compartir por correo'><span class='avia_hidden_link_text'>Compartir por correo<\/span><\/a><\/li><\/ul><\/div><\/div>\n<div  style='height:50px' class='hr hr-invisible   avia-builder-el-8  el_after_av_social_share  el_before_av_comments_list '><span class='hr-inner ' ><span class='hr-inner-style'><\/span><\/span><\/div>\n<div  class='av-buildercomment  av-blog-meta-html-info-disabled av-blog-meta-tag-disabled  '><\/div>\n","protected":false},"excerpt":{"rendered":"","protected":false},"author":1,"featured_media":5109,"comment_status":"open","ping_status":"open","sticky":false,"template":"","format":"standard","meta":{"footnotes":""},"categories":[38],"tags":[],"class_list":["post-5108","post","type-post","status-publish","format-standard","has-post-thumbnail","hentry","category-regional"],"jetpack_featured_media_url":"https:\/\/radiorevelacionfm.cl\/wp-content\/uploads\/2021\/06\/1-fisc-1-1.jpg","_links":{"self":[{"href":"https:\/\/radiorevelacionfm.cl\/index.php?rest_route=\/wp\/v2\/posts\/5108","targetHints":{"allow":["GET"]}}],"collection":[{"href":"https:\/\/radiorevelacionfm.cl\/index.php?rest_route=\/wp\/v2\/posts"}],"about":[{"href":"https:\/\/radiorevelacionfm.cl\/index.php?rest_route=\/wp\/v2\/types\/post"}],"author":[{"embeddable":true,"href":"https:\/\/radiorevelacionfm.cl\/index.php?rest_route=\/wp\/v2\/users\/1"}],"replies":[{"embeddable":true,"href":"https:\/\/radiorevelacionfm.cl\/index.php?rest_route=%2Fwp%2Fv2%2Fcomments&post=5108"}],"version-history":[{"count":1,"href":"https:\/\/radiorevelacionfm.cl\/index.php?rest_route=\/wp\/v2\/posts\/5108\/revisions"}],"predecessor-version":[{"id":5110,"href":"https:\/\/radiorevelacionfm.cl\/index.php?rest_route=\/wp\/v2\/posts\/5108\/revisions\/5110"}],"wp:featuredmedia":[{"embeddable":true,"href":"https:\/\/radiorevelacionfm.cl\/index.php?rest_route=\/wp\/v2\/media\/5109"}],"wp:attachment":[{"href":"https:\/\/radiorevelacionfm.cl\/index.php?rest_route=%2Fwp%2Fv2%2Fmedia&parent=5108"}],"wp:term":[{"taxonomy":"category","embeddable":true,"href":"https:\/\/radiorevelacionfm.cl\/index.php?rest_route=%2Fwp%2Fv2%2Fcategories&post=5108"},{"taxonomy":"post_tag","embeddable":true,"href":"https:\/\/radiorevelacionfm.cl\/index.php?rest_route=%2Fwp%2Fv2%2Ftags&post=5108"}],"curies":[{"name":"wp","href":"https:\/\/api.w.org\/{rel}","templated":true}]}}