{"id":51079,"date":"2025-03-05T15:23:21","date_gmt":"2025-03-05T18:23:21","guid":{"rendered":"https:\/\/radiorevelacionfm.cl\/?p=51079"},"modified":"2025-03-05T15:23:21","modified_gmt":"2025-03-05T18:23:21","slug":"indice-de-ventas-de-supermercados-de-la-region-de-aysen-a-precios-constantes-aumento-120","status":"publish","type":"post","link":"https:\/\/radiorevelacionfm.cl\/?p=51079","title":{"rendered":"\u00cdndice de ventas de Supermercados de la Regi\u00f3n de Ays\u00e9n a precios constantes aument\u00f3 12,0%"},"content":{"rendered":"<div class=\"flex_column av_one_full  flex_column_div av-zero-column-padding first  avia-builder-el-0  el_before_av_one_full  avia-builder-el-first  \" style='border-radius:0px; '><div  class='avia-image-container  av-styling-    avia-builder-el-1  avia-builder-el-no-sibling  avia-align-center '  itemprop=\"image\" itemscope=\"itemscope\" itemtype=\"https:\/\/schema.org\/ImageObject\"  ><div class='avia-image-container-inner'><div class='avia-image-overlay-wrap'><img decoding=\"async\" class='wp-image-51080 avia-img-lazy-loading-not-51080 avia_image' src=\"https:\/\/radiorevelacionfm.cl\/wp-content\/uploads\/2025\/03\/super-1-1_optimized-1_optimized-1.jpg\" alt='' title='super-1-(1)_optimized-(1)_optimized (1)' height=\"600\" width=\"900\"  itemprop=\"thumbnailUrl\" srcset=\"https:\/\/radiorevelacionfm.cl\/wp-content\/uploads\/2025\/03\/super-1-1_optimized-1_optimized-1.jpg 900w, https:\/\/radiorevelacionfm.cl\/wp-content\/uploads\/2025\/03\/super-1-1_optimized-1_optimized-1-300x200.jpg 300w, https:\/\/radiorevelacionfm.cl\/wp-content\/uploads\/2025\/03\/super-1-1_optimized-1_optimized-1-768x512.jpg 768w, https:\/\/radiorevelacionfm.cl\/wp-content\/uploads\/2025\/03\/super-1-1_optimized-1_optimized-1-705x470.jpg 705w, https:\/\/radiorevelacionfm.cl\/wp-content\/uploads\/2025\/03\/super-1-1_optimized-1_optimized-1-450x300.jpg 450w, https:\/\/radiorevelacionfm.cl\/wp-content\/uploads\/2025\/03\/super-1-1_optimized-1_optimized-1-600x400.jpg 600w\" sizes=\"(max-width: 900px) 100vw, 900px\" \/><\/div><\/div><\/div><\/div><div class=\"flex_column av_one_full  flex_column_div av-zero-column-padding first  avia-builder-el-2  el_after_av_one_full  el_before_av_one_full  column-top-margin\" style='border-radius:0px; '><section class=\"av_textblock_section \"  itemscope=\"itemscope\" itemtype=\"https:\/\/schema.org\/BlogPosting\" itemprop=\"blogPost\" ><div class='avia_textblock  '   itemprop=\"text\" ><p style=\"text-align: center;\"><strong><span style=\"font-size: 18pt;\">\u00cdndice de ventas de Supermercados de la Regi\u00f3n de Ays\u00e9n a precios constantes aument\u00f3 12,0%<\/span><\/strong><\/p>\n<div id=\"gtx-trans\" style=\"position: absolute; left: -50px; top: 4.31534px;\">\n<div class=\"gtx-trans-icon\"><\/div>\n<\/div>\n<\/div><\/section><\/div><div class=\"flex_column av_one_full  flex_column_div av-zero-column-padding first  avia-builder-el-4  el_after_av_one_full  el_before_av_hr  column-top-margin\" style='border-radius:0px; '><section class=\"av_textblock_section \"  itemscope=\"itemscope\" itemtype=\"https:\/\/schema.org\/BlogPosting\" itemprop=\"blogPost\" ><div class='avia_textblock  '   itemprop=\"text\" ><p style=\"text-align: justify;\"><em>Esta cifra es una noticia que se relaciona directamente con los positivos \u00edndices econ\u00f3micos que se han registrado en diversas \u00e1reas de consumo regional, enmarcado en las diversas acciones que se realizan para la reactivaci\u00f3n econ\u00f3mica local.<\/em><\/p>\n<p style=\"text-align: justify;\">El total de ventas de supermercados (a precios constantes), durante el mes de Enero del 2025, creci\u00f3 un 12,0% respecto al mes de Enero del 2024. A su vez, a nivel nacional las ventas de supermercados aumentaron 3.4% en igual periodo. Nuestra regi\u00f3n, se posiciona en el primer lugar a nivel nacional en crecimiento de las ventas, en donde 11 de las regiones presentaron un resultado positivo. La siguiente regi\u00f3n destacada fue Magallanes con un incremento de 8,0%.\u00a0 En la tendencia, el \u00edndice de ventas de supermercados, desde enero del 2023 la variaci\u00f3n regional es superior que el promedio nacional, a excepci\u00f3n del mes de octubre 2023.<\/p>\n<p style=\"text-align: justify;\">Como antecedente, \u00a0nuestra regi\u00f3n registra diez establecimientos de supermercados a nivel regional, misma cantidad que el a\u00f1o anterior, con una superficie total de 10.376 m2. En enero 2025, las ventas a precios corrientes de la Regi\u00f3n de Ays\u00e9n, totalizaron 8.661,5 millones de pesos, mientras que las ventas corriente por metro cuadrado (m2) fueron 834.761 pesos, aumentando 15.0% interanualmente.<\/p>\n<p style=\"text-align: justify;\">El Seremi de Econom\u00eda, de la Regi\u00f3n de Ays\u00e9n; Felipe Rojas destac\u00f3 esta importante cifra que se conecta directamente con los positivos indicadores que se han evidenciado en el marco de la reactivaci\u00f3n econ\u00f3mica.<\/p>\n<p style=\"text-align: justify;\">\u201cSon buenas noticias econ\u00f3micas para la regi\u00f3n, porque las ventas de supermercados en Enero 2025 crecieron un 12% respecto a Enero 2024. Adem\u00e1s, cuando uno las compara con otra regiones, la Regi\u00f3n de Ays\u00e9n, fue la regi\u00f3n donde m\u00e1s crecieron las ventas. \u00bfC\u00f3mo se explica esto?, a trav\u00e9s de la llegada de turistas, la llegada de argentinos, pero tambi\u00e9n por el mejor desempe\u00f1o econ\u00f3mico proyectado para este a\u00f1o. Esperamos que esta cifra se repita durante este a\u00f1o y para ello estamos trabajando en promover la inversi\u00f3n privada, mayor inversi\u00f3n p\u00fablica y evidentemente con el fomento productivo de cada uno los servicios y ministerios que est\u00e1n en la Regi\u00f3n de Ays\u00e9n\u201d.<\/p>\n<p style=\"text-align: justify;\">Estos datos son de vital gravitancia en el contexto que la industria de supermercados en nuestra regi\u00f3n, genera empleo de manera directa e indirecta en cada una de sus salas de venta dispuestas en el territorio regional. Este desempe\u00f1o positivo, es otra de las se\u00f1ales que nos permiten proyectar cifras de positiva actividad econ\u00f3mica para diversas \u00e1reas de la econom\u00eda regional, en el marco de la reactivaci\u00f3n econ\u00f3mica.<\/p>\n<\/div><\/section><\/div><div  style='height:50px' class='hr hr-invisible   avia-builder-el-6  el_after_av_one_full  el_before_av_social_share '><span class='hr-inner ' ><span class='hr-inner-style'><\/span><\/span><\/div><\/p>\n<div  class='av-social-sharing-box  avia-builder-el-7  el_after_av_hr  el_before_av_hr  '><div class='av-share-box'><h5 class='av-share-link-description av-no-toc '>Compartir esta noticia<\/h5><ul class='av-share-box-list noLightbox'><li class='av-share-link av-social-link-facebook' ><a target=\"_blank\" aria-label=\"Compartir en Facebook\" href='https:\/\/www.facebook.com\/sharer.php?u=https:\/\/radiorevelacionfm.cl\/?p=51079&#038;t=%C3%8Dndice%20de%20ventas%20de%20Supermercados%20de%20la%20Regi%C3%B3n%20de%20Ays%C3%A9n%20a%20precios%20constantes%20aument%C3%B3%2012%2C0%25' aria-hidden='false' data-av_icon='\ue8f3' data-av_iconfont='entypo-fontello' title='' data-avia-related-tooltip='Compartir en Facebook' rel=\"noopener\"><span class='avia_hidden_link_text'>Compartir en Facebook<\/span><\/a><\/li><li class='av-share-link av-social-link-twitter' ><a target=\"_blank\" aria-label=\"Compartir en Twitter\" href='https:\/\/twitter.com\/share?text=%C3%8Dndice%20de%20ventas%20de%20Supermercados%20de%20la%20Regi%C3%B3n%20de%20Ays%C3%A9n%20a%20precios%20constantes%20aument%C3%B3%2012%2C0%25&#038;url=https:\/\/radiorevelacionfm.cl\/?p=51079' aria-hidden='false' data-av_icon='\ue8f1' data-av_iconfont='entypo-fontello' title='' data-avia-related-tooltip='Compartir en Twitter' rel=\"noopener\"><span class='avia_hidden_link_text'>Compartir en Twitter<\/span><\/a><\/li><li class='av-share-link av-social-link-whatsapp' ><a target=\"_blank\" aria-label=\"Compartir en Whatsapp\" href='https:\/\/api.whatsapp.com\/send?text=https:\/\/radiorevelacionfm.cl\/?p=51079' aria-hidden='false' data-av_icon='\uf232' data-av_iconfont='entypo-fontello' title='' data-avia-related-tooltip='Compartir en Whatsapp' rel=\"noopener\"><span class='avia_hidden_link_text'>Compartir en Whatsapp<\/span><\/a><\/li><li class='av-share-link av-social-link-linkedin' ><a target=\"_blank\" aria-label=\"Compartir en LinkedIn\" href='https:\/\/linkedin.com\/shareArticle?mini=true&#038;title=%C3%8Dndice%20de%20ventas%20de%20Supermercados%20de%20la%20Regi%C3%B3n%20de%20Ays%C3%A9n%20a%20precios%20constantes%20aument%C3%B3%2012%2C0%25&#038;url=https:\/\/radiorevelacionfm.cl\/?p=51079' aria-hidden='false' data-av_icon='\ue8fc' data-av_iconfont='entypo-fontello' title='' data-avia-related-tooltip='Compartir en LinkedIn' rel=\"noopener\"><span class='avia_hidden_link_text'>Compartir en LinkedIn<\/span><\/a><\/li><li class='av-share-link av-social-link-mail' ><a  aria-label=\"Compartir por correo\" href='mailto:?subject=%C3%8Dndice%20de%20ventas%20de%20Supermercados%20de%20la%20Regi%C3%B3n%20de%20Ays%C3%A9n%20a%20precios%20constantes%20aument%C3%B3%2012%2C0%25&#038;body=https:\/\/radiorevelacionfm.cl\/?p=51079' aria-hidden='false' data-av_icon='\ue805' data-av_iconfont='entypo-fontello' title='' data-avia-related-tooltip='Compartir por correo'><span class='avia_hidden_link_text'>Compartir por correo<\/span><\/a><\/li><\/ul><\/div><\/div>\n<div  style='height:50px' class='hr hr-invisible   avia-builder-el-8  el_after_av_social_share  el_before_av_comments_list '><span class='hr-inner ' ><span class='hr-inner-style'><\/span><\/span><\/div>\n<div  class='av-buildercomment  av-blog-meta-html-info-disabled av-blog-meta-tag-disabled  '><\/div>\n","protected":false},"excerpt":{"rendered":"","protected":false},"author":1,"featured_media":51080,"comment_status":"open","ping_status":"open","sticky":false,"template":"","format":"standard","meta":{"footnotes":""},"categories":[45],"tags":[],"class_list":["post-51079","post","type-post","status-publish","format-standard","has-post-thumbnail","hentry","category-comercio"],"jetpack_featured_media_url":"https:\/\/radiorevelacionfm.cl\/wp-content\/uploads\/2025\/03\/super-1-1_optimized-1_optimized-1.jpg","_links":{"self":[{"href":"https:\/\/radiorevelacionfm.cl\/index.php?rest_route=\/wp\/v2\/posts\/51079","targetHints":{"allow":["GET"]}}],"collection":[{"href":"https:\/\/radiorevelacionfm.cl\/index.php?rest_route=\/wp\/v2\/posts"}],"about":[{"href":"https:\/\/radiorevelacionfm.cl\/index.php?rest_route=\/wp\/v2\/types\/post"}],"author":[{"embeddable":true,"href":"https:\/\/radiorevelacionfm.cl\/index.php?rest_route=\/wp\/v2\/users\/1"}],"replies":[{"embeddable":true,"href":"https:\/\/radiorevelacionfm.cl\/index.php?rest_route=%2Fwp%2Fv2%2Fcomments&post=51079"}],"version-history":[{"count":1,"href":"https:\/\/radiorevelacionfm.cl\/index.php?rest_route=\/wp\/v2\/posts\/51079\/revisions"}],"predecessor-version":[{"id":51081,"href":"https:\/\/radiorevelacionfm.cl\/index.php?rest_route=\/wp\/v2\/posts\/51079\/revisions\/51081"}],"wp:featuredmedia":[{"embeddable":true,"href":"https:\/\/radiorevelacionfm.cl\/index.php?rest_route=\/wp\/v2\/media\/51080"}],"wp:attachment":[{"href":"https:\/\/radiorevelacionfm.cl\/index.php?rest_route=%2Fwp%2Fv2%2Fmedia&parent=51079"}],"wp:term":[{"taxonomy":"category","embeddable":true,"href":"https:\/\/radiorevelacionfm.cl\/index.php?rest_route=%2Fwp%2Fv2%2Fcategories&post=51079"},{"taxonomy":"post_tag","embeddable":true,"href":"https:\/\/radiorevelacionfm.cl\/index.php?rest_route=%2Fwp%2Fv2%2Ftags&post=51079"}],"curies":[{"name":"wp","href":"https:\/\/api.w.org\/{rel}","templated":true}]}}