{"id":51071,"date":"2025-03-04T16:41:43","date_gmt":"2025-03-04T19:41:43","guid":{"rendered":"https:\/\/radiorevelacionfm.cl\/?p=51071"},"modified":"2025-03-04T16:41:43","modified_gmt":"2025-03-04T19:41:43","slug":"corte-de-apelaciones-de-coyhaique-acoge-recurso-de-nulidad-y-ordena-nuevo-juicio-por-violacion","status":"publish","type":"post","link":"https:\/\/radiorevelacionfm.cl\/?p=51071","title":{"rendered":"Corte de Apelaciones de Coyhaique acoge recurso de nulidad y ordena nuevo juicio por violaci\u00f3n"},"content":{"rendered":"<div class=\"flex_column av_one_full  flex_column_div av-zero-column-padding first  avia-builder-el-0  el_before_av_one_full  avia-builder-el-first  \" style='border-radius:0px; '><div  class='avia-image-container  av-styling-    avia-builder-el-1  avia-builder-el-no-sibling  avia-align-center '  itemprop=\"image\" itemscope=\"itemscope\" itemtype=\"https:\/\/schema.org\/ImageObject\"  ><div class='avia-image-container-inner'><div class='avia-image-overlay-wrap'><img decoding=\"async\" class='wp-image-5552 avia-img-lazy-loading-not-5552 avia_image' src=\"https:\/\/radiorevelacionfm.cl\/wp-content\/uploads\/2021\/06\/Foto-10-Corte-COYHAIQUE-1-1-1.jpg\" alt='' title='Foto 10 Corte COYHAIQUE (1) (1) (1)' height=\"600\" width=\"1169\"  itemprop=\"thumbnailUrl\" srcset=\"https:\/\/radiorevelacionfm.cl\/wp-content\/uploads\/2021\/06\/Foto-10-Corte-COYHAIQUE-1-1-1.jpg 1169w, https:\/\/radiorevelacionfm.cl\/wp-content\/uploads\/2021\/06\/Foto-10-Corte-COYHAIQUE-1-1-1-300x154.jpg 300w, https:\/\/radiorevelacionfm.cl\/wp-content\/uploads\/2021\/06\/Foto-10-Corte-COYHAIQUE-1-1-1-1030x529.jpg 1030w, https:\/\/radiorevelacionfm.cl\/wp-content\/uploads\/2021\/06\/Foto-10-Corte-COYHAIQUE-1-1-1-768x394.jpg 768w, https:\/\/radiorevelacionfm.cl\/wp-content\/uploads\/2021\/06\/Foto-10-Corte-COYHAIQUE-1-1-1-705x362.jpg 705w, https:\/\/radiorevelacionfm.cl\/wp-content\/uploads\/2021\/06\/Foto-10-Corte-COYHAIQUE-1-1-1-600x308.jpg 600w\" sizes=\"(max-width: 1169px) 100vw, 1169px\" \/><\/div><\/div><\/div><\/div><div class=\"flex_column av_one_full  flex_column_div av-zero-column-padding first  avia-builder-el-2  el_after_av_one_full  el_before_av_one_full  column-top-margin\" style='border-radius:0px; '><section class=\"av_textblock_section \"  itemscope=\"itemscope\" itemtype=\"https:\/\/schema.org\/BlogPosting\" itemprop=\"blogPost\" ><div class='avia_textblock  '   itemprop=\"text\" ><p style=\"text-align: center;\"><span style=\"font-size: 18pt;\"><b>Corte de Apelaciones de Coyhaique acoge recurso de nulidad y ordena nuevo juicio por violaci\u00f3n<\/b><\/span><\/p>\n<div id=\"gtx-trans\" style=\"position: absolute; left: -50px; top: 4.31534px;\">\n<div class=\"gtx-trans-icon\"><\/div>\n<\/div>\n<\/div><\/section><\/div><div class=\"flex_column av_one_full  flex_column_div av-zero-column-padding first  avia-builder-el-4  el_after_av_one_full  el_before_av_hr  column-top-margin\" style='border-radius:0px; '><section class=\"av_textblock_section \"  itemscope=\"itemscope\" itemtype=\"https:\/\/schema.org\/BlogPosting\" itemprop=\"blogPost\" ><div class='avia_textblock  '   itemprop=\"text\" ><p class=\"v1MsoNormal\" style=\"text-align: justify;\">La Corte de Apelaciones de Coyhaique acogi\u00f3 el recurso de nulidad presentado por la defensa y orden\u00f3 la realizaci\u00f3n de un nuevo juicio, por tribunal no inhabilitado, en contra de su representado, acusado por el Ministerio P\u00fablico como autor del delito de violaci\u00f3n. Il\u00edcito que habr\u00eda perpetrado en agosto de 2021, en la ciudad.<\/p>\n<p class=\"v1MsoNormal\" style=\"text-align: justify;\">En fallo dividido, la Primera Sala del tribunal de alzada \u2013integrada por los ministros Pedro Castro, Jos\u00e9 Ignacio Mora, Luis Aedo y Natalia Rencoret\u2013 anul\u00f3 la sentencia impugnada, dictada por el Tribunal de Juicio Oral en lo Penal de Coyhaique, tras establecer falta en la ponderaci\u00f3n de la prueba rendida.<\/p>\n<p class=\"v1MsoNormal\" style=\"text-align: justify;\">\u00abQue, primeramente, ha de coincidirse con el impugnador en cuanto se ha faltado e infraccionado el principio de la raz\u00f3n suficiente, no en orden a la circunstancia acerca de si el Tribunal adquiri\u00f3 o no convicci\u00f3n de la violaci\u00f3n de parte del acusado, sino referido al establecimiento de los hechos, que en este caso resulta de suyo relevante, especialmente en torno al eje fundamental del il\u00edcito\u00bb, sostiene el fallo.<\/p>\n<p class=\"v1MsoNormal\" style=\"text-align: justify;\">La resoluci\u00f3n agrega que: \u00abDe los hechos establecidos por el Tribunal se observa, una clara infracci\u00f3n a los principios de la l\u00f3gica, en cuanto se ha afectado gravemente el principio de la raz\u00f3n suficiente, en el sentido de que &#8216;todo juicio necesita un fundamento suficiente para ser verdadero&#8217;, de manera que para considerar que una proposici\u00f3n es completamente cierta ha de ser demostrada, es decir, han de conocerse suficientes fundamentos en virtud de los cuales dicha proposici\u00f3n se tiene por verdadera y la conclusi\u00f3n adolece de tales fundamentos, toda vez que no es demostrable y no puede servir de fundamento de verdad porque no tiene apoyo material en la prueba producida ya que esta, en su respectiva concordancia, no puede acercarnos a la decisi\u00f3n\u00bb.<\/p>\n<p class=\"v1MsoNormal\" style=\"text-align: justify;\">Por tanto, se resuelve que: \u00ab<b>SE ACOGE<\/b>\u00a0el recurso de nulidad deducido por el defensor Carlos Mora Jano, deducido en contra de la sentencia dictada con fecha 29 de noviembre del a\u00f1o 2024, pronunciada por los Jueces Titulares de la Sala \u00danica del Tribunal de Juicio Oral en lo Penal de Coyhaique, ya mencionados y en consecuencia,\u00a0<b>SE DECLARA QUE ES NULA DICHA SENTENCIA Y EL JUICIO ORAL<\/b>\u00a0en que se pronunci\u00f3, respecto del sentenciado (&#8230;), respecto del delito previsto y sancionado en el art\u00edculo 361, n\u00famero 2, del C\u00f3digo Penal, presuntamente perpetrado en la madrugada del d\u00eda 22 de agosto del a\u00f1o 2021, retrotray\u00e9ndose el estado de la causa a la oportunidad de fijar nuevo d\u00eda y hora para la celebraci\u00f3n del pertinente Juicio Oral, ante el Tribunal de Juicio Oral en lo Penal de Coyhaique, por los Jueces no inhabilitados que correspondieren\u00bb.<\/p>\n<p class=\"v1MsoNormal\" style=\"text-align: justify;\">Decisi\u00f3n acordada con el voto en contra del ministro Mora.<\/p>\n<\/div><\/section><\/div><div  style='height:50px' class='hr hr-invisible   avia-builder-el-6  el_after_av_one_full  el_before_av_social_share '><span class='hr-inner ' ><span class='hr-inner-style'><\/span><\/span><\/div><\/p>\n<div  class='av-social-sharing-box  avia-builder-el-7  el_after_av_hr  el_before_av_hr  '><div class='av-share-box'><h5 class='av-share-link-description av-no-toc '>Compartir esta noticia<\/h5><ul class='av-share-box-list noLightbox'><li class='av-share-link av-social-link-facebook' ><a target=\"_blank\" aria-label=\"Compartir en Facebook\" href='https:\/\/www.facebook.com\/sharer.php?u=https:\/\/radiorevelacionfm.cl\/?p=51071&#038;t=Corte%20de%20Apelaciones%20de%20Coyhaique%20acoge%20recurso%20de%20nulidad%20y%20ordena%20nuevo%20juicio%20por%20violaci%C3%B3n' aria-hidden='false' data-av_icon='\ue8f3' data-av_iconfont='entypo-fontello' title='' data-avia-related-tooltip='Compartir en Facebook' rel=\"noopener\"><span class='avia_hidden_link_text'>Compartir en Facebook<\/span><\/a><\/li><li class='av-share-link av-social-link-twitter' ><a target=\"_blank\" aria-label=\"Compartir en Twitter\" href='https:\/\/twitter.com\/share?text=Corte%20de%20Apelaciones%20de%20Coyhaique%20acoge%20recurso%20de%20nulidad%20y%20ordena%20nuevo%20juicio%20por%20violaci%C3%B3n&#038;url=https:\/\/radiorevelacionfm.cl\/?p=51071' aria-hidden='false' data-av_icon='\ue8f1' data-av_iconfont='entypo-fontello' title='' data-avia-related-tooltip='Compartir en Twitter' rel=\"noopener\"><span class='avia_hidden_link_text'>Compartir en Twitter<\/span><\/a><\/li><li class='av-share-link av-social-link-whatsapp' ><a target=\"_blank\" aria-label=\"Compartir en Whatsapp\" href='https:\/\/api.whatsapp.com\/send?text=https:\/\/radiorevelacionfm.cl\/?p=51071' aria-hidden='false' data-av_icon='\uf232' data-av_iconfont='entypo-fontello' title='' data-avia-related-tooltip='Compartir en Whatsapp' rel=\"noopener\"><span class='avia_hidden_link_text'>Compartir en Whatsapp<\/span><\/a><\/li><li class='av-share-link av-social-link-linkedin' ><a target=\"_blank\" aria-label=\"Compartir en LinkedIn\" href='https:\/\/linkedin.com\/shareArticle?mini=true&#038;title=Corte%20de%20Apelaciones%20de%20Coyhaique%20acoge%20recurso%20de%20nulidad%20y%20ordena%20nuevo%20juicio%20por%20violaci%C3%B3n&#038;url=https:\/\/radiorevelacionfm.cl\/?p=51071' aria-hidden='false' data-av_icon='\ue8fc' data-av_iconfont='entypo-fontello' title='' data-avia-related-tooltip='Compartir en LinkedIn' rel=\"noopener\"><span class='avia_hidden_link_text'>Compartir en LinkedIn<\/span><\/a><\/li><li class='av-share-link av-social-link-mail' ><a  aria-label=\"Compartir por correo\" href='mailto:?subject=Corte%20de%20Apelaciones%20de%20Coyhaique%20acoge%20recurso%20de%20nulidad%20y%20ordena%20nuevo%20juicio%20por%20violaci%C3%B3n&#038;body=https:\/\/radiorevelacionfm.cl\/?p=51071' aria-hidden='false' data-av_icon='\ue805' data-av_iconfont='entypo-fontello' title='' data-avia-related-tooltip='Compartir por correo'><span class='avia_hidden_link_text'>Compartir por correo<\/span><\/a><\/li><\/ul><\/div><\/div>\n<div  style='height:50px' class='hr hr-invisible   avia-builder-el-8  el_after_av_social_share  el_before_av_comments_list '><span class='hr-inner ' ><span class='hr-inner-style'><\/span><\/span><\/div>\n<div  class='av-buildercomment  av-blog-meta-html-info-disabled av-blog-meta-tag-disabled  '><\/div>\n","protected":false},"excerpt":{"rendered":"","protected":false},"author":1,"featured_media":5552,"comment_status":"open","ping_status":"open","sticky":false,"template":"","format":"standard","meta":{"footnotes":""},"categories":[55],"tags":[],"class_list":["post-51071","post","type-post","status-publish","format-standard","has-post-thumbnail","hentry","category-justicia"],"jetpack_featured_media_url":"https:\/\/radiorevelacionfm.cl\/wp-content\/uploads\/2021\/06\/Foto-10-Corte-COYHAIQUE-1-1-1.jpg","_links":{"self":[{"href":"https:\/\/radiorevelacionfm.cl\/index.php?rest_route=\/wp\/v2\/posts\/51071","targetHints":{"allow":["GET"]}}],"collection":[{"href":"https:\/\/radiorevelacionfm.cl\/index.php?rest_route=\/wp\/v2\/posts"}],"about":[{"href":"https:\/\/radiorevelacionfm.cl\/index.php?rest_route=\/wp\/v2\/types\/post"}],"author":[{"embeddable":true,"href":"https:\/\/radiorevelacionfm.cl\/index.php?rest_route=\/wp\/v2\/users\/1"}],"replies":[{"embeddable":true,"href":"https:\/\/radiorevelacionfm.cl\/index.php?rest_route=%2Fwp%2Fv2%2Fcomments&post=51071"}],"version-history":[{"count":1,"href":"https:\/\/radiorevelacionfm.cl\/index.php?rest_route=\/wp\/v2\/posts\/51071\/revisions"}],"predecessor-version":[{"id":51072,"href":"https:\/\/radiorevelacionfm.cl\/index.php?rest_route=\/wp\/v2\/posts\/51071\/revisions\/51072"}],"wp:featuredmedia":[{"embeddable":true,"href":"https:\/\/radiorevelacionfm.cl\/index.php?rest_route=\/wp\/v2\/media\/5552"}],"wp:attachment":[{"href":"https:\/\/radiorevelacionfm.cl\/index.php?rest_route=%2Fwp%2Fv2%2Fmedia&parent=51071"}],"wp:term":[{"taxonomy":"category","embeddable":true,"href":"https:\/\/radiorevelacionfm.cl\/index.php?rest_route=%2Fwp%2Fv2%2Fcategories&post=51071"},{"taxonomy":"post_tag","embeddable":true,"href":"https:\/\/radiorevelacionfm.cl\/index.php?rest_route=%2Fwp%2Fv2%2Ftags&post=51071"}],"curies":[{"name":"wp","href":"https:\/\/api.w.org\/{rel}","templated":true}]}}