{"id":51066,"date":"2025-03-04T14:26:13","date_gmt":"2025-03-04T17:26:13","guid":{"rendered":"https:\/\/radiorevelacionfm.cl\/?p=51066"},"modified":"2025-03-04T14:27:40","modified_gmt":"2025-03-04T17:27:40","slug":"mas-de-650-ninas-y-ninos-de-la-region-iniciaran-sus-actividades-educativas-en-fundacion-integra-este-miercoles-5-de-marzo","status":"publish","type":"post","link":"https:\/\/radiorevelacionfm.cl\/?p=51066","title":{"rendered":"M\u00e1s de 650 ni\u00f1as y ni\u00f1os de la regi\u00f3n iniciar\u00e1n sus actividades educativas en Jardines Integra este mi\u00e9rcoles 5 de marzo"},"content":{"rendered":"<div class=\"flex_column av_one_full  flex_column_div av-zero-column-padding first  avia-builder-el-0  el_before_av_one_full  avia-builder-el-first  \" style='border-radius:0px; '><div  class='avia-image-container  av-styling-    avia-builder-el-1  avia-builder-el-no-sibling  avia-align-center '  itemprop=\"image\" itemscope=\"itemscope\" itemtype=\"https:\/\/schema.org\/ImageObject\"  ><div class='avia-image-container-inner'><div class='avia-image-overlay-wrap'><img decoding=\"async\" class='wp-image-51067 avia-img-lazy-loading-not-51067 avia_image' src=\"https:\/\/radiorevelacionfm.cl\/wp-content\/uploads\/2025\/03\/IMG_4536-1-1.jpg\" alt='' title='IMG_4536 (1) (1)' height=\"600\" width=\"902\"  itemprop=\"thumbnailUrl\" srcset=\"https:\/\/radiorevelacionfm.cl\/wp-content\/uploads\/2025\/03\/IMG_4536-1-1.jpg 902w, https:\/\/radiorevelacionfm.cl\/wp-content\/uploads\/2025\/03\/IMG_4536-1-1-300x200.jpg 300w, https:\/\/radiorevelacionfm.cl\/wp-content\/uploads\/2025\/03\/IMG_4536-1-1-768x511.jpg 768w, https:\/\/radiorevelacionfm.cl\/wp-content\/uploads\/2025\/03\/IMG_4536-1-1-705x469.jpg 705w, https:\/\/radiorevelacionfm.cl\/wp-content\/uploads\/2025\/03\/IMG_4536-1-1-450x299.jpg 450w, https:\/\/radiorevelacionfm.cl\/wp-content\/uploads\/2025\/03\/IMG_4536-1-1-600x399.jpg 600w\" sizes=\"(max-width: 902px) 100vw, 902px\" \/><\/div><\/div><\/div><\/div>\n<div class=\"flex_column av_one_full  flex_column_div av-zero-column-padding first  avia-builder-el-2  el_after_av_one_full  el_before_av_one_full  column-top-margin\" style='border-radius:0px; '><section class=\"av_textblock_section \"  itemscope=\"itemscope\" itemtype=\"https:\/\/schema.org\/BlogPosting\" itemprop=\"blogPost\" ><div class='avia_textblock  '   itemprop=\"text\" ><p style=\"text-align: center;\"><strong><span style=\"font-size: 18pt;\">M\u00e1s de 650 ni\u00f1as y ni\u00f1os de la regi\u00f3n iniciar\u00e1n sus actividades educativas en Jardines Integra este mi\u00e9rcoles 5 de marzo<\/span><\/strong><\/p>\n<div id=\"gtx-trans\" style=\"position: absolute; left: -50px; top: 4.31534px;\">\n<div class=\"gtx-trans-icon\"><\/div>\n<\/div>\n<\/div><\/section><\/div><div class=\"flex_column av_one_full  flex_column_div av-zero-column-padding first  avia-builder-el-4  el_after_av_one_full  el_before_av_hr  column-top-margin\" style='border-radius:0px; '><section class=\"av_textblock_section \"  itemscope=\"itemscope\" itemtype=\"https:\/\/schema.org\/BlogPosting\" itemprop=\"blogPost\" ><div class='avia_textblock  '   itemprop=\"text\" ><p style=\"text-align: justify;\">Con entusiasmo y compromiso, este mi\u00e9rcoles 5 de marzo se da inicio al a\u00f1o parvulario 2025 en los jardines infantiles y salas cuna de Fundaci\u00f3n Integra de todo el pa\u00eds. En la regi\u00f3n de Ays\u00e9n son 19 los establecimientos que abren sus puertas para recibir a ni\u00f1os y ni\u00f1as, retomando las experiencias pedag\u00f3gicas presenciales que promueven el aprendizaje a trav\u00e9s del juego, la exploraci\u00f3n y el v\u00ednculo con las familias.<\/p>\n<p style=\"text-align: justify;\">La directora regional de Fundaci\u00f3n Integra, Leticia Araya Norambuena destaca que \u201ctodo lo que desarrollamos en los jardines infantiles busca que ni\u00f1os y ni\u00f1as aprendan y sean felices, pero siempre con amor y respeto, en espacios que est\u00e1n cuidados y pensados para ellos. Por lo tanto la invitaci\u00f3n es que las familias vayan a nuestros establecimientos y puedan conocer la oferta que tenemos en la regi\u00f3n\u201d.<\/p>\n<p style=\"text-align: justify;\">Para ofrecer una educaci\u00f3n de calidad y asegurar que cada ni\u00f1o y ni\u00f1a sea protagonista de su proceso de aprendizaje, los equipos educativos participaron de jornadas de formaci\u00f3n y planificaci\u00f3n institucional. Dichas instancias, enmarcadas en el sistema de formaci\u00f3n AprendeS, permiten que m\u00e1s de 270 trabajadoras y trabajadores de la regi\u00f3n actualicen sus conocimientos y, a la vez, reflexionen en torno a las Bases Curriculares de la Educaci\u00f3n Parvularia, el Referente Curricular de Fundaci\u00f3n Integra, el Programa de Mejoramiento Educativo (PME) y la importancia del trabajo colaborativo entre el jard\u00edn, las familias y la comunidad.<\/p>\n<p style=\"text-align: justify;\">\u201cLos equipos de los jardines infantiles comenzaron sus labores el 24 de febrero con una serie de capacitaciones para fortalecer el trabajo que desarrollan y generar las mejores oportunidades de aprendizaje para los ni\u00f1os y ni\u00f1as, pero tambi\u00e9n les permiti\u00f3 poder ambientar sus espacios educativos y de planificar las experiencias educativas para este periodo de familiarizaci\u00f3n dando \u00e9nfasis a una educaci\u00f3n parvularia que apuesta a la diversidad, a la inclusi\u00f3n donde ni\u00f1os y ni\u00f1as son protagonistas de sus aprendizajes\u201d.<\/p>\n<p style=\"text-align: justify;\">Durante este 2025, Fundaci\u00f3n Integra continuar\u00e1 impulsando iniciativas que fomenten la participaci\u00f3n activa de las familias y el fortalecimiento de los proyectos educativos institucionales, asegurando espacios educativos seguros, respetuosos y acogedores para todos los ni\u00f1os y ni\u00f1as.<\/p>\n<p style=\"text-align: justify;\">Desde la instituci\u00f3n refuerzan que a\u00fan hay cupos disponibles por lo que invitan a las familias a acercarse a los establecimientos presentes en la regi\u00f3n de Ays\u00e9n o escaneen el c\u00f3digo QR para que desde Oficina regional puedan apoyar el proceso de postulaci\u00f3n y ser parte de alguno de los jardines infantiles presentes en el territorio en donde encontrar\u00e1n equipos educativos comprometidos y donde recibir\u00e1n educaci\u00f3n parvularia p\u00fablica y gratuita.<\/p>\n<p style=\"text-align: justify;\">Fundaci\u00f3n Integra, con 34 a\u00f1os de experiencia y m\u00e1s de 1.200 salas cuna y jardines infantiles gratuitos en todo el pa\u00eds, trabaja para que ni\u00f1as y ni\u00f1os alcancen su desarrollo pleno, bienestar integral y aprendizajes significativos, a trav\u00e9s de su protagonismo en espacios educativos amorosos, inclusivos, diversos y de calidad.<\/p>\n<\/div><\/section><\/div><\/p>\n<div  style='height:50px' class='hr hr-invisible   avia-builder-el-6  el_after_av_one_full  el_before_av_social_share '><span class='hr-inner ' ><span class='hr-inner-style'><\/span><\/span><\/div>\n<div  class='av-social-sharing-box  avia-builder-el-7  el_after_av_hr  el_before_av_hr  '><div class='av-share-box'><h5 class='av-share-link-description av-no-toc '>Compartir esta noticia<\/h5><ul class='av-share-box-list noLightbox'><li class='av-share-link av-social-link-facebook' ><a target=\"_blank\" aria-label=\"Compartir en Facebook\" href='https:\/\/www.facebook.com\/sharer.php?u=https:\/\/radiorevelacionfm.cl\/?p=51066&#038;t=M%C3%A1s%20de%20650%20ni%C3%B1as%20y%20ni%C3%B1os%20de%20la%20regi%C3%B3n%20iniciar%C3%A1n%20sus%20actividades%20educativas%20en%20Jardines%20Integra%20este%20mi%C3%A9rcoles%205%20de%20marzo' aria-hidden='false' data-av_icon='\ue8f3' data-av_iconfont='entypo-fontello' title='' data-avia-related-tooltip='Compartir en Facebook' rel=\"noopener\"><span class='avia_hidden_link_text'>Compartir en Facebook<\/span><\/a><\/li><li class='av-share-link av-social-link-twitter' ><a target=\"_blank\" aria-label=\"Compartir en Twitter\" href='https:\/\/twitter.com\/share?text=M%C3%A1s%20de%20650%20ni%C3%B1as%20y%20ni%C3%B1os%20de%20la%20regi%C3%B3n%20iniciar%C3%A1n%20sus%20actividades%20educativas%20en%20Jardines%20Integra%20este%20mi%C3%A9rcoles%205%20de%20marzo&#038;url=https:\/\/radiorevelacionfm.cl\/?p=51066' aria-hidden='false' data-av_icon='\ue8f1' data-av_iconfont='entypo-fontello' title='' data-avia-related-tooltip='Compartir en Twitter' rel=\"noopener\"><span class='avia_hidden_link_text'>Compartir en Twitter<\/span><\/a><\/li><li class='av-share-link av-social-link-whatsapp' ><a target=\"_blank\" aria-label=\"Compartir en Whatsapp\" href='https:\/\/api.whatsapp.com\/send?text=https:\/\/radiorevelacionfm.cl\/?p=51066' aria-hidden='false' data-av_icon='\uf232' data-av_iconfont='entypo-fontello' title='' data-avia-related-tooltip='Compartir en Whatsapp' rel=\"noopener\"><span class='avia_hidden_link_text'>Compartir en Whatsapp<\/span><\/a><\/li><li class='av-share-link av-social-link-linkedin' ><a target=\"_blank\" aria-label=\"Compartir en LinkedIn\" href='https:\/\/linkedin.com\/shareArticle?mini=true&#038;title=M%C3%A1s%20de%20650%20ni%C3%B1as%20y%20ni%C3%B1os%20de%20la%20regi%C3%B3n%20iniciar%C3%A1n%20sus%20actividades%20educativas%20en%20Jardines%20Integra%20este%20mi%C3%A9rcoles%205%20de%20marzo&#038;url=https:\/\/radiorevelacionfm.cl\/?p=51066' aria-hidden='false' data-av_icon='\ue8fc' data-av_iconfont='entypo-fontello' title='' data-avia-related-tooltip='Compartir en LinkedIn' rel=\"noopener\"><span class='avia_hidden_link_text'>Compartir en LinkedIn<\/span><\/a><\/li><li class='av-share-link av-social-link-mail' ><a  aria-label=\"Compartir por correo\" href='mailto:?subject=M%C3%A1s%20de%20650%20ni%C3%B1as%20y%20ni%C3%B1os%20de%20la%20regi%C3%B3n%20iniciar%C3%A1n%20sus%20actividades%20educativas%20en%20Jardines%20Integra%20este%20mi%C3%A9rcoles%205%20de%20marzo&#038;body=https:\/\/radiorevelacionfm.cl\/?p=51066' aria-hidden='false' data-av_icon='\ue805' data-av_iconfont='entypo-fontello' title='' data-avia-related-tooltip='Compartir por correo'><span class='avia_hidden_link_text'>Compartir por correo<\/span><\/a><\/li><\/ul><\/div><\/div>\n<div  style='height:50px' class='hr hr-invisible   avia-builder-el-8  el_after_av_social_share  el_before_av_comments_list '><span class='hr-inner ' ><span class='hr-inner-style'><\/span><\/span><\/div>\n<div  class='av-buildercomment  av-blog-meta-html-info-disabled av-blog-meta-tag-disabled  '><\/div>\n","protected":false},"excerpt":{"rendered":"","protected":false},"author":1,"featured_media":51067,"comment_status":"open","ping_status":"open","sticky":false,"template":"","format":"standard","meta":{"footnotes":""},"categories":[49],"tags":[],"class_list":["post-51066","post","type-post","status-publish","format-standard","has-post-thumbnail","hentry","category-educacion"],"jetpack_featured_media_url":"https:\/\/radiorevelacionfm.cl\/wp-content\/uploads\/2025\/03\/IMG_4536-1-1.jpg","_links":{"self":[{"href":"https:\/\/radiorevelacionfm.cl\/index.php?rest_route=\/wp\/v2\/posts\/51066","targetHints":{"allow":["GET"]}}],"collection":[{"href":"https:\/\/radiorevelacionfm.cl\/index.php?rest_route=\/wp\/v2\/posts"}],"about":[{"href":"https:\/\/radiorevelacionfm.cl\/index.php?rest_route=\/wp\/v2\/types\/post"}],"author":[{"embeddable":true,"href":"https:\/\/radiorevelacionfm.cl\/index.php?rest_route=\/wp\/v2\/users\/1"}],"replies":[{"embeddable":true,"href":"https:\/\/radiorevelacionfm.cl\/index.php?rest_route=%2Fwp%2Fv2%2Fcomments&post=51066"}],"version-history":[{"count":3,"href":"https:\/\/radiorevelacionfm.cl\/index.php?rest_route=\/wp\/v2\/posts\/51066\/revisions"}],"predecessor-version":[{"id":51075,"href":"https:\/\/radiorevelacionfm.cl\/index.php?rest_route=\/wp\/v2\/posts\/51066\/revisions\/51075"}],"wp:featuredmedia":[{"embeddable":true,"href":"https:\/\/radiorevelacionfm.cl\/index.php?rest_route=\/wp\/v2\/media\/51067"}],"wp:attachment":[{"href":"https:\/\/radiorevelacionfm.cl\/index.php?rest_route=%2Fwp%2Fv2%2Fmedia&parent=51066"}],"wp:term":[{"taxonomy":"category","embeddable":true,"href":"https:\/\/radiorevelacionfm.cl\/index.php?rest_route=%2Fwp%2Fv2%2Fcategories&post=51066"},{"taxonomy":"post_tag","embeddable":true,"href":"https:\/\/radiorevelacionfm.cl\/index.php?rest_route=%2Fwp%2Fv2%2Ftags&post=51066"}],"curies":[{"name":"wp","href":"https:\/\/api.w.org\/{rel}","templated":true}]}}