{"id":51063,"date":"2025-03-04T12:52:25","date_gmt":"2025-03-04T15:52:25","guid":{"rendered":"https:\/\/radiorevelacionfm.cl\/?p=51063"},"modified":"2025-03-04T12:52:25","modified_gmt":"2025-03-04T15:52:25","slug":"agricultura-colabora-con-mujeres-que-se-reencuentran-para-aprender-tecnicas-organicas-de-lavado-de-lana","status":"publish","type":"post","link":"https:\/\/radiorevelacionfm.cl\/?p=51063","title":{"rendered":"Agricultura colabora con mujeres que se reencuentran para aprender t\u00e9cnicas org\u00e1nicas de lavado de lana"},"content":{"rendered":"<div class=\"flex_column av_one_full  flex_column_div av-zero-column-padding first  avia-builder-el-0  el_before_av_one_full  avia-builder-el-first  \" style='border-radius:0px; '><div  class='avia-image-container  av-styling-    avia-builder-el-1  avia-builder-el-no-sibling  avia-align-center '  itemprop=\"image\" itemscope=\"itemscope\" itemtype=\"https:\/\/schema.org\/ImageObject\"  ><div class='avia-image-container-inner'><div class='avia-image-overlay-wrap'><img decoding=\"async\" class='wp-image-51064 avia-img-lazy-loading-not-51064 avia_image' src=\"https:\/\/radiorevelacionfm.cl\/wp-content\/uploads\/2025\/03\/image00025-1_optimized-1.jpeg\" alt='' title='image00025-(1)_optimized (1)' height=\"600\" width=\"870\"  itemprop=\"thumbnailUrl\" srcset=\"https:\/\/radiorevelacionfm.cl\/wp-content\/uploads\/2025\/03\/image00025-1_optimized-1.jpeg 870w, https:\/\/radiorevelacionfm.cl\/wp-content\/uploads\/2025\/03\/image00025-1_optimized-1-300x207.jpeg 300w, https:\/\/radiorevelacionfm.cl\/wp-content\/uploads\/2025\/03\/image00025-1_optimized-1-768x530.jpeg 768w, https:\/\/radiorevelacionfm.cl\/wp-content\/uploads\/2025\/03\/image00025-1_optimized-1-705x486.jpeg 705w, https:\/\/radiorevelacionfm.cl\/wp-content\/uploads\/2025\/03\/image00025-1_optimized-1-450x310.jpeg 450w, https:\/\/radiorevelacionfm.cl\/wp-content\/uploads\/2025\/03\/image00025-1_optimized-1-600x414.jpeg 600w\" sizes=\"(max-width: 870px) 100vw, 870px\" \/><\/div><\/div><\/div><\/div><div class=\"flex_column av_one_full  flex_column_div av-zero-column-padding first  avia-builder-el-2  el_after_av_one_full  el_before_av_one_full  column-top-margin\" style='border-radius:0px; '><section class=\"av_textblock_section \"  itemscope=\"itemscope\" itemtype=\"https:\/\/schema.org\/BlogPosting\" itemprop=\"blogPost\" ><div class='avia_textblock  '   itemprop=\"text\" ><p style=\"text-align: center;\"><strong><span style=\"font-size: 18pt;\">Agricultura colabora con mujeres que se reencuentran para aprender t\u00e9cnicas org\u00e1nicas de lavado de lana <\/span><\/strong><\/p>\n<div id=\"gtx-trans\" style=\"position: absolute; left: -50px; top: 4.31534px;\">\n<div class=\"gtx-trans-icon\"><\/div>\n<\/div>\n<\/div><\/section><\/div><div class=\"flex_column av_one_full  flex_column_div av-zero-column-padding first  avia-builder-el-4  el_after_av_one_full  el_before_av_hr  column-top-margin\" style='border-radius:0px; '><section class=\"av_textblock_section \"  itemscope=\"itemscope\" itemtype=\"https:\/\/schema.org\/BlogPosting\" itemprop=\"blogPost\" ><div class='avia_textblock  '   itemprop=\"text\" ><p style=\"text-align: justify;\"><i>El seremi Eugenio Ruiz, en compa\u00f1\u00eda de INIA Tamel Aike, estuvo con campesinas que comienzan a aprender t\u00e9cnicas org\u00e1nicas de lavado de lana para confeccionar distintos productos.<\/i><\/p>\n<p style=\"text-align: justify;\">La reutilizaci\u00f3n y lavado de lana como un ejercicio cultural y colectivo que busca promover creaciones locales sin l\u00edmites. Esa es la premisa que desarrollan las mujeres rurales que se re\u00fanen para aprender sobre el oficio artesanal de trabajar con lana de oveja, la cual lavan de manera org\u00e1nica. El seremi de Agricultura, Eugenio Ruiz, en compa\u00f1\u00eda de la profesional de INIA Tamel Aike, Magdalena Silva, encabez\u00f3 la visita en la antesala de un nuevo 8M, que tuvo por objetivo realizar una inducci\u00f3n t\u00e9cnica sobre las cualidades y tipos de lana que existen en la regi\u00f3n de Ays\u00e9n.<\/p>\n<p style=\"text-align: justify;\">El encuentro tuvo destino en el predio de la empresaria a cargo de \u00abLanove\u00bb, Flor P\u00e9rez Mancilla, ubicado en la localidad de Cerro Rosado. La autoridad de Agricultura junto al equipo de la Secretar\u00eda Regional Ministerial de Medioambiente se reuni\u00f3 con artesanas y campesinas de Villa Ortega, El Blanco, Valle Lagunas, Lago Atravesado y Coyhaique, quienes lograron adquirir distintos conocimientos respecto al rubro lanero y de acuerdo con el rol fundamental que desarrolla el Gobierno del presidente Gabriel Boric a trav\u00e9s del Ministerio de Agricultura para fortalecer la agricultura familiar campesina.<\/p>\n<p style=\"text-align: justify;\">\u00abDesde la seremi de Agricultura en compa\u00f1\u00eda de INIA nos acercamos a apoyar a nuestras usuarias para entregar una nueva visi\u00f3n de lo que pueden hacer con la lana, un tipo de producto que se puede utilizar despu\u00e9s de estar mucho tiempo guardado para que salga al mercado. A nivel provincial, la actividad tur\u00edstica se ha incrementado en m\u00e1s de un 80 %, lo que permite generar nuevas alternativas de negocio y el uso de la lana es una de estas\u00bb, puntualiz\u00f3 la autoridad regional de Agricultura, Eugenio Ruiz.<\/p>\n<p style=\"text-align: justify;\">Almohadas, cobertores, echarpes, chaquetas y artesan\u00edas son parte de los productos elaborados con lana natural por estas mujeres lideradas por P\u00e9rez Mancilla, quien transmiti\u00f3 su conocimiento hacia sus pares. Con un proceso completamente org\u00e1nico que ejecuta hace m\u00e1s de dos a\u00f1os, detall\u00f3 que \u00abno utilizamos detergente ni blanqueadores, solo agua caliente y fr\u00eda. Los utensilios que tenemos son tambores y un palo. Este m\u00e9todo lo aprend\u00ed hace poco a trav\u00e9s de internet, pero el lavado de lana lo vivo desde mi primera infancia, en el campo de mis abuelos para la confecci\u00f3n de colchones\u00bb.<\/p>\n<p style=\"text-align: justify;\">\u00abContar con la presencia de la autoridad a nosotras nos da alegr\u00eda porque sentimos que nos est\u00e1n escuchando y nos permite comunicar lo que hacemos. Ac\u00e1 nacen necesidades nuevas porque antiguamente la lana se pon\u00eda en el bols\u00f3n y se vend\u00eda como tal, y lo que hoy estamos haciendo desde\u00a0Lanove\u00a0es poner en valor la lana (&#8230;) A partir de eso estamos buscando colaboradoras de mujeres rurales para que puedan llevar a cabo el lavado y desde\u00a0Lanove\u00a0ocuparnos de la confecci\u00f3n y comercializaci\u00f3n (&#8230;) los apoyos y las iniciativas deben ir cambiando, as\u00ed como va cambiando nuestro mundo\u00bb, agreg\u00f3.<\/p>\n<p style=\"text-align: justify;\">Finalmente, la empresaria de\u00a0Lanove\u00a0concluy\u00f3 que \u00absi pudiera recomendar algo, desde una manera muy humilde, es que aprendan respecto a la lana. Hoy no hay excusa. Hay mucha informaci\u00f3n y van a descubrir lo que he descubierto yo, que no hay fibra natural mejor que la de la lana. Tiene un mont\u00f3n de caracter\u00edsticas y nos ayuda con el cuidado de nuestra salud. Las creaciones que podemos llegar a experimentar desde la lana no tienen l\u00edmites\u00bb.<\/p>\n<\/div><\/section><\/div><div  style='height:50px' class='hr hr-invisible   avia-builder-el-6  el_after_av_one_full  el_before_av_social_share '><span class='hr-inner ' ><span class='hr-inner-style'><\/span><\/span><\/div><\/p>\n<div  class='av-social-sharing-box  avia-builder-el-7  el_after_av_hr  el_before_av_hr  '><div class='av-share-box'><h5 class='av-share-link-description av-no-toc '>Compartir esta noticia<\/h5><ul class='av-share-box-list noLightbox'><li class='av-share-link av-social-link-facebook' ><a target=\"_blank\" aria-label=\"Compartir en Facebook\" href='https:\/\/www.facebook.com\/sharer.php?u=https:\/\/radiorevelacionfm.cl\/?p=51063&#038;t=Agricultura%20colabora%20con%20mujeres%20que%20se%20reencuentran%20para%20aprender%20t%C3%A9cnicas%20org%C3%A1nicas%20de%20lavado%20de%20lana' aria-hidden='false' data-av_icon='\ue8f3' data-av_iconfont='entypo-fontello' title='' data-avia-related-tooltip='Compartir en Facebook' rel=\"noopener\"><span class='avia_hidden_link_text'>Compartir en Facebook<\/span><\/a><\/li><li class='av-share-link av-social-link-twitter' ><a target=\"_blank\" aria-label=\"Compartir en Twitter\" href='https:\/\/twitter.com\/share?text=Agricultura%20colabora%20con%20mujeres%20que%20se%20reencuentran%20para%20aprender%20t%C3%A9cnicas%20org%C3%A1nicas%20de%20lavado%20de%20lana&#038;url=https:\/\/radiorevelacionfm.cl\/?p=51063' aria-hidden='false' data-av_icon='\ue8f1' data-av_iconfont='entypo-fontello' title='' data-avia-related-tooltip='Compartir en Twitter' rel=\"noopener\"><span class='avia_hidden_link_text'>Compartir en Twitter<\/span><\/a><\/li><li class='av-share-link av-social-link-whatsapp' ><a target=\"_blank\" aria-label=\"Compartir en Whatsapp\" href='https:\/\/api.whatsapp.com\/send?text=https:\/\/radiorevelacionfm.cl\/?p=51063' aria-hidden='false' data-av_icon='\uf232' data-av_iconfont='entypo-fontello' title='' data-avia-related-tooltip='Compartir en Whatsapp' rel=\"noopener\"><span class='avia_hidden_link_text'>Compartir en Whatsapp<\/span><\/a><\/li><li class='av-share-link av-social-link-linkedin' ><a target=\"_blank\" aria-label=\"Compartir en LinkedIn\" href='https:\/\/linkedin.com\/shareArticle?mini=true&#038;title=Agricultura%20colabora%20con%20mujeres%20que%20se%20reencuentran%20para%20aprender%20t%C3%A9cnicas%20org%C3%A1nicas%20de%20lavado%20de%20lana&#038;url=https:\/\/radiorevelacionfm.cl\/?p=51063' aria-hidden='false' data-av_icon='\ue8fc' data-av_iconfont='entypo-fontello' title='' data-avia-related-tooltip='Compartir en LinkedIn' rel=\"noopener\"><span class='avia_hidden_link_text'>Compartir en LinkedIn<\/span><\/a><\/li><li class='av-share-link av-social-link-mail' ><a  aria-label=\"Compartir por correo\" href='mailto:?subject=Agricultura%20colabora%20con%20mujeres%20que%20se%20reencuentran%20para%20aprender%20t%C3%A9cnicas%20org%C3%A1nicas%20de%20lavado%20de%20lana&#038;body=https:\/\/radiorevelacionfm.cl\/?p=51063' aria-hidden='false' data-av_icon='\ue805' data-av_iconfont='entypo-fontello' title='' data-avia-related-tooltip='Compartir por correo'><span class='avia_hidden_link_text'>Compartir por correo<\/span><\/a><\/li><\/ul><\/div><\/div>\n<div  style='height:50px' class='hr hr-invisible   avia-builder-el-8  el_after_av_social_share  el_before_av_comments_list '><span class='hr-inner ' ><span class='hr-inner-style'><\/span><\/span><\/div>\n<div  class='av-buildercomment  av-blog-meta-html-info-disabled av-blog-meta-tag-disabled  '><\/div>\n","protected":false},"excerpt":{"rendered":"","protected":false},"author":1,"featured_media":51064,"comment_status":"open","ping_status":"open","sticky":false,"template":"","format":"standard","meta":{"footnotes":""},"categories":[58],"tags":[],"class_list":["post-51063","post","type-post","status-publish","format-standard","has-post-thumbnail","hentry","category-agricultura"],"jetpack_featured_media_url":"https:\/\/radiorevelacionfm.cl\/wp-content\/uploads\/2025\/03\/image00025-1_optimized-1.jpeg","_links":{"self":[{"href":"https:\/\/radiorevelacionfm.cl\/index.php?rest_route=\/wp\/v2\/posts\/51063","targetHints":{"allow":["GET"]}}],"collection":[{"href":"https:\/\/radiorevelacionfm.cl\/index.php?rest_route=\/wp\/v2\/posts"}],"about":[{"href":"https:\/\/radiorevelacionfm.cl\/index.php?rest_route=\/wp\/v2\/types\/post"}],"author":[{"embeddable":true,"href":"https:\/\/radiorevelacionfm.cl\/index.php?rest_route=\/wp\/v2\/users\/1"}],"replies":[{"embeddable":true,"href":"https:\/\/radiorevelacionfm.cl\/index.php?rest_route=%2Fwp%2Fv2%2Fcomments&post=51063"}],"version-history":[{"count":1,"href":"https:\/\/radiorevelacionfm.cl\/index.php?rest_route=\/wp\/v2\/posts\/51063\/revisions"}],"predecessor-version":[{"id":51065,"href":"https:\/\/radiorevelacionfm.cl\/index.php?rest_route=\/wp\/v2\/posts\/51063\/revisions\/51065"}],"wp:featuredmedia":[{"embeddable":true,"href":"https:\/\/radiorevelacionfm.cl\/index.php?rest_route=\/wp\/v2\/media\/51064"}],"wp:attachment":[{"href":"https:\/\/radiorevelacionfm.cl\/index.php?rest_route=%2Fwp%2Fv2%2Fmedia&parent=51063"}],"wp:term":[{"taxonomy":"category","embeddable":true,"href":"https:\/\/radiorevelacionfm.cl\/index.php?rest_route=%2Fwp%2Fv2%2Fcategories&post=51063"},{"taxonomy":"post_tag","embeddable":true,"href":"https:\/\/radiorevelacionfm.cl\/index.php?rest_route=%2Fwp%2Fv2%2Ftags&post=51063"}],"curies":[{"name":"wp","href":"https:\/\/api.w.org\/{rel}","templated":true}]}}