{"id":51060,"date":"2025-03-04T12:35:50","date_gmt":"2025-03-04T15:35:50","guid":{"rendered":"https:\/\/radiorevelacionfm.cl\/?p=51060"},"modified":"2025-03-04T12:35:50","modified_gmt":"2025-03-04T15:35:50","slug":"balance-de-asistencia-escolar-2024-aysen-continua-mejorando-y-alcanza-un-89-promedio-anual","status":"publish","type":"post","link":"https:\/\/radiorevelacionfm.cl\/?p=51060","title":{"rendered":"Balance de asistencia escolar 2024: Ays\u00e9n contin\u00faa mejorando y alcanza un 89% promedio anual"},"content":{"rendered":"<div class=\"flex_column av_one_full  flex_column_div av-zero-column-padding first  avia-builder-el-0  el_before_av_one_full  avia-builder-el-first  \" style='border-radius:0px; '><div  class='avia-image-container  av-styling-    avia-builder-el-1  avia-builder-el-no-sibling  avia-align-center '  itemprop=\"image\" itemscope=\"itemscope\" itemtype=\"https:\/\/schema.org\/ImageObject\"  ><div class='avia-image-container-inner'><div class='avia-image-overlay-wrap'><img decoding=\"async\" class='wp-image-51061 avia-img-lazy-loading-not-51061 avia_image' src=\"https:\/\/radiorevelacionfm.cl\/wp-content\/uploads\/2025\/03\/Asistencia-Escolar-Archivo-1-1.jpg\" alt='' title='Asistencia Escolar (Archivo) (1) (1)' height=\"600\" width=\"899\"  itemprop=\"thumbnailUrl\" srcset=\"https:\/\/radiorevelacionfm.cl\/wp-content\/uploads\/2025\/03\/Asistencia-Escolar-Archivo-1-1.jpg 899w, https:\/\/radiorevelacionfm.cl\/wp-content\/uploads\/2025\/03\/Asistencia-Escolar-Archivo-1-1-300x200.jpg 300w, https:\/\/radiorevelacionfm.cl\/wp-content\/uploads\/2025\/03\/Asistencia-Escolar-Archivo-1-1-768x513.jpg 768w, https:\/\/radiorevelacionfm.cl\/wp-content\/uploads\/2025\/03\/Asistencia-Escolar-Archivo-1-1-705x471.jpg 705w, https:\/\/radiorevelacionfm.cl\/wp-content\/uploads\/2025\/03\/Asistencia-Escolar-Archivo-1-1-450x300.jpg 450w, https:\/\/radiorevelacionfm.cl\/wp-content\/uploads\/2025\/03\/Asistencia-Escolar-Archivo-1-1-600x400.jpg 600w\" sizes=\"(max-width: 899px) 100vw, 899px\" \/><\/div><\/div><\/div><\/div><div class=\"flex_column av_one_full  flex_column_div av-zero-column-padding first  avia-builder-el-2  el_after_av_one_full  el_before_av_one_full  column-top-margin\" style='border-radius:0px; '><section class=\"av_textblock_section \"  itemscope=\"itemscope\" itemtype=\"https:\/\/schema.org\/BlogPosting\" itemprop=\"blogPost\" ><div class='avia_textblock  '   itemprop=\"text\" ><p style=\"text-align: center;\"><span style=\"font-size: 18pt;\"><b>Balance de asistencia escolar 2024: Ays\u00e9n contin\u00faa mejorando y alcanza un 89% promedio anual<\/b><\/span><\/p>\n<div id=\"gtx-trans\" style=\"position: absolute; left: -50px; top: 4.31534px;\">\n<div class=\"gtx-trans-icon\"><\/div>\n<\/div>\n<\/div><\/section><\/div><div class=\"flex_column av_one_full  flex_column_div av-zero-column-padding first  avia-builder-el-4  el_after_av_one_full  el_before_av_hr  column-top-margin\" style='border-radius:0px; '><section class=\"av_textblock_section \"  itemscope=\"itemscope\" itemtype=\"https:\/\/schema.org\/BlogPosting\" itemprop=\"blogPost\" ><div class='avia_textblock  '   itemprop=\"text\" ><p class=\"v1MsoNormal\" style=\"text-align: justify;\" align=\"center\"><em>La regi\u00f3n tambi\u00e9n ha logrado disminuir la asistencia grave de un 37% en 2022 a un 28% en 2024, situ\u00e1ndose en niveles cercanos al periodo pre pandemia.<\/em><\/p>\n<p class=\"v1MsoNormal\" style=\"text-align: justify;\">El reporte nacional de asistencia de marzo a diciembre de los a\u00f1os 2018, 2023 y 2024, elaborado por el Centro de Estudios del Mineduc, muestra un aumento de 1,7 puntos porcentuales a nivel nacional de la tasa de asistencia en 2024 respecto del a\u00f1o 2023. A la vez, la tasa de asistencia destacada (igual o mayor a 97%) se increment\u00f3 en 4,9 puntos porcentuales, alcanzando el 22,7%.<\/p>\n<p class=\"v1MsoNormal\" style=\"text-align: justify;\"><span lang=\"ES\">El incremento de la asistencia en todos los niveles educativos y la revinculaci\u00f3n de las y los estudiantes que han abandonado el sistema escolar constituyen uno de los focos prioritarios del\u00a0<\/span><a href=\"https:\/\/reactivacioneducativa.mineduc.cl\/\" target=\"_blank\" rel=\"noopener noreferrer\"><span lang=\"ES\">Plan de Reactivaci\u00f3n Educativa<\/span><\/a>\u00a0<span lang=\"ES\">que desarrolla el Ministerio de Educaci\u00f3n. En ese contexto, el Centro de Estudios del MINEDUC dio a conocer el lunes el\u00a0\u201cReporte nacional de asistencia de marzo a diciembre de los a\u00f1os 2018, 2023 y 2034\u201d, que muestra que la tasa de asistencia acumulada a nivel nacional para el per\u00edodo marzo-diciembre 2024 es de\u00a086,5%, 1,7 puntos porcentuales m\u00e1s respecto a 2023 (84,8%). Adem\u00e1s, al comparar la cifra con diciembre del 2018 (88,9%) se evidencia una disminuci\u00f3n de la brecha respecto a los niveles prepandemia, quedando a\u00fan una diferencia de 2,4 puntos porcentuales.<\/span><\/p>\n<p class=\"v1MsoNormal\" style=\"text-align: justify;\"><span lang=\"ES\">Otro hallazgo auspicioso da cuenta que la\u00a0asistencia destacada\u00a0(igual o superior a 97%) hasta diciembre de 2024 fue de 22,7%, 4,9 puntos porcentuales m\u00e1s en comparaci\u00f3n con el a\u00f1o anterior (17,8%). En tanto, el total de estudiantes con asistencia destacada y normal alcanz\u00f3 en 2024 a 56,4%, lo que refleja una disminuci\u00f3n de la inasistencia reiterada y grave en comparaci\u00f3n con los dos a\u00f1os precedentes.<\/span><\/p>\n<p class=\"v1MsoNormal\" style=\"text-align: justify;\"><b>Situaci\u00f3n regi\u00f3n de Ays\u00e9n<\/b><\/p>\n<p class=\"v1MsoNormal\" style=\"text-align: justify;\">Al respecto, la Seremi de Educaci\u00f3n, Isabel Garrido, destac\u00f3 que de acuerdo con este informe la regi\u00f3n contin\u00faa la tendencia de mejoramiento de la asistencia, alcanzando el a\u00f1o pasado un 89% en promedio.<\/p>\n<p class=\"v1MsoNormal\" style=\"text-align: justify;\">\u201cLo m\u00e1s relevante de este informe es que ha disminuido en la regi\u00f3n el \u00edndice de inasistencia grave que en el a\u00f1o 2022 casi alcanzaba el 37% en la regi\u00f3n, es decir 1 de cada 3 estudiantes faltaba casi un mes a clases en el a\u00f1o. Esa cifra\u00a0 la hemos disminuido hasta llegar al 28%, encontr\u00e1ndonos cercanos a niveles pre pandemia, que era de 25%. Esta es una mejora progresiva que se ha mantenido en el tiempo. Muestra que vamos por buen camino y debemos seguir insistiendo para mejorar estas cifras\u201d.<\/p>\n<p class=\"v1MsoNormal\" style=\"text-align: justify;\"><span lang=\"ES\">Isabel Garrido se\u00f1al\u00f3 que una de las l\u00edneas prioritarias del Plan de Reactivaci\u00f3n Educativa del Ministerio de Educaci\u00f3n es potenciar la revinculaci\u00f3n y la asistencia escolar.<\/span><\/p>\n<p class=\"v1MsoNormal\" style=\"text-align: justify;\"><span lang=\"ES\">\u201cAntes de la pandemia, nuestro sistema escolar alcanzaba un promedio de asistencia de 89%, y estamos trabajando para que el sistema logre estabilizarse a 90% o m\u00e1s. Adem\u00e1s, el Plan contempla acciones para revincular al sistema escolar a aquellos estudiantes que, por distintas razones, lo han abandonado\u201d, precis\u00f3.<\/span><\/p>\n<p class=\"v1MsoNormal\" style=\"text-align: justify;\">Al desagregar por regiones, las asistencias m\u00e1s altas entre marzo y diciembre de 2024 se registraron en \u00d1uble (89,3%), Maule (89,0%) y La Araucan\u00eda (88,5%). Por su parte, Atacama (83,0%) es la regi\u00f3n que evidencia la mayor recuperaci\u00f3n entre 2023 y 2024, con un aumento de 13,7 puntos porcentuales.\u00a0En tanto, Coquimbo registr\u00f3 una asistencia de 85.5% entre marzo y diciembre de 2024, 0,5 puntos porcentuales menos que en igual periodo del a\u00f1o anterior (86%).<\/p>\n<p class=\"v1MsoNormal\" style=\"text-align: justify;\">Por dependencia administrativa, al comparar el a\u00f1o 2024 con el 2023, todas las dependencias muestran un aumento en la tasa de asistencia acumulada, y los Servicios Locales de Educaci\u00f3n P\u00fablica son los que registran la mayor alza (5 puntos porcentuales).<\/p>\n<p class=\"v1MsoNormal\" style=\"text-align: justify;\"><b>Disminuye la inasistencia grave<\/b><\/p>\n<p class=\"v1MsoNormal\" style=\"text-align: justify;\">A nivel nacional, la\u00a0inasistencia grave disminuy\u00f3 de un 33% en 2023 a 27,7% en 2024. Esta disminuci\u00f3n se evidencia en todas las dependencias (municipal, Servicio Local de Educaci\u00f3n P\u00fablica, administraci\u00f3n delegada y particular subvencionada) donde la reducci\u00f3n m\u00e1s significativa la presentan los SLEP con 10, 2 puntos porcentuales.<\/p>\n<p class=\"v1MsoNormal\" style=\"text-align: justify;\">Las regiones con menos inasistencia grave en 2024 fueron \u00d1uble (20,3%), Maule (20,5%) y La Araucan\u00eda (22,2%). En comparaci\u00f3n con el a\u00f1o 2023, 15 de las 16 regiones disminuyeron sus niveles de inasistencia grave, a excepci\u00f3n de Coquimbo, la cual mostr\u00f3 una variaci\u00f3n positiva de 0,1 puntos porcentuales. Las mayores reducciones se registraron en Atacama (23,5 puntos porcentuales), Metropolitana (7,0 puntos porcentuales) y Valpara\u00edso (6,0 puntos porcentuales).<\/p>\n<p class=\"v1MsoNormal\" style=\"text-align: justify;\"><b>Clasificaci\u00f3n de la asistencia\u00a0<\/b><\/p>\n<p class=\"v1MsoNormal\" style=\"text-align: justify;\">De acuerdo con el Centro de Estudios del Mineduc la clasificaci\u00f3n de la asistencia es la siguiente:<\/p>\n<ul style=\"text-align: justify;\" type=\"disc\">\n<li class=\"v1MsoNormal\">Asistencia destacada: estudiantes cuya asistencia promedio es mayor o igual al 97%.<\/li>\n<li class=\"v1MsoNormal\">Asistencia normal: estudiantes cuya asistencia promedio es menor al 97% y mayor o igual al 90%.<\/li>\n<li class=\"v1MsoNormal\">Inasistencia reiterada: estudiantes cuya asistencia promedio es menor al 90% y mayor o igual al 85%.<\/li>\n<li class=\"v1MsoNormal\">Inasistencia grave: estudiantes cuya asistencia promedio es menor al 85%.<\/li>\n<\/ul>\n<\/div><\/section><\/div><div  style='height:50px' class='hr hr-invisible   avia-builder-el-6  el_after_av_one_full  el_before_av_social_share '><span class='hr-inner ' ><span class='hr-inner-style'><\/span><\/span><\/div><\/p>\n<div  class='av-social-sharing-box  avia-builder-el-7  el_after_av_hr  el_before_av_hr  '><div class='av-share-box'><h5 class='av-share-link-description av-no-toc '>Compartir esta noticia<\/h5><ul class='av-share-box-list noLightbox'><li class='av-share-link av-social-link-facebook' ><a target=\"_blank\" aria-label=\"Compartir en Facebook\" href='https:\/\/www.facebook.com\/sharer.php?u=https:\/\/radiorevelacionfm.cl\/?p=51060&#038;t=Balance%20de%20asistencia%20escolar%202024%3A%20Ays%C3%A9n%20contin%C3%BAa%20mejorando%20y%20alcanza%20un%2089%25%20promedio%20anual' aria-hidden='false' data-av_icon='\ue8f3' data-av_iconfont='entypo-fontello' title='' data-avia-related-tooltip='Compartir en Facebook' rel=\"noopener\"><span class='avia_hidden_link_text'>Compartir en Facebook<\/span><\/a><\/li><li class='av-share-link av-social-link-twitter' ><a target=\"_blank\" aria-label=\"Compartir en Twitter\" href='https:\/\/twitter.com\/share?text=Balance%20de%20asistencia%20escolar%202024%3A%20Ays%C3%A9n%20contin%C3%BAa%20mejorando%20y%20alcanza%20un%2089%25%20promedio%20anual&#038;url=https:\/\/radiorevelacionfm.cl\/?p=51060' aria-hidden='false' data-av_icon='\ue8f1' data-av_iconfont='entypo-fontello' title='' data-avia-related-tooltip='Compartir en Twitter' rel=\"noopener\"><span class='avia_hidden_link_text'>Compartir en Twitter<\/span><\/a><\/li><li class='av-share-link av-social-link-whatsapp' ><a target=\"_blank\" aria-label=\"Compartir en Whatsapp\" href='https:\/\/api.whatsapp.com\/send?text=https:\/\/radiorevelacionfm.cl\/?p=51060' aria-hidden='false' data-av_icon='\uf232' data-av_iconfont='entypo-fontello' title='' data-avia-related-tooltip='Compartir en Whatsapp' rel=\"noopener\"><span class='avia_hidden_link_text'>Compartir en Whatsapp<\/span><\/a><\/li><li class='av-share-link av-social-link-linkedin' ><a target=\"_blank\" aria-label=\"Compartir en LinkedIn\" href='https:\/\/linkedin.com\/shareArticle?mini=true&#038;title=Balance%20de%20asistencia%20escolar%202024%3A%20Ays%C3%A9n%20contin%C3%BAa%20mejorando%20y%20alcanza%20un%2089%25%20promedio%20anual&#038;url=https:\/\/radiorevelacionfm.cl\/?p=51060' aria-hidden='false' data-av_icon='\ue8fc' data-av_iconfont='entypo-fontello' title='' data-avia-related-tooltip='Compartir en LinkedIn' rel=\"noopener\"><span class='avia_hidden_link_text'>Compartir en LinkedIn<\/span><\/a><\/li><li class='av-share-link av-social-link-mail' ><a  aria-label=\"Compartir por correo\" href='mailto:?subject=Balance%20de%20asistencia%20escolar%202024%3A%20Ays%C3%A9n%20contin%C3%BAa%20mejorando%20y%20alcanza%20un%2089%25%20promedio%20anual&#038;body=https:\/\/radiorevelacionfm.cl\/?p=51060' aria-hidden='false' data-av_icon='\ue805' data-av_iconfont='entypo-fontello' title='' data-avia-related-tooltip='Compartir por correo'><span class='avia_hidden_link_text'>Compartir por correo<\/span><\/a><\/li><\/ul><\/div><\/div>\n<div  style='height:50px' class='hr hr-invisible   avia-builder-el-8  el_after_av_social_share  el_before_av_comments_list '><span class='hr-inner ' ><span class='hr-inner-style'><\/span><\/span><\/div>\n<div  class='av-buildercomment  av-blog-meta-html-info-disabled av-blog-meta-tag-disabled  '><\/div>\n","protected":false},"excerpt":{"rendered":"","protected":false},"author":1,"featured_media":51061,"comment_status":"open","ping_status":"open","sticky":false,"template":"","format":"standard","meta":{"footnotes":""},"categories":[49],"tags":[],"class_list":["post-51060","post","type-post","status-publish","format-standard","has-post-thumbnail","hentry","category-educacion"],"jetpack_featured_media_url":"https:\/\/radiorevelacionfm.cl\/wp-content\/uploads\/2025\/03\/Asistencia-Escolar-Archivo-1-1.jpg","_links":{"self":[{"href":"https:\/\/radiorevelacionfm.cl\/index.php?rest_route=\/wp\/v2\/posts\/51060","targetHints":{"allow":["GET"]}}],"collection":[{"href":"https:\/\/radiorevelacionfm.cl\/index.php?rest_route=\/wp\/v2\/posts"}],"about":[{"href":"https:\/\/radiorevelacionfm.cl\/index.php?rest_route=\/wp\/v2\/types\/post"}],"author":[{"embeddable":true,"href":"https:\/\/radiorevelacionfm.cl\/index.php?rest_route=\/wp\/v2\/users\/1"}],"replies":[{"embeddable":true,"href":"https:\/\/radiorevelacionfm.cl\/index.php?rest_route=%2Fwp%2Fv2%2Fcomments&post=51060"}],"version-history":[{"count":1,"href":"https:\/\/radiorevelacionfm.cl\/index.php?rest_route=\/wp\/v2\/posts\/51060\/revisions"}],"predecessor-version":[{"id":51062,"href":"https:\/\/radiorevelacionfm.cl\/index.php?rest_route=\/wp\/v2\/posts\/51060\/revisions\/51062"}],"wp:featuredmedia":[{"embeddable":true,"href":"https:\/\/radiorevelacionfm.cl\/index.php?rest_route=\/wp\/v2\/media\/51061"}],"wp:attachment":[{"href":"https:\/\/radiorevelacionfm.cl\/index.php?rest_route=%2Fwp%2Fv2%2Fmedia&parent=51060"}],"wp:term":[{"taxonomy":"category","embeddable":true,"href":"https:\/\/radiorevelacionfm.cl\/index.php?rest_route=%2Fwp%2Fv2%2Fcategories&post=51060"},{"taxonomy":"post_tag","embeddable":true,"href":"https:\/\/radiorevelacionfm.cl\/index.php?rest_route=%2Fwp%2Fv2%2Ftags&post=51060"}],"curies":[{"name":"wp","href":"https:\/\/api.w.org\/{rel}","templated":true}]}}