{"id":51057,"date":"2025-03-04T12:13:08","date_gmt":"2025-03-04T15:13:08","guid":{"rendered":"https:\/\/radiorevelacionfm.cl\/?p=51057"},"modified":"2025-03-04T12:13:08","modified_gmt":"2025-03-04T15:13:08","slug":"delegacion-minera-regional-presente-en-el-principal-foro-internacional-de-exploracion-en-canada","status":"publish","type":"post","link":"https:\/\/radiorevelacionfm.cl\/?p=51057","title":{"rendered":"Delegaci\u00f3n Minera regional presente en el principal Foro Internacional de Exploraci\u00f3n en Canad\u00e1"},"content":{"rendered":"<div class=\"flex_column av_one_full  flex_column_div av-zero-column-padding first  avia-builder-el-0  el_before_av_one_full  avia-builder-el-first  \" style='border-radius:0px; '><div  class='avia-image-container  av-styling-    avia-builder-el-1  avia-builder-el-no-sibling  avia-align-center '  itemprop=\"image\" itemscope=\"itemscope\" itemtype=\"https:\/\/schema.org\/ImageObject\"  ><div class='avia-image-container-inner'><div class='avia-image-overlay-wrap'><img decoding=\"async\" class='wp-image-51058 avia-img-lazy-loading-not-51058 avia_image' src=\"https:\/\/radiorevelacionfm.cl\/wp-content\/uploads\/2025\/03\/Andean-Silver-Chile-Chico-1-1.jpg\" alt='' title='Andean-Silver-Chile-Chico (1) (1)' height=\"600\" width=\"1067\"  itemprop=\"thumbnailUrl\" srcset=\"https:\/\/radiorevelacionfm.cl\/wp-content\/uploads\/2025\/03\/Andean-Silver-Chile-Chico-1-1.jpg 1067w, https:\/\/radiorevelacionfm.cl\/wp-content\/uploads\/2025\/03\/Andean-Silver-Chile-Chico-1-1-300x169.jpg 300w, https:\/\/radiorevelacionfm.cl\/wp-content\/uploads\/2025\/03\/Andean-Silver-Chile-Chico-1-1-1030x579.jpg 1030w, https:\/\/radiorevelacionfm.cl\/wp-content\/uploads\/2025\/03\/Andean-Silver-Chile-Chico-1-1-768x432.jpg 768w, https:\/\/radiorevelacionfm.cl\/wp-content\/uploads\/2025\/03\/Andean-Silver-Chile-Chico-1-1-705x396.jpg 705w, https:\/\/radiorevelacionfm.cl\/wp-content\/uploads\/2025\/03\/Andean-Silver-Chile-Chico-1-1-450x253.jpg 450w, https:\/\/radiorevelacionfm.cl\/wp-content\/uploads\/2025\/03\/Andean-Silver-Chile-Chico-1-1-600x337.jpg 600w\" sizes=\"(max-width: 1067px) 100vw, 1067px\" \/><\/div><\/div><\/div><\/div><div class=\"flex_column av_one_full  flex_column_div av-zero-column-padding first  avia-builder-el-2  el_after_av_one_full  el_before_av_one_full  column-top-margin\" style='border-radius:0px; '><section class=\"av_textblock_section \"  itemscope=\"itemscope\" itemtype=\"https:\/\/schema.org\/BlogPosting\" itemprop=\"blogPost\" ><div class='avia_textblock  '   itemprop=\"text\" ><p style=\"text-align: center;\"><strong><span style=\"font-size: 18pt;\">Delegaci\u00f3n Minera regional presente en el principal Foro Internacional de Exploraci\u00f3n en Canad\u00e1<\/span><\/strong><\/p>\n<div id=\"gtx-trans\" style=\"position: absolute; left: -50px; top: 4.31534px;\">\n<div class=\"gtx-trans-icon\"><\/div>\n<\/div>\n<\/div><\/section><\/div><div class=\"flex_column av_one_full  flex_column_div av-zero-column-padding first  avia-builder-el-4  el_after_av_one_full  el_before_av_hr  column-top-margin\" style='border-radius:0px; '><section class=\"av_textblock_section \"  itemscope=\"itemscope\" itemtype=\"https:\/\/schema.org\/BlogPosting\" itemprop=\"blogPost\" ><div class='avia_textblock  '   itemprop=\"text\" ><p style=\"text-align: justify;\"><em>La presencia de la empresa minera, de Chile Chico, en el foro internacional PDAC 2025, celebrado en Toronto, reafirma el compromiso de la Regi\u00f3n de Ays\u00e9n con el desarrollo.<\/em><\/p>\n<p style=\"text-align: justify;\">En el marco de PDAC 2025, la feria de exploraciones mineras de mayor relevancia internacional, Chile reafirma su liderazgo y la fortaleza de su industria minera. Durante una ceremonia realizada en el sal\u00f3n Montt-Varas de La Moneda, las autoridades de la delegaci\u00f3n chilena resaltaron las fortalezas y el liderazgo global del sector, destacando que la presencia de la delegaci\u00f3n, conformada por cerca de 240 personas y m\u00e1s de 170 organismos p\u00fablicos y privados, demuestra el creciente inter\u00e9s en profundizar lazos internacionales y explorar nuevas oportunidades de inversi\u00f3n y colaboraci\u00f3n. Es relevante se\u00f1alar que el 39% de los participantes asiste por primera vez a PDAC, evidenciando el atractivo del evento para nuevos actores.<\/p>\n<p style=\"text-align: justify;\">PDAC, organizada por la Prospectors &amp; Developers Association of Canada, re\u00fane anualmente a expertos, inversionistas y autoridades de diversos pa\u00edses, facilitando el intercambio de conocimientos y la adopci\u00f3n de nuevas tendencias tecnol\u00f3gicas e inversiones. Este espacio impulsa la innovaci\u00f3n y el desarrollo sostenible en la industria minera.<\/p>\n<p style=\"text-align: justify;\">Desde Chile Chico, Minera Andean Silver representa a la regi\u00f3n de Ays\u00e9n en uno de los foros internacionales m\u00e1s importantes en materia de exploraci\u00f3n y desarrollo minero. A pocos d\u00edas del inicio del evento, el Gerente General, \u00c1lvaro Fuentes, enfatiz\u00f3 \u201cNuestra presencia en este evento es estrat\u00e9gica para potenciar la atracci\u00f3n de capitales, conocer nuevas tecnolog\u00edas y el desarrollo de nuestro proyecto minero.\u201d<\/p>\n<p style=\"text-align: justify;\">La importancia de la miner\u00eda chilena en el escenario internacional fue subrayada por la Ministra de Miner\u00eda, Aurora Williams, quien declar\u00f3 \u201cChile tiene una de las carteras de proyectos mineros con el valor estimado m\u00e1s alto de los \u00faltimos diez a\u00f1os, con una cifra que supera los ochenta mil millones de d\u00f3lares. Se posiciona como el cuarto destino mundial y el primero de Am\u00e9rica Latina en inversi\u00f3n en exploraci\u00f3n minera. Esto refleja la fortaleza geol\u00f3gica del pa\u00eds, la solidez institucional y el ecosistema virtuoso que ha construido la industria minera\u201d se\u00f1alo la Ministra.<\/p>\n<p style=\"text-align: justify;\">Asimismo, el Seremi de Miner\u00eda de Ays\u00e9n, Juan V\u00e1squez Alarc\u00f3n, destac\u00f3 \u201cLa presencia de actores regionales en foros como PDAC contribuye a diversificar y enriquecer la agenda minera. Esto permite que las experiencias locales se integren en un contexto global, abriendo nuevas oportunidades de colaboraci\u00f3n e inversi\u00f3n que benefician a todo el sector minero y por supuesto a nuestra regi\u00f3n.\u201d<\/p>\n<p style=\"text-align: justify;\">La participaci\u00f3n de Minera Andean Silver en PDAC 2025 marca un precedente tanto para la empresa como para la regi\u00f3n de Ays\u00e9n, posicion\u00e1ndola como un actor en la escena global de la miner\u00eda.<\/p>\n<\/div><\/section><\/div><div  style='height:50px' class='hr hr-invisible   avia-builder-el-6  el_after_av_one_full  el_before_av_social_share '><span class='hr-inner ' ><span class='hr-inner-style'><\/span><\/span><\/div><\/p>\n<div  class='av-social-sharing-box  avia-builder-el-7  el_after_av_hr  el_before_av_hr  '><div class='av-share-box'><h5 class='av-share-link-description av-no-toc '>Compartir esta noticia<\/h5><ul class='av-share-box-list noLightbox'><li class='av-share-link av-social-link-facebook' ><a target=\"_blank\" aria-label=\"Compartir en Facebook\" href='https:\/\/www.facebook.com\/sharer.php?u=https:\/\/radiorevelacionfm.cl\/?p=51057&#038;t=Delegaci%C3%B3n%20Minera%20regional%20presente%20en%20el%20principal%20Foro%20Internacional%20de%20Exploraci%C3%B3n%20en%20Canad%C3%A1' aria-hidden='false' data-av_icon='\ue8f3' data-av_iconfont='entypo-fontello' title='' data-avia-related-tooltip='Compartir en Facebook' rel=\"noopener\"><span class='avia_hidden_link_text'>Compartir en Facebook<\/span><\/a><\/li><li class='av-share-link av-social-link-twitter' ><a target=\"_blank\" aria-label=\"Compartir en Twitter\" href='https:\/\/twitter.com\/share?text=Delegaci%C3%B3n%20Minera%20regional%20presente%20en%20el%20principal%20Foro%20Internacional%20de%20Exploraci%C3%B3n%20en%20Canad%C3%A1&#038;url=https:\/\/radiorevelacionfm.cl\/?p=51057' aria-hidden='false' data-av_icon='\ue8f1' data-av_iconfont='entypo-fontello' title='' data-avia-related-tooltip='Compartir en Twitter' rel=\"noopener\"><span class='avia_hidden_link_text'>Compartir en Twitter<\/span><\/a><\/li><li class='av-share-link av-social-link-whatsapp' ><a target=\"_blank\" aria-label=\"Compartir en Whatsapp\" href='https:\/\/api.whatsapp.com\/send?text=https:\/\/radiorevelacionfm.cl\/?p=51057' aria-hidden='false' data-av_icon='\uf232' data-av_iconfont='entypo-fontello' title='' data-avia-related-tooltip='Compartir en Whatsapp' rel=\"noopener\"><span class='avia_hidden_link_text'>Compartir en Whatsapp<\/span><\/a><\/li><li class='av-share-link av-social-link-linkedin' ><a target=\"_blank\" aria-label=\"Compartir en LinkedIn\" href='https:\/\/linkedin.com\/shareArticle?mini=true&#038;title=Delegaci%C3%B3n%20Minera%20regional%20presente%20en%20el%20principal%20Foro%20Internacional%20de%20Exploraci%C3%B3n%20en%20Canad%C3%A1&#038;url=https:\/\/radiorevelacionfm.cl\/?p=51057' aria-hidden='false' data-av_icon='\ue8fc' data-av_iconfont='entypo-fontello' title='' data-avia-related-tooltip='Compartir en LinkedIn' rel=\"noopener\"><span class='avia_hidden_link_text'>Compartir en LinkedIn<\/span><\/a><\/li><li class='av-share-link av-social-link-mail' ><a  aria-label=\"Compartir por correo\" href='mailto:?subject=Delegaci%C3%B3n%20Minera%20regional%20presente%20en%20el%20principal%20Foro%20Internacional%20de%20Exploraci%C3%B3n%20en%20Canad%C3%A1&#038;body=https:\/\/radiorevelacionfm.cl\/?p=51057' aria-hidden='false' data-av_icon='\ue805' data-av_iconfont='entypo-fontello' title='' data-avia-related-tooltip='Compartir por correo'><span class='avia_hidden_link_text'>Compartir por correo<\/span><\/a><\/li><\/ul><\/div><\/div>\n<div  style='height:50px' class='hr hr-invisible   avia-builder-el-8  el_after_av_social_share  el_before_av_comments_list '><span class='hr-inner ' ><span class='hr-inner-style'><\/span><\/span><\/div>\n<div  class='av-buildercomment  av-blog-meta-html-info-disabled av-blog-meta-tag-disabled  '><\/div>\n","protected":false},"excerpt":{"rendered":"","protected":false},"author":1,"featured_media":51058,"comment_status":"open","ping_status":"open","sticky":false,"template":"","format":"standard","meta":{"footnotes":""},"categories":[38],"tags":[],"class_list":["post-51057","post","type-post","status-publish","format-standard","has-post-thumbnail","hentry","category-regional"],"jetpack_featured_media_url":"https:\/\/radiorevelacionfm.cl\/wp-content\/uploads\/2025\/03\/Andean-Silver-Chile-Chico-1-1.jpg","_links":{"self":[{"href":"https:\/\/radiorevelacionfm.cl\/index.php?rest_route=\/wp\/v2\/posts\/51057","targetHints":{"allow":["GET"]}}],"collection":[{"href":"https:\/\/radiorevelacionfm.cl\/index.php?rest_route=\/wp\/v2\/posts"}],"about":[{"href":"https:\/\/radiorevelacionfm.cl\/index.php?rest_route=\/wp\/v2\/types\/post"}],"author":[{"embeddable":true,"href":"https:\/\/radiorevelacionfm.cl\/index.php?rest_route=\/wp\/v2\/users\/1"}],"replies":[{"embeddable":true,"href":"https:\/\/radiorevelacionfm.cl\/index.php?rest_route=%2Fwp%2Fv2%2Fcomments&post=51057"}],"version-history":[{"count":1,"href":"https:\/\/radiorevelacionfm.cl\/index.php?rest_route=\/wp\/v2\/posts\/51057\/revisions"}],"predecessor-version":[{"id":51059,"href":"https:\/\/radiorevelacionfm.cl\/index.php?rest_route=\/wp\/v2\/posts\/51057\/revisions\/51059"}],"wp:featuredmedia":[{"embeddable":true,"href":"https:\/\/radiorevelacionfm.cl\/index.php?rest_route=\/wp\/v2\/media\/51058"}],"wp:attachment":[{"href":"https:\/\/radiorevelacionfm.cl\/index.php?rest_route=%2Fwp%2Fv2%2Fmedia&parent=51057"}],"wp:term":[{"taxonomy":"category","embeddable":true,"href":"https:\/\/radiorevelacionfm.cl\/index.php?rest_route=%2Fwp%2Fv2%2Fcategories&post=51057"},{"taxonomy":"post_tag","embeddable":true,"href":"https:\/\/radiorevelacionfm.cl\/index.php?rest_route=%2Fwp%2Fv2%2Ftags&post=51057"}],"curies":[{"name":"wp","href":"https:\/\/api.w.org\/{rel}","templated":true}]}}