{"id":51054,"date":"2025-03-05T10:31:36","date_gmt":"2025-03-05T13:31:36","guid":{"rendered":"https:\/\/radiorevelacionfm.cl\/?p=51054"},"modified":"2025-03-05T10:31:36","modified_gmt":"2025-03-05T13:31:36","slug":"invitan-a-profesionales-de-la-educacion-a-postular-a-beca-de-magister-nacional","status":"publish","type":"post","link":"https:\/\/radiorevelacionfm.cl\/?p=51054","title":{"rendered":"Invitan a profesionales de la educaci\u00f3n a postular a Beca de Mag\u00edster Nacional"},"content":{"rendered":"<div class=\"flex_column av_one_full  flex_column_div av-zero-column-padding first  avia-builder-el-0  el_before_av_one_full  avia-builder-el-first  \" style='border-radius:0px; '><div  class='avia-image-container  av-styling-    avia-builder-el-1  avia-builder-el-no-sibling  avia-align-center '  itemprop=\"image\" itemscope=\"itemscope\" itemtype=\"https:\/\/schema.org\/ImageObject\"  ><div class='avia-image-container-inner'><div class='avia-image-overlay-wrap'><img decoding=\"async\" class='wp-image-51055 avia-img-lazy-loading-not-51055 avia_image' src=\"https:\/\/radiorevelacionfm.cl\/wp-content\/uploads\/2025\/03\/magister-prof-educacion-1-1.jpg\" alt='' title='magister-prof-educacion (1) (1)' height=\"600\" width=\"1079\"  itemprop=\"thumbnailUrl\" srcset=\"https:\/\/radiorevelacionfm.cl\/wp-content\/uploads\/2025\/03\/magister-prof-educacion-1-1.jpg 1079w, https:\/\/radiorevelacionfm.cl\/wp-content\/uploads\/2025\/03\/magister-prof-educacion-1-1-300x167.jpg 300w, https:\/\/radiorevelacionfm.cl\/wp-content\/uploads\/2025\/03\/magister-prof-educacion-1-1-1030x573.jpg 1030w, https:\/\/radiorevelacionfm.cl\/wp-content\/uploads\/2025\/03\/magister-prof-educacion-1-1-768x427.jpg 768w, https:\/\/radiorevelacionfm.cl\/wp-content\/uploads\/2025\/03\/magister-prof-educacion-1-1-705x392.jpg 705w, https:\/\/radiorevelacionfm.cl\/wp-content\/uploads\/2025\/03\/magister-prof-educacion-1-1-450x250.jpg 450w, https:\/\/radiorevelacionfm.cl\/wp-content\/uploads\/2025\/03\/magister-prof-educacion-1-1-600x334.jpg 600w\" sizes=\"(max-width: 1079px) 100vw, 1079px\" \/><\/div><\/div><\/div><\/div><div class=\"flex_column av_one_full  flex_column_div av-zero-column-padding first  avia-builder-el-2  el_after_av_one_full  el_before_av_one_full  column-top-margin\" style='border-radius:0px; '><section class=\"av_textblock_section \"  itemscope=\"itemscope\" itemtype=\"https:\/\/schema.org\/BlogPosting\" itemprop=\"blogPost\" ><div class='avia_textblock  '   itemprop=\"text\" ><p style=\"text-align: center;\"><span style=\"font-size: 18pt;\"><b><span lang=\"es\">\u00a0Invitan a profesionales de la educaci\u00f3n a postular a Beca de Mag\u00edster Nacional<\/span><\/b><\/span><\/p>\n<div id=\"gtx-trans\" style=\"position: absolute; left: -50px; top: 4.31534px;\">\n<div class=\"gtx-trans-icon\"><\/div>\n<\/div>\n<\/div><\/section><\/div><div class=\"flex_column av_one_full  flex_column_div av-zero-column-padding first  avia-builder-el-4  el_after_av_one_full  el_before_av_hr  column-top-margin\" style='border-radius:0px; '><section class=\"av_textblock_section \"  itemscope=\"itemscope\" itemtype=\"https:\/\/schema.org\/BlogPosting\" itemprop=\"blogPost\" ><div class='avia_textblock  '   itemprop=\"text\" ><p class=\"v1MsoNormal\" style=\"text-align: justify;\"><i><span lang=\"es\">Convocatoria del MinCiencia busca apoyar financieramente la obtenci\u00f3n del grado acad\u00e9mico de mag\u00edster en el \u00e1rea de la educaci\u00f3n, en programas acreditados e impartidos por universidades chilenas.<\/span><\/i><\/p>\n<p class=\"v1MsoNormal\" style=\"text-align: justify;\"><span lang=\"es\">Hasta el 21 de marzo podr\u00e1n postular a la Beca de Mag\u00edster Nacional los y las profesionales de la educaci\u00f3n que se encuentren asimilados en los Tramos del Sistema de Desarrollo Profesional Docente del Ministerio de Educaci\u00f3n y que est\u00e9n ejerciendo en establecimientos subvencionados por el Estado, tales como establecimientos municipales, particulares subvencionados, aquellos regidos por el DL N\u00b0 3.166 del Mineduc, y los establecimientos dependientes de los Servicios Locales de Educaci\u00f3n P\u00fablica.<\/span><\/p>\n<p class=\"v1MsoNormal\" style=\"text-align: justify;\"><span lang=\"es\">En relaci\u00f3n a los beneficios de la convocatoria la seremi de Ciencia, Ver\u00f3nica Vallejos, inform\u00f3 que \u00e9sta contempla el financiamiento para un m\u00e1ximo de 50 becas (n\u00famero que podr\u00eda variar dependiendo del puntaje de corte), por un monto cercano a los $6 millones anuales. Adem\u00e1s, considera el pago de arancel y\/o matr\u00edcula por un m\u00e1ximo de $1 mill\u00f3n, una asignaci\u00f3n por cada hijo menor de 18 a\u00f1os, aportes para salud, extensi\u00f3n por concepto de pre y postnatal, entre otros.<\/span><\/p>\n<p class=\"v1MsoNormal\" style=\"text-align: justify;\"><span lang=\"es\">\u00abQuiero invitar a los y las profesionales de la educaci\u00f3n que posean el t\u00edtulo profesional de profesor o profesora, educador o educadora, o a quienes est\u00e9n legalmente habilitados para ejercer la funci\u00f3n docente, y que adem\u00e1s se encuentren en proceso de postulaci\u00f3n formal, hayan sido admitidos o admitidas, o sean alumnos o alumnas regulares en un programa de mag\u00edster acreditado en alguna universidad nacional, a que postulen a este concurso que convoca la Agencia Nacional de Investigaci\u00f3n Desarrollo (ANID), el que busca apoyarles financieramente por 2 a\u00f1os durante el per\u00edodo de perfeccionamiento de conocimientos y herramientas\u00bb, se\u00f1al\u00f3 la autoridad regional, quien tambi\u00e9n inform\u00f3 que el jueves 6 de marzo, a las 10:00 horas, la ANID tiene programado un taller informativo online -de inscripci\u00f3n obligatoria (<\/span><span lang=\"es\"><a href=\"https:\/\/docs.google.com\/forms\/d\/e\/1FAIpQLSdyGWhTXOp8EtDSFA0h0Su0SgN_3kK1bVM7X5tOvidUxYQsJA\/viewform\" target=\"_blank\" rel=\"noopener noreferrer\">formulario<\/a><\/span><span lang=\"es\">)- para conocer mejor este instrumento y despejar dudas.<\/span><\/p>\n<p class=\"v1MsoNormal\" style=\"text-align: justify;\"><span lang=\"es\">Las postulaciones al concurso deber\u00e1n realizarse por v\u00eda electr\u00f3nica mediante el Sistema de Postulaci\u00f3n en L\u00ednea, cuyo acceso se encuentra disponible a trav\u00e9s de la p\u00e1gina web de la ANID. Interesados\/as solo podr\u00e1n enviar una postulaci\u00f3n al presente concurso, por lo que cualquier persona que env\u00ede m\u00e1s de una ser\u00e1 declarada fuera de base.<\/span><\/p>\n<p class=\"v1MsoNormal\" style=\"text-align: justify;\"><span lang=\"es\">M\u00e1s informaci\u00f3n en el siguiente\u00a0<\/span><span lang=\"es\"><a href=\"https:\/\/anid.cl\/concursos\/beca-magister-en-chile-para-profesionales-de-la-educacion-2025\/\" target=\"_blank\" rel=\"noopener noreferrer\">enlace<\/a><\/span><span lang=\"es\">.<\/span><\/p>\n<\/div><\/section><\/div><div  style='height:50px' class='hr hr-invisible   avia-builder-el-6  el_after_av_one_full  el_before_av_social_share '><span class='hr-inner ' ><span class='hr-inner-style'><\/span><\/span><\/div><\/p>\n<div  class='av-social-sharing-box  avia-builder-el-7  el_after_av_hr  el_before_av_hr  '><div class='av-share-box'><h5 class='av-share-link-description av-no-toc '>Compartir esta noticia<\/h5><ul class='av-share-box-list noLightbox'><li class='av-share-link av-social-link-facebook' ><a target=\"_blank\" aria-label=\"Compartir en Facebook\" href='https:\/\/www.facebook.com\/sharer.php?u=https:\/\/radiorevelacionfm.cl\/?p=51054&#038;t=Invitan%20a%20profesionales%20de%20la%20educaci%C3%B3n%20a%20postular%20a%20Beca%20de%20Mag%C3%ADster%20Nacional' aria-hidden='false' data-av_icon='\ue8f3' data-av_iconfont='entypo-fontello' title='' data-avia-related-tooltip='Compartir en Facebook' rel=\"noopener\"><span class='avia_hidden_link_text'>Compartir en Facebook<\/span><\/a><\/li><li class='av-share-link av-social-link-twitter' ><a target=\"_blank\" aria-label=\"Compartir en Twitter\" href='https:\/\/twitter.com\/share?text=Invitan%20a%20profesionales%20de%20la%20educaci%C3%B3n%20a%20postular%20a%20Beca%20de%20Mag%C3%ADster%20Nacional&#038;url=https:\/\/radiorevelacionfm.cl\/?p=51054' aria-hidden='false' data-av_icon='\ue8f1' data-av_iconfont='entypo-fontello' title='' data-avia-related-tooltip='Compartir en Twitter' rel=\"noopener\"><span class='avia_hidden_link_text'>Compartir en Twitter<\/span><\/a><\/li><li class='av-share-link av-social-link-whatsapp' ><a target=\"_blank\" aria-label=\"Compartir en Whatsapp\" href='https:\/\/api.whatsapp.com\/send?text=https:\/\/radiorevelacionfm.cl\/?p=51054' aria-hidden='false' data-av_icon='\uf232' data-av_iconfont='entypo-fontello' title='' data-avia-related-tooltip='Compartir en Whatsapp' rel=\"noopener\"><span class='avia_hidden_link_text'>Compartir en Whatsapp<\/span><\/a><\/li><li class='av-share-link av-social-link-linkedin' ><a target=\"_blank\" aria-label=\"Compartir en LinkedIn\" href='https:\/\/linkedin.com\/shareArticle?mini=true&#038;title=Invitan%20a%20profesionales%20de%20la%20educaci%C3%B3n%20a%20postular%20a%20Beca%20de%20Mag%C3%ADster%20Nacional&#038;url=https:\/\/radiorevelacionfm.cl\/?p=51054' aria-hidden='false' data-av_icon='\ue8fc' data-av_iconfont='entypo-fontello' title='' data-avia-related-tooltip='Compartir en LinkedIn' rel=\"noopener\"><span class='avia_hidden_link_text'>Compartir en LinkedIn<\/span><\/a><\/li><li class='av-share-link av-social-link-mail' ><a  aria-label=\"Compartir por correo\" href='mailto:?subject=Invitan%20a%20profesionales%20de%20la%20educaci%C3%B3n%20a%20postular%20a%20Beca%20de%20Mag%C3%ADster%20Nacional&#038;body=https:\/\/radiorevelacionfm.cl\/?p=51054' aria-hidden='false' data-av_icon='\ue805' data-av_iconfont='entypo-fontello' title='' data-avia-related-tooltip='Compartir por correo'><span class='avia_hidden_link_text'>Compartir por correo<\/span><\/a><\/li><\/ul><\/div><\/div>\n<div  style='height:50px' class='hr hr-invisible   avia-builder-el-8  el_after_av_social_share  el_before_av_comments_list '><span class='hr-inner ' ><span class='hr-inner-style'><\/span><\/span><\/div>\n<div  class='av-buildercomment  av-blog-meta-html-info-disabled av-blog-meta-tag-disabled  '><\/div>\n","protected":false},"excerpt":{"rendered":"","protected":false},"author":1,"featured_media":51055,"comment_status":"open","ping_status":"open","sticky":false,"template":"","format":"standard","meta":{"footnotes":""},"categories":[53],"tags":[],"class_list":["post-51054","post","type-post","status-publish","format-standard","has-post-thumbnail","hentry","category-ciencia"],"jetpack_featured_media_url":"https:\/\/radiorevelacionfm.cl\/wp-content\/uploads\/2025\/03\/magister-prof-educacion-1-1.jpg","_links":{"self":[{"href":"https:\/\/radiorevelacionfm.cl\/index.php?rest_route=\/wp\/v2\/posts\/51054","targetHints":{"allow":["GET"]}}],"collection":[{"href":"https:\/\/radiorevelacionfm.cl\/index.php?rest_route=\/wp\/v2\/posts"}],"about":[{"href":"https:\/\/radiorevelacionfm.cl\/index.php?rest_route=\/wp\/v2\/types\/post"}],"author":[{"embeddable":true,"href":"https:\/\/radiorevelacionfm.cl\/index.php?rest_route=\/wp\/v2\/users\/1"}],"replies":[{"embeddable":true,"href":"https:\/\/radiorevelacionfm.cl\/index.php?rest_route=%2Fwp%2Fv2%2Fcomments&post=51054"}],"version-history":[{"count":1,"href":"https:\/\/radiorevelacionfm.cl\/index.php?rest_route=\/wp\/v2\/posts\/51054\/revisions"}],"predecessor-version":[{"id":51056,"href":"https:\/\/radiorevelacionfm.cl\/index.php?rest_route=\/wp\/v2\/posts\/51054\/revisions\/51056"}],"wp:featuredmedia":[{"embeddable":true,"href":"https:\/\/radiorevelacionfm.cl\/index.php?rest_route=\/wp\/v2\/media\/51055"}],"wp:attachment":[{"href":"https:\/\/radiorevelacionfm.cl\/index.php?rest_route=%2Fwp%2Fv2%2Fmedia&parent=51054"}],"wp:term":[{"taxonomy":"category","embeddable":true,"href":"https:\/\/radiorevelacionfm.cl\/index.php?rest_route=%2Fwp%2Fv2%2Fcategories&post=51054"},{"taxonomy":"post_tag","embeddable":true,"href":"https:\/\/radiorevelacionfm.cl\/index.php?rest_route=%2Fwp%2Fv2%2Ftags&post=51054"}],"curies":[{"name":"wp","href":"https:\/\/api.w.org\/{rel}","templated":true}]}}