{"id":51051,"date":"2025-03-04T11:39:30","date_gmt":"2025-03-04T14:39:30","guid":{"rendered":"https:\/\/radiorevelacionfm.cl\/?p=51051"},"modified":"2025-03-04T11:39:30","modified_gmt":"2025-03-04T14:39:30","slug":"aprueban-recursos-para-nuevo-terminal-de-buses-en-puerto-rio-tranquilo","status":"publish","type":"post","link":"https:\/\/radiorevelacionfm.cl\/?p=51051","title":{"rendered":"Aprueban recursos para nuevo terminal de buses en Puerto R\u00edo Tranquilo"},"content":{"rendered":"<div class=\"flex_column av_one_full  flex_column_div av-zero-column-padding first  avia-builder-el-0  el_before_av_one_full  avia-builder-el-first  \" style='border-radius:0px; '><div  class='avia-image-container  av-styling-    avia-builder-el-1  avia-builder-el-no-sibling  avia-align-center '  itemprop=\"image\" itemscope=\"itemscope\" itemtype=\"https:\/\/schema.org\/ImageObject\"  ><div class='avia-image-container-inner'><div class='avia-image-overlay-wrap'><img decoding=\"async\" class='wp-image-51052 avia-img-lazy-loading-not-51052 avia_image' src=\"https:\/\/radiorevelacionfm.cl\/wp-content\/uploads\/2025\/03\/WhatsApp-Image-2025-02-25-at-13.44.04-1-1.jpeg\" alt='' title='WhatsApp Image 2025-02-25 at 13.44.04 (1) (1)' height=\"600\" width=\"996\"  itemprop=\"thumbnailUrl\" srcset=\"https:\/\/radiorevelacionfm.cl\/wp-content\/uploads\/2025\/03\/WhatsApp-Image-2025-02-25-at-13.44.04-1-1.jpeg 996w, https:\/\/radiorevelacionfm.cl\/wp-content\/uploads\/2025\/03\/WhatsApp-Image-2025-02-25-at-13.44.04-1-1-300x181.jpeg 300w, https:\/\/radiorevelacionfm.cl\/wp-content\/uploads\/2025\/03\/WhatsApp-Image-2025-02-25-at-13.44.04-1-1-768x463.jpeg 768w, https:\/\/radiorevelacionfm.cl\/wp-content\/uploads\/2025\/03\/WhatsApp-Image-2025-02-25-at-13.44.04-1-1-705x425.jpeg 705w, https:\/\/radiorevelacionfm.cl\/wp-content\/uploads\/2025\/03\/WhatsApp-Image-2025-02-25-at-13.44.04-1-1-450x271.jpeg 450w, https:\/\/radiorevelacionfm.cl\/wp-content\/uploads\/2025\/03\/WhatsApp-Image-2025-02-25-at-13.44.04-1-1-600x361.jpeg 600w\" sizes=\"(max-width: 996px) 100vw, 996px\" \/><\/div><\/div><\/div><\/div><div class=\"flex_column av_one_full  flex_column_div av-zero-column-padding first  avia-builder-el-2  el_after_av_one_full  el_before_av_one_full  column-top-margin\" style='border-radius:0px; '><section class=\"av_textblock_section \"  itemscope=\"itemscope\" itemtype=\"https:\/\/schema.org\/BlogPosting\" itemprop=\"blogPost\" ><div class='avia_textblock  '   itemprop=\"text\" ><p style=\"text-align: center;\"><strong><span style=\"font-size: 18pt;\">Aprueban recursos para nuevo terminal de buses en Puerto R\u00edo Tranquilo<\/span><\/strong><\/p>\n<div id=\"gtx-trans\" style=\"position: absolute; left: -50px; top: 4.31534px;\">\n<div class=\"gtx-trans-icon\"><\/div>\n<\/div>\n<\/div><\/section><\/div><div class=\"flex_column av_one_full  flex_column_div av-zero-column-padding first  avia-builder-el-4  el_after_av_one_full  el_before_av_hr  column-top-margin\" style='border-radius:0px; '><section class=\"av_textblock_section \"  itemscope=\"itemscope\" itemtype=\"https:\/\/schema.org\/BlogPosting\" itemprop=\"blogPost\" ><div class='avia_textblock  '   itemprop=\"text\" ><p style=\"text-align: justify;\">El pasado viernes, el Gobierno Regional de Ays\u00e9n y su Consejo aprobaron una inversi\u00f3n superior a los $3.600 millones para la construcci\u00f3n de un nuevo terminal de buses en Puerto R\u00edo Tranquilo. Este proyecto, clave dentro del plan de terminales regionales impulsado por el Gobernador Marcelo Santana, tiene como objetivo modernizar y fortalecer la infraestructura de transporte en las distintas comunas de la regi\u00f3n.<\/p>\n<p style=\"text-align: justify;\">La construcci\u00f3n de este terminal responde a la creciente demanda de conectividad en Puerto R\u00edo Tranquilo, una localidad con gran importancia tur\u00edstica y estrat\u00e9gica, que requiere instalaciones adecuadas para recibir a viajeros y mejorar la movilidad de sus habitantes. Con esta inversi\u00f3n, se busca optimizar el traslado de pasajeros, ordenar el flujo de transporte y brindar mayores comodidades a quienes transitan por la zona.<\/p>\n<p style=\"text-align: justify;\">El nuevo terminal estar\u00e1 ubicado en un terreno municipal en el sector rural de Puerto R\u00edo Tranquilo y contar\u00e1 con una superficie total construida de 1.835,45 m2. Su infraestructura incluir\u00e1 una zona de atenci\u00f3n al p\u00fablico, con sala de espera, cafeter\u00eda, cuatro boleter\u00edas, oficina de informaciones, custodia de equipaje, ba\u00f1os p\u00fablicos y duchas. Adem\u00e1s, habr\u00e1 una zona destinada a administraci\u00f3n y servicios para conductores, mientras que el \u00e1rea exterior dispondr\u00e1 de andenes semi techados, \u00e1reas de operaci\u00f3n y mantenimiento de buses, estacionamientos y zonas de carga y descarga, asegurando un flujo ordenado y eficiente del transporte.<\/p>\n<p style=\"text-align: justify;\">El Gobernador Marcelo Santana destac\u00f3 la importancia de esta inversi\u00f3n para la comunidad y su impacto en el desarrollo regional: <em>\u201cEstamos felices por la aprobaci\u00f3n de m\u00e1s de 3.600 millones de pesos para construir el primer terminal de buses de Puerto R\u00edo Tranquilo, una localidad clave para el turismo en la regi\u00f3n. Este proyecto forma parte de un plan de terminales de buses que se anunciar\u00e1 en marzo, fortaleciendo la infraestructura en la Carretera Austral y beneficiando tanto el transporte regional como el turismo. Felicitamos al municipio de R\u00edo Ib\u00e1\u00f1ez, su alcalde y equipo por impulsar esta iniciativa, que esperamos se licite y comience su construcci\u00f3n este a\u00f1o\u201d<\/em>.<\/p>\n<p style=\"text-align: justify;\">Por su parte, el alcalde de R\u00edo Ib\u00e1\u00f1ez, Marcelo Jelvez, resalt\u00f3 el impacto positivo que tendr\u00e1 esta infraestructura en el ordenamiento y desarrollo de la comuna: <em>\u201cEs una gran noticia para nuestra comuna, ya que facilitar\u00e1 el trabajo de los operadores tur\u00edsticos y contribuir\u00e1 al ordenamiento territorial en Puerto R\u00edo Tranquilo. Agradecemos al Consejo Regional de Ays\u00e9n, liderado por el Gobernador Marcelo Santana, por aprobar esta gran iniciativa que sin duda marcar\u00e1 un cambio importante en la localidad\u201d<\/em>.<\/p>\n<p style=\"text-align: justify;\">La construcci\u00f3n de este terminal responde a la creciente demanda tur\u00edstica en la zona, reconocida por atractivos naturales como las Capillas de M\u00e1rmol, y busca ofrecer infraestructura adecuada para mejorar la movilidad de habitantes y visitantes. Adem\u00e1s de beneficiar a quienes residen en Puerto R\u00edo Tranquilo, este proyecto potenciar\u00e1 la experiencia de quienes visitan la regi\u00f3n, consolidando un est\u00e1ndar m\u00e1s alto en los servicios de transporte y garantizando mayor comodidad y seguridad.<\/p>\n<p style=\"text-align: justify;\">La Consejera Regional Paulina Hern\u00e1ndez enfatiz\u00f3 la importancia de esta inversi\u00f3n para fortalecer la conectividad en la regi\u00f3n: <em>\u201cSon m\u00e1s de 1.800 m\u00b2 de infraestructura con una inversi\u00f3n superior a los 3.600 millones de pesos, con instalaciones que beneficiar\u00e1n tanto a turistas como a quienes residen en Puerto R\u00edo Tranquilo. Este proyecto es un paso fundamental para fortalecer el transporte y la conectividad de la regi\u00f3n\u201d<\/em>.<\/p>\n<p style=\"text-align: justify;\">Desde el Consejo Regional, el Consejero Arcadio Soto destac\u00f3 el impacto territorial de esta obra y su relevancia para la comunidad: <em>\u201cEstamos muy contentos con la aprobaci\u00f3n de este proyecto, que era un anhelo largamente solicitado por la comunidad de Puerto Tranquilo. Su financiamiento representa un gran avance para la comuna de R\u00edo Ib\u00e1\u00f1ez, permitiendo ordenar territorialmente la localidad y mejorar la movilidad tanto de turistas como de residentes\u201d<\/em>.<\/p>\n<p style=\"text-align: justify;\">El proyecto se enmarca en el plan de gobierno del Gobernador Marcelo Santana, que prioriza la modernizaci\u00f3n de la infraestructura regional con una mirada descentralizada y equitativa. La Presidenta de la Comisi\u00f3n de Infraestructura, Transportes y Telecomunicaciones del Consejo Regional, Andrea Ponce, destac\u00f3 la transformaci\u00f3n que traer\u00e1 este nuevo terminal: <em>\u201cEste terminal no solo mejorar\u00e1 las condiciones para los turistas que visitan una de las localidades m\u00e1s concurridas de nuestra regi\u00f3n, sino que tambi\u00e9n beneficiar\u00e1 a los vecinos y vecinas que diariamente deben trasladarse. Es un gran avance en infraestructura que, adem\u00e1s, generar\u00e1 empleos en la localidad\u201d<\/em>.<\/p>\n<p style=\"text-align: justify;\">Este proyecto no solo responde a la necesidad de mejorar la infraestructura de transporte, sino que tambi\u00e9n se convierte en un motor de desarrollo econ\u00f3mico y social para la regi\u00f3n. La inversi\u00f3n en este terminal permitir\u00e1 una mejor organizaci\u00f3n del flujo tur\u00edstico, optimizando el acceso a uno de los destinos m\u00e1s emblem\u00e1ticos de Ays\u00e9n. A su vez, generar\u00e1 empleos tanto durante su construcci\u00f3n como en su futura operaci\u00f3n, fortaleciendo la actividad econ\u00f3mica local y contribuyendo a la descentralizaci\u00f3n de la infraestructura regional.<\/p>\n<p style=\"text-align: justify;\">La materializaci\u00f3n de esta obra representa un hito significativo dentro de la estrategia del Gobierno Regional de Ays\u00e9n, que busca fortalecer la red de transporte en las distintas comunas, promoviendo una mayor integraci\u00f3n territorial y garantizando mejores condiciones de movilidad para todos los habitantes y visitantes de la regi\u00f3n.<\/p>\n<\/div><\/section><\/div><div  style='height:50px' class='hr hr-invisible   avia-builder-el-6  el_after_av_one_full  el_before_av_social_share '><span class='hr-inner ' ><span class='hr-inner-style'><\/span><\/span><\/div><\/p>\n<div  class='av-social-sharing-box  avia-builder-el-7  el_after_av_hr  el_before_av_hr  '><div class='av-share-box'><h5 class='av-share-link-description av-no-toc '>Compartir esta noticia<\/h5><ul class='av-share-box-list noLightbox'><li class='av-share-link av-social-link-facebook' ><a target=\"_blank\" aria-label=\"Compartir en Facebook\" href='https:\/\/www.facebook.com\/sharer.php?u=https:\/\/radiorevelacionfm.cl\/?p=51051&#038;t=Aprueban%20recursos%20para%20nuevo%20terminal%20de%20buses%20en%20Puerto%20R%C3%ADo%20Tranquilo' aria-hidden='false' data-av_icon='\ue8f3' data-av_iconfont='entypo-fontello' title='' data-avia-related-tooltip='Compartir en Facebook' rel=\"noopener\"><span class='avia_hidden_link_text'>Compartir en Facebook<\/span><\/a><\/li><li class='av-share-link av-social-link-twitter' ><a target=\"_blank\" aria-label=\"Compartir en Twitter\" href='https:\/\/twitter.com\/share?text=Aprueban%20recursos%20para%20nuevo%20terminal%20de%20buses%20en%20Puerto%20R%C3%ADo%20Tranquilo&#038;url=https:\/\/radiorevelacionfm.cl\/?p=51051' aria-hidden='false' data-av_icon='\ue8f1' data-av_iconfont='entypo-fontello' title='' data-avia-related-tooltip='Compartir en Twitter' rel=\"noopener\"><span class='avia_hidden_link_text'>Compartir en Twitter<\/span><\/a><\/li><li class='av-share-link av-social-link-whatsapp' ><a target=\"_blank\" aria-label=\"Compartir en Whatsapp\" href='https:\/\/api.whatsapp.com\/send?text=https:\/\/radiorevelacionfm.cl\/?p=51051' aria-hidden='false' data-av_icon='\uf232' data-av_iconfont='entypo-fontello' title='' data-avia-related-tooltip='Compartir en Whatsapp' rel=\"noopener\"><span class='avia_hidden_link_text'>Compartir en Whatsapp<\/span><\/a><\/li><li class='av-share-link av-social-link-linkedin' ><a target=\"_blank\" aria-label=\"Compartir en LinkedIn\" href='https:\/\/linkedin.com\/shareArticle?mini=true&#038;title=Aprueban%20recursos%20para%20nuevo%20terminal%20de%20buses%20en%20Puerto%20R%C3%ADo%20Tranquilo&#038;url=https:\/\/radiorevelacionfm.cl\/?p=51051' aria-hidden='false' data-av_icon='\ue8fc' data-av_iconfont='entypo-fontello' title='' data-avia-related-tooltip='Compartir en LinkedIn' rel=\"noopener\"><span class='avia_hidden_link_text'>Compartir en LinkedIn<\/span><\/a><\/li><li class='av-share-link av-social-link-mail' ><a  aria-label=\"Compartir por correo\" href='mailto:?subject=Aprueban%20recursos%20para%20nuevo%20terminal%20de%20buses%20en%20Puerto%20R%C3%ADo%20Tranquilo&#038;body=https:\/\/radiorevelacionfm.cl\/?p=51051' aria-hidden='false' data-av_icon='\ue805' data-av_iconfont='entypo-fontello' title='' data-avia-related-tooltip='Compartir por correo'><span class='avia_hidden_link_text'>Compartir por correo<\/span><\/a><\/li><\/ul><\/div><\/div>\n<div  style='height:50px' class='hr hr-invisible   avia-builder-el-8  el_after_av_social_share  el_before_av_comments_list '><span class='hr-inner ' ><span class='hr-inner-style'><\/span><\/span><\/div>\n<div  class='av-buildercomment  av-blog-meta-html-info-disabled av-blog-meta-tag-disabled  '><\/div>\n","protected":false},"excerpt":{"rendered":"","protected":false},"author":1,"featured_media":51052,"comment_status":"open","ping_status":"open","sticky":false,"template":"","format":"standard","meta":{"footnotes":""},"categories":[38],"tags":[],"class_list":["post-51051","post","type-post","status-publish","format-standard","has-post-thumbnail","hentry","category-regional"],"jetpack_featured_media_url":"https:\/\/radiorevelacionfm.cl\/wp-content\/uploads\/2025\/03\/WhatsApp-Image-2025-02-25-at-13.44.04-1-1.jpeg","_links":{"self":[{"href":"https:\/\/radiorevelacionfm.cl\/index.php?rest_route=\/wp\/v2\/posts\/51051","targetHints":{"allow":["GET"]}}],"collection":[{"href":"https:\/\/radiorevelacionfm.cl\/index.php?rest_route=\/wp\/v2\/posts"}],"about":[{"href":"https:\/\/radiorevelacionfm.cl\/index.php?rest_route=\/wp\/v2\/types\/post"}],"author":[{"embeddable":true,"href":"https:\/\/radiorevelacionfm.cl\/index.php?rest_route=\/wp\/v2\/users\/1"}],"replies":[{"embeddable":true,"href":"https:\/\/radiorevelacionfm.cl\/index.php?rest_route=%2Fwp%2Fv2%2Fcomments&post=51051"}],"version-history":[{"count":1,"href":"https:\/\/radiorevelacionfm.cl\/index.php?rest_route=\/wp\/v2\/posts\/51051\/revisions"}],"predecessor-version":[{"id":51053,"href":"https:\/\/radiorevelacionfm.cl\/index.php?rest_route=\/wp\/v2\/posts\/51051\/revisions\/51053"}],"wp:featuredmedia":[{"embeddable":true,"href":"https:\/\/radiorevelacionfm.cl\/index.php?rest_route=\/wp\/v2\/media\/51052"}],"wp:attachment":[{"href":"https:\/\/radiorevelacionfm.cl\/index.php?rest_route=%2Fwp%2Fv2%2Fmedia&parent=51051"}],"wp:term":[{"taxonomy":"category","embeddable":true,"href":"https:\/\/radiorevelacionfm.cl\/index.php?rest_route=%2Fwp%2Fv2%2Fcategories&post=51051"},{"taxonomy":"post_tag","embeddable":true,"href":"https:\/\/radiorevelacionfm.cl\/index.php?rest_route=%2Fwp%2Fv2%2Ftags&post=51051"}],"curies":[{"name":"wp","href":"https:\/\/api.w.org\/{rel}","templated":true}]}}