{"id":5105,"date":"2021-06-10T10:29:57","date_gmt":"2021-06-10T13:29:57","guid":{"rendered":"https:\/\/radiorevelacionfm.cl\/?p=5105"},"modified":"2021-06-10T10:29:57","modified_gmt":"2021-06-10T13:29:57","slug":"invitan-a-participar-en-proceso-para-elaborar-el-2-plan-nacional-de-derechos-humanos","status":"publish","type":"post","link":"https:\/\/radiorevelacionfm.cl\/?p=5105","title":{"rendered":"Invitan a participar en proceso para elaborar el 2\u00b0 Plan Nacional de Derechos Humanos"},"content":{"rendered":"<div class=\"flex_column av_one_full  flex_column_div av-zero-column-padding first  avia-builder-el-0  el_before_av_one_full  avia-builder-el-first  \" style='border-radius:0px; '><div  class='avia-image-container  av-styling-    avia-builder-el-1  avia-builder-el-no-sibling  avia-align-center '  itemprop=\"image\" itemscope=\"itemscope\" itemtype=\"https:\/\/schema.org\/ImageObject\"  ><div class='avia-image-container-inner'><div class='avia-image-overlay-wrap'><img decoding=\"async\" class='wp-image-0 avia-img-lazy-loading-not-0 avia_image' src=\"https:\/\/radiorevelacionfm.cl\/wp-content\/uploads\/2021\/06\/plan-nacional-DD.HH-1-1-1.jpg\" alt='' title=''   itemprop=\"thumbnailUrl\"  \/><\/div><\/div><\/div><\/div><div class=\"flex_column av_one_full  flex_column_div av-zero-column-padding first  avia-builder-el-2  el_after_av_one_full  el_before_av_one_full  column-top-margin\" style='border-radius:0px; '><section class=\"av_textblock_section \"  itemscope=\"itemscope\" itemtype=\"https:\/\/schema.org\/BlogPosting\" itemprop=\"blogPost\" ><div class='avia_textblock  '   itemprop=\"text\" ><p style=\"text-align: center;\"><strong><span style=\"font-size: 18pt;\">Invitan a participar en proceso para elaborar el 2\u00b0 Plan Nacional de Derechos Humanos<\/span><\/strong><\/p>\n<div id=\"gtx-trans\" style=\"position: absolute; left: -50px; top: 4.31534px;\">\n<div class=\"gtx-trans-icon\"><\/div>\n<\/div>\n<\/div><\/section><\/div><div class=\"flex_column av_one_full  flex_column_div av-zero-column-padding first  avia-builder-el-4  el_after_av_one_full  el_before_av_hr  column-top-margin\" style='border-radius:0px; '><section class=\"av_textblock_section \"  itemscope=\"itemscope\" itemtype=\"https:\/\/schema.org\/BlogPosting\" itemprop=\"blogPost\" ><div class='avia_textblock  '   itemprop=\"text\" ><p style=\"text-align: justify;\">Con el fin de promover la participaci\u00f3n y recabar la opini\u00f3n de la ciudadan\u00eda, se inici\u00f3 recientemente el proceso participativo para la construcci\u00f3n del Segundo Plan Nacional de Derechos Humanos (PNDH), el que se est\u00e1 realizando a trav\u00e9s de la plataforma virtual <a href=\"https:\/\/tuopinioncuenta.minjusticia.gob.cl\/\">https:\/\/tuopinioncuenta.minjusticia.gob.cl\/<\/a> , as\u00ed lo dio a conocer el Seremi de Justicia y DD.HH Luis Prieto.<\/p>\n<p style=\"text-align: justify;\">Para ser parte de este proceso, debes ingresar al link, crear un perfil de usuario y acceder a cualquiera de las cinco modalidades de participaci\u00f3n, las que en su totalidad se llevar\u00e1n a cabo a trav\u00e9s de medios remotos, debido a las restricciones sanitarias producto del Covid-19. Las opiniones recibidas ser\u00e1n consideradas al momento de elaborar la segunda versi\u00f3n del Plan Nacional de Derechos Humanos.<\/p>\n<p style=\"text-align: justify;\">Respecto a la importancia de ser parte de este proceso, el Seremi de Justicia y DD.HH Luis Prieto se\u00f1al\u00f3 que \u201cla elaboraci\u00f3n del segundo Plan Nacional de Derechos Humanos es una instancia amplia y colaborativa, a partir de la cual se pretende construir pol\u00edticas p\u00fablicas para seguir avanzando en el respeto, promoci\u00f3n y protecci\u00f3n de los derechos humanos en todas las \u00e1reas posibles, destacando la inclusi\u00f3n -en forma in\u00e9dita-,\u00a0 de la opini\u00f3n de los ni\u00f1os y ni\u00f1as, como as\u00ed tambi\u00e9n de las personas privadas de libertad, por lo que la invitaci\u00f3n es a sumarse a este proceso participativo de car\u00e1cter digital\u201d.<\/p>\n<p style=\"text-align: justify;\">La primera modalidad de participaci\u00f3n es la \u201cConsulta Ciudadana\u201d, la que permite opinar sobre los diagn\u00f3sticos en cada uno de los temas del Plan, proponer acciones y sugerir mecanismos de monitoreo. La participaci\u00f3n puede ser individual o grupal, la segunda modalidad se refiere a los \u201cEncuentros Tem\u00e1ticos\u201d, que permitir\u00e1 a las organizaciones de la sociedad civil compartir sus diagn\u00f3sticos sobre los principales desaf\u00edos en derechos humanos, asociados a 14 cap\u00edtulos contemplados en el Plan. Estos encuentros se llevar\u00e1n a cabo entre el 8 de junio y el 2 de julio, mediante encuentros v\u00eda zoom.<\/p>\n<p style=\"text-align: justify;\">En tanto, la tercera modalidad se refiere a los \u201cEncuentros de Pueblos Ind\u00edgenas y Tribales\u201d, especialmente orientados a recoger la participaci\u00f3n de los diez pueblos ind\u00edgenas reconocidos en nuestro pa\u00eds: Aymara, Quechua, Atacame\u00f1os, Diaguitas, Collas, Changos, Rapa Nui, Mapuche, Kawaskar y Y\u00e1mana, reconocidos por ley 19.253, as\u00ed como a la comunidad afrodescendiente, la cuarta va enfocada a \u201cNi\u00f1os, ni\u00f1as y adolescentes\u201d, quienes podr\u00e1n participar de manera individual o grupal, al igual que el proceso para personas adultas. La modalidad permitir\u00e1 opinar sobre todos los temas de derechos, sin embargo, mediante un cuestionario ajustado para facilitar su comprensi\u00f3n y realizaci\u00f3n, instancia que se trabaj\u00f3 en una mesa interinstitucional con Subsecretar\u00eda de la Ni\u00f1ez, Ministerio de Educaci\u00f3n, Defensor\u00eda de la Ni\u00f1ez y Unicef, y la quinta y \u00faltima modalidad est\u00e1 dirigida a las \u201cPersonas privadas de libertad\u201d y sus familias.<\/p>\n<p style=\"text-align: justify;\">Finalmente, el Director Regional del INDH Joaqu\u00edn Bizama explic\u00f3 que \u201ccomo sede regional del INDH valoramos el proceso participativo para la elaboraci\u00f3n del Segundo Plan Nacional de Derechos Humanos a cargo del Ministerio de Justicia, es relevante que se abran espacios de di\u00e1logo y escucha a distintas personas que habitan en Chile, sean estos ni\u00f1os, ni\u00f1as, adolescentes, personas migrantes o personas que pertenecen a la diversidad sexual, adultos mayores, ind\u00edgenas, incluidos los privados de libertad, este proceso participativo sumado a otras iniciativas como la Encuesta Nacional de DD.HH que realiza el INDH, permitir\u00e1 tener un diagn\u00f3stico m\u00e1s real sobre que es lo que piensan y cuales han sido las experiencias de las personas en relaci\u00f3n con el respeto de sus derechos fundamentales, en este sentido hacemos un llamado a promocionar fuertemente los canales de participaci\u00f3n y que las personas puedan entregar sus opiniones y experiencias\u201d.<\/p>\n<\/div><\/section><\/div><div  style='height:50px' class='hr hr-invisible   avia-builder-el-6  el_after_av_one_full  el_before_av_social_share '><span class='hr-inner ' ><span class='hr-inner-style'><\/span><\/span><\/div><\/p>\n<div  class='av-social-sharing-box  avia-builder-el-7  el_after_av_hr  el_before_av_hr  '><div class='av-share-box'><h5 class='av-share-link-description av-no-toc '>Compartir esta noticia<\/h5><ul class='av-share-box-list noLightbox'><li class='av-share-link av-social-link-facebook' ><a target=\"_blank\" aria-label=\"Compartir en Facebook\" href='https:\/\/www.facebook.com\/sharer.php?u=https:\/\/radiorevelacionfm.cl\/?p=5105&#038;t=Invitan%20a%20participar%20en%20proceso%20para%20elaborar%20el%202%C2%B0%20Plan%20Nacional%20de%20Derechos%20Humanos' aria-hidden='false' data-av_icon='\ue8f3' data-av_iconfont='entypo-fontello' title='' data-avia-related-tooltip='Compartir en Facebook' rel=\"noopener\"><span class='avia_hidden_link_text'>Compartir en Facebook<\/span><\/a><\/li><li class='av-share-link av-social-link-twitter' ><a target=\"_blank\" aria-label=\"Compartir en Twitter\" href='https:\/\/twitter.com\/share?text=Invitan%20a%20participar%20en%20proceso%20para%20elaborar%20el%202%C2%B0%20Plan%20Nacional%20de%20Derechos%20Humanos&#038;url=https:\/\/radiorevelacionfm.cl\/?p=5105' aria-hidden='false' data-av_icon='\ue8f1' data-av_iconfont='entypo-fontello' title='' data-avia-related-tooltip='Compartir en Twitter' rel=\"noopener\"><span class='avia_hidden_link_text'>Compartir en Twitter<\/span><\/a><\/li><li class='av-share-link av-social-link-whatsapp' ><a target=\"_blank\" aria-label=\"Compartir en Whatsapp\" href='https:\/\/api.whatsapp.com\/send?text=https:\/\/radiorevelacionfm.cl\/?p=5105' aria-hidden='false' data-av_icon='\uf232' data-av_iconfont='entypo-fontello' title='' data-avia-related-tooltip='Compartir en Whatsapp' rel=\"noopener\"><span class='avia_hidden_link_text'>Compartir en Whatsapp<\/span><\/a><\/li><li class='av-share-link av-social-link-linkedin' ><a target=\"_blank\" aria-label=\"Compartir en LinkedIn\" href='https:\/\/linkedin.com\/shareArticle?mini=true&#038;title=Invitan%20a%20participar%20en%20proceso%20para%20elaborar%20el%202%C2%B0%20Plan%20Nacional%20de%20Derechos%20Humanos&#038;url=https:\/\/radiorevelacionfm.cl\/?p=5105' aria-hidden='false' data-av_icon='\ue8fc' data-av_iconfont='entypo-fontello' title='' data-avia-related-tooltip='Compartir en LinkedIn' rel=\"noopener\"><span class='avia_hidden_link_text'>Compartir en LinkedIn<\/span><\/a><\/li><li class='av-share-link av-social-link-mail' ><a  aria-label=\"Compartir por correo\" href='mailto:?subject=Invitan%20a%20participar%20en%20proceso%20para%20elaborar%20el%202%C2%B0%20Plan%20Nacional%20de%20Derechos%20Humanos&#038;body=https:\/\/radiorevelacionfm.cl\/?p=5105' aria-hidden='false' data-av_icon='\ue805' data-av_iconfont='entypo-fontello' title='' data-avia-related-tooltip='Compartir por correo'><span class='avia_hidden_link_text'>Compartir por correo<\/span><\/a><\/li><\/ul><\/div><\/div>\n<div  style='height:50px' class='hr hr-invisible   avia-builder-el-8  el_after_av_social_share  el_before_av_comments_list '><span class='hr-inner ' ><span class='hr-inner-style'><\/span><\/span><\/div>\n<div  class='av-buildercomment  av-blog-meta-html-info-disabled av-blog-meta-tag-disabled  '><\/div>\n","protected":false},"excerpt":{"rendered":"","protected":false},"author":1,"featured_media":0,"comment_status":"open","ping_status":"open","sticky":false,"template":"","format":"standard","meta":{"footnotes":""},"categories":[55],"tags":[],"class_list":["post-5105","post","type-post","status-publish","format-standard","hentry","category-justicia"],"jetpack_featured_media_url":"","_links":{"self":[{"href":"https:\/\/radiorevelacionfm.cl\/index.php?rest_route=\/wp\/v2\/posts\/5105","targetHints":{"allow":["GET"]}}],"collection":[{"href":"https:\/\/radiorevelacionfm.cl\/index.php?rest_route=\/wp\/v2\/posts"}],"about":[{"href":"https:\/\/radiorevelacionfm.cl\/index.php?rest_route=\/wp\/v2\/types\/post"}],"author":[{"embeddable":true,"href":"https:\/\/radiorevelacionfm.cl\/index.php?rest_route=\/wp\/v2\/users\/1"}],"replies":[{"embeddable":true,"href":"https:\/\/radiorevelacionfm.cl\/index.php?rest_route=%2Fwp%2Fv2%2Fcomments&post=5105"}],"version-history":[{"count":1,"href":"https:\/\/radiorevelacionfm.cl\/index.php?rest_route=\/wp\/v2\/posts\/5105\/revisions"}],"predecessor-version":[{"id":5107,"href":"https:\/\/radiorevelacionfm.cl\/index.php?rest_route=\/wp\/v2\/posts\/5105\/revisions\/5107"}],"wp:attachment":[{"href":"https:\/\/radiorevelacionfm.cl\/index.php?rest_route=%2Fwp%2Fv2%2Fmedia&parent=5105"}],"wp:term":[{"taxonomy":"category","embeddable":true,"href":"https:\/\/radiorevelacionfm.cl\/index.php?rest_route=%2Fwp%2Fv2%2Fcategories&post=5105"},{"taxonomy":"post_tag","embeddable":true,"href":"https:\/\/radiorevelacionfm.cl\/index.php?rest_route=%2Fwp%2Fv2%2Ftags&post=5105"}],"curies":[{"name":"wp","href":"https:\/\/api.w.org\/{rel}","templated":true}]}}