{"id":51048,"date":"2025-03-04T09:43:28","date_gmt":"2025-03-04T12:43:28","guid":{"rendered":"https:\/\/radiorevelacionfm.cl\/?p=51048"},"modified":"2025-03-04T09:43:28","modified_gmt":"2025-03-04T12:43:28","slug":"ano-judicial-2025-ministro-pedro-castro-asume-presidencia-de-la-corte-de-apelaciones-de-coyhaique","status":"publish","type":"post","link":"https:\/\/radiorevelacionfm.cl\/?p=51048","title":{"rendered":"A\u00f1o Judicial 2025: Ministro Pedro Castro asume presidencia de la Corte de Apelaciones de Coyhaique"},"content":{"rendered":"<div class=\"flex_column av_one_full  flex_column_div av-zero-column-padding first  avia-builder-el-0  el_before_av_one_full  avia-builder-el-first  \" style='border-radius:0px; '><div  class='avia-image-container  av-styling-    avia-builder-el-1  avia-builder-el-no-sibling  avia-align-center '  itemprop=\"image\" itemscope=\"itemscope\" itemtype=\"https:\/\/schema.org\/ImageObject\"  ><div class='avia-image-container-inner'><div class='avia-image-overlay-wrap'><img decoding=\"async\" class='wp-image-51049 avia-img-lazy-loading-not-51049 avia_image' src=\"https:\/\/radiorevelacionfm.cl\/wp-content\/uploads\/2025\/03\/ministro-pedro-castro-1-1_optimized-1.jpg\" alt='' title='ministro-pedro-castro-(1)-(1)_optimized (1)' height=\"600\" width=\"867\"  itemprop=\"thumbnailUrl\" srcset=\"https:\/\/radiorevelacionfm.cl\/wp-content\/uploads\/2025\/03\/ministro-pedro-castro-1-1_optimized-1.jpg 867w, https:\/\/radiorevelacionfm.cl\/wp-content\/uploads\/2025\/03\/ministro-pedro-castro-1-1_optimized-1-300x208.jpg 300w, https:\/\/radiorevelacionfm.cl\/wp-content\/uploads\/2025\/03\/ministro-pedro-castro-1-1_optimized-1-768x531.jpg 768w, https:\/\/radiorevelacionfm.cl\/wp-content\/uploads\/2025\/03\/ministro-pedro-castro-1-1_optimized-1-705x488.jpg 705w, https:\/\/radiorevelacionfm.cl\/wp-content\/uploads\/2025\/03\/ministro-pedro-castro-1-1_optimized-1-450x311.jpg 450w, https:\/\/radiorevelacionfm.cl\/wp-content\/uploads\/2025\/03\/ministro-pedro-castro-1-1_optimized-1-600x415.jpg 600w\" sizes=\"(max-width: 867px) 100vw, 867px\" \/><\/div><\/div><\/div><\/div><div class=\"flex_column av_one_full  flex_column_div av-zero-column-padding first  avia-builder-el-2  el_after_av_one_full  el_before_av_one_full  column-top-margin\" style='border-radius:0px; '><section class=\"av_textblock_section \"  itemscope=\"itemscope\" itemtype=\"https:\/\/schema.org\/BlogPosting\" itemprop=\"blogPost\" ><div class='avia_textblock  '   itemprop=\"text\" ><p style=\"text-align: center;\"><strong><span style=\"font-size: 18pt;\">A\u00f1o Judicial 2025: Ministro Pedro Castro asume presidencia de la Corte de Apelaciones de Coyhaique<\/span><\/strong><\/p>\n<div id=\"gtx-trans\" style=\"position: absolute; left: -50px; top: 4.31534px;\">\n<div class=\"gtx-trans-icon\"><\/div>\n<\/div>\n<\/div><\/section><\/div><div class=\"flex_column av_one_full  flex_column_div av-zero-column-padding first  avia-builder-el-4  el_after_av_one_full  el_before_av_hr  column-top-margin\" style='border-radius:0px; '><section class=\"av_textblock_section \"  itemscope=\"itemscope\" itemtype=\"https:\/\/schema.org\/BlogPosting\" itemprop=\"blogPost\" ><div class='avia_textblock  '   itemprop=\"text\" ><p style=\"text-align: justify;\">El ministro Pedro Castro Espinoza asumi\u00f3 -el s\u00e1bado 1 de marzo- la presidencia de la Corte de Apelaciones de Coyhaique para el a\u00f1o judicial 2025, en reemplazo del ministro Luis Aedo Mora, quien lider\u00f3 al Poder Judicial en la jurisdicci\u00f3n durante 2024.<\/p>\n<p style=\"text-align: justify;\">Esta es la quinta ocasi\u00f3n en que el ministro Castro encabeza este poder del Estado en la jurisdicci\u00f3n de Coyhaique.<\/p>\n<p style=\"text-align: justify;\">Respecto al presente a\u00f1o judicial, el ministro sostuvo que \u201ccomo jurisdicci\u00f3n siempre tenemos el desaf\u00edo de ir mejorando el servicio que se brinda a la comunidad regional y creemos que atender a los usuarios con eficiencia y cercan\u00eda nos permitir\u00e1 resolver los conflictos jur\u00eddicos de manera mucho m\u00e1s oportuna. Este ser\u00e1 un a\u00f1o importante en el cual enfocaremos todos los esfuerzos en ello\u201d.<\/p>\n<p style=\"text-align: justify;\">Sobre la cobertura en la administraci\u00f3n de justicia, el ministro Castro sostuvo que \u201ccon el avanzar del tiempo se han ido incorporando al Poder Judicial una serie de herramientas tecnol\u00f3gicas que nos permiten realizar audiencias de manera remota, podemos tomar declaraciones a personas que viven en zonas alejadas de la capital regional y por cierto, podemos tener alegatos de abogados que son de otras zonas del pa\u00eds. Lo que se traduce en facilitar el acceso a la justicia\u201d.<\/p>\n<p style=\"text-align: justify;\">De igual manera, el nuevo presidente indic\u00f3 que \u201cinstancias como las itinerancias que realizan los tribunales del extremo norte y sur, se seguir\u00e1n llevando a cabo, porque adem\u00e1s de desarrollar audiencias en todos los \u00e1mbitos jur\u00eddicos, nos permite brindar otros servicios adicionales, como resolver dudas y consultas de la comunidad, realizar charlas en establecimientos educacionales, sostener reuniones de coordinaci\u00f3n con postas rurales, Carabineros y Armada. Adem\u00e1s, de visitar medios radiales que existen en estas alejadas localidades de Ays\u00e9n\u201d.<\/p>\n<p style=\"text-align: justify;\"><strong>Labor judicial 2024<\/strong><\/p>\n<p style=\"text-align: justify;\">Por su parte, el ministro Luis Aedo, se refiri\u00f3 al trabajo efectuado durante el 2024, destacando la labor de la sala \u00fanica del tribunal de alzada y la administraci\u00f3n de justicia en los juzgados existentes en la regi\u00f3n. Asimismo, relev\u00f3 las actividades de vinculaci\u00f3n con las comunidades tanto del tipo acad\u00e9micas como culturales.<\/p>\n<p style=\"text-align: justify;\">\u201cEl a\u00f1o judicial 2024, sin dudas fue muy fruct\u00edfero a nivel jurisdiccional, nuestros funcionarios, jueces y ministros lograron sacar adelante un gran n\u00famero de causas ingresadas y dar t\u00e9rmino a m\u00e1s de 15 mil ellas. Lo que fue un gran esfuerzo dado que aumentamos en m\u00e1s de 2 mil causas en relaci\u00f3n al a\u00f1o 2023\u201d.<\/p>\n<p style=\"text-align: justify;\">Respecto a las actividades de extensi\u00f3n, el ministro Aedo indic\u00f3 que \u201ceste 2024 fue tremendamente positivo porque logramos generar m\u00e1s de 30 instancias de\u00a0vinculaci\u00f3n, ya sea por actividades interinstitucionales, charlas y seminarios, exposiciones culturales y visitas guiadas. Sumando, adem\u00e1s, la realizaci\u00f3n de itinerancias en las zonas aisladas de la jurisdicci\u00f3n. Lo que nos deja satisfechos porque uno de los prop\u00f3sitos del Poder Judicial es generar cercan\u00eda con las comunidades de Ays\u00e9n\u201d.<\/p>\n<p style=\"text-align: justify;\"><strong>Principales cifras<\/strong><\/p>\n<p style=\"text-align: justify;\">En relaci\u00f3n con las cifras que dan cuenta del trabajo en el a\u00f1o judicial 2024, el tribunal de alzada registr\u00f3 un ingreso de 2.417 recursos, de los cuales el 36,95% corresponden a Asuntos Administrativos, el 19,65% a recursos en materia Penal y el 12,78% a recursos de Protecci\u00f3n.<\/p>\n<p style=\"text-align: justify;\">Asimismo, el tribunal de alzada dio t\u00e9rmino, durante el a\u00f1o 2024, a 2.338 recursos, desglos\u00e1ndose de la siguiente manera: 268 recursos de protecci\u00f3n; 880 en materia de pleno y asuntos administrativos, 461 del \u00e1mbito penal; 265 recursos en civil, 104 en laboral y cobranza; 113 en materia de familia y 129 recursos de amparo, 61 en polic\u00eda local; 4 tributarios y aduanero, y 9 contenciosos administrativo y 8 exhortos.<\/p>\n<p style=\"text-align: justify;\"><strong>Situaci\u00f3n territorial<\/strong><\/p>\n<p style=\"text-align: justify;\">En relaci\u00f3n al desempe\u00f1o de los tribunales y juzgados que componen la jurisdicci\u00f3n durante el 2024, hubo un ingreso total de 27.118 causas, 2.324 m\u00e1s que lo registrado en 2023 (9,37% de incremento).<\/p>\n<p style=\"text-align: justify;\">Asimismo, el t\u00e9rmino de causas fue de 15.961, aumentando en 2.291 causas m\u00e1s que el a\u00f1o anterior.<\/p>\n<p style=\"text-align: justify;\"><strong>Trabajo interinstitucional y vinculaci\u00f3n con la comunidad<\/strong><\/p>\n<p style=\"text-align: justify;\">Durante el a\u00f1o judicial 2024, fueron 35 las iniciativas que vincularon al Poder Judicial con instituciones p\u00fablicas y con la comunidad regional.<\/p>\n<p style=\"text-align: justify;\">En este sentido y con el af\u00e1n de mejorar los procedimientos y garantizar los derechos de las personas en todos los \u00e1mbitos judiciales, es que se realizaron una serie de actividades interinstitucionales, como por ejemplo: \u00abReuni\u00f3n de coordinaci\u00f3n para an\u00e1lisis de nudos cr\u00edticos en la tramitaci\u00f3n de causas con mujeres v\u00edctimas de violencia de g\u00e9nero\u00bb; \u00abMesa interinstitucional de supervisi\u00f3n carcelaria da cuenta de avances en materia de infraestructura\u00bb, \u00abComit\u00e9 de g\u00e9nero y no discriminaci\u00f3n de Coyhaique realiza reuni\u00f3n interinstitucional sobre violencia contra las mujeres\u00bb y realizan \u00abreuni\u00f3n de coordinaci\u00f3n para mejorar flujos y procesos de ni\u00f1as, ni\u00f1os y adolescentes v\u00edctimas de delitos sexuales y maltrato\u00bb, por mencionar algunas. En total, fueron 15 actividades de este tipo durante el a\u00f1o.<\/p>\n<p style=\"text-align: justify;\">Asimismo, y en materia de vinculaci\u00f3n, la Corte de Apelaciones encabez\u00f3 9 actividades de extensi\u00f3n, desarrollando instancias de capacitaci\u00f3n tanto para abogados, jueces, funcionarios y por cierto, los medios de prensa regional.<\/p>\n<p style=\"text-align: justify;\">En este contexto, adem\u00e1s, fueron cinco las visitas guiadas que se efectuaron en los juzgados de la regi\u00f3n y la Corte de Apelaciones, destacando las iniciativas en las que participaron estudiantes de educaci\u00f3n superior, de ense\u00f1anza media y\u00a0 tambi\u00e9n la presencia de ni\u00f1os y ni\u00f1as de jardines infantiles. Colaborando as\u00ed, con la educaci\u00f3n c\u00edvica de los participantes.<\/p>\n<p style=\"text-align: justify;\">En el \u00e1mbito del arte y la cultura, la Corte de Apelaciones convoc\u00f3 a la comunidad regional a visitar el hall de acceso para presenciar una exposici\u00f3n fotogr\u00e1fica sobre pioneros y colonos, y en el contexto del D\u00eda de las Artes Visuales, se realiz\u00f3 una exposici\u00f3n que reuni\u00f3 a cuatro artistas locales con 16 obras pict\u00f3ricas. Finalmente, se realiz\u00f3 una entrega simb\u00f3lica al Museo Regional de Ays\u00e9n, respecto del expediente del Teniente de Carabineros, Hern\u00e1n Merino Correa.<\/p>\n<p style=\"text-align: justify;\">Otra de las aristas que acercaron al Poder Judicial a las comunidades m\u00e1s alejadas de la jurisdicci\u00f3n fueron las itinerancias desarrolladas por los juzgados mixtos de Chile Chico y Cochrane. Actividad que permiti\u00f3 a los habitantes de Mall\u00edn Grande, R\u00edo Leones, Puerto Guadal, Puerto Bertrand, Caleta Tortel y Villa O\u2019Higgins poder resolver sus problem\u00e1ticas judiciales. A esto se suman actividades como charlas en establecimientos educacionales, reuniones con Carabineros y funcionarios de postas rurales y adem\u00e1s, visitas a radios locales.<\/p>\n<p style=\"text-align: justify;\">Finalmente, en materia de comunicaciones, durante el 2024 se provey\u00f3 a los medios de prensa, m\u00e1s de 18 vocer\u00edas sobre resoluciones judiciales y actividades de vinculaci\u00f3n. En materia de fallos, se publicaron m\u00e1s de 60 comunicados de prensa y 97 publicaciones en redes sociales. A esto se suma, la comunicaci\u00f3n interna con 100 notas en la intranet del Poder Judicial.<\/p>\n<p style=\"text-align: justify;\"><strong>Pensiones de alimentos y responsabilidad parental<\/strong><\/p>\n<p style=\"text-align: justify;\">En el contexto de la Ley 21.389, que creo el Registro Nacional de Deudores de Pensiones de Alimentos, la Unidad de Liquidaciones dependiente de la Corte de Apelaciones de Coyhaique, desarroll\u00f3 un intenso trabajo en materia de mejorar el r\u00e9gimen de cumplimiento de las obligaciones de alimentos, promover el principio de corresponsabilidad parental (reparto equitativo de los derechos y deberes entre los padres, respecto de sus hijos, en atenci\u00f3n a su inter\u00e9s superior, tanto en el plano personal como en el patrimonial), y mejorar el sistema de pago de las pensiones de alimentos.<\/p>\n<p style=\"text-align: justify;\">En este sentido, al 31 de diciembre de 2024, esta unidad realiz\u00f3 un total de 30.001 liquidaciones, conforme a la siguiente distribuci\u00f3n: Juzgado de Familia de Coyhaique: 17.201 liquidaciones; Juzgado de Letras, Garant\u00eda y Familia de Puerto Ays\u00e9n: 8.189 liquidaciones, Juzgado de Letras, Garant\u00eda y Familia de Puerto Cisnes: 1.444 liquidaciones; Juzgado de Letras, Garant\u00eda y Familia de Chile Chico: 2.137 liquidaciones, y Juzgado de Letras, Garant\u00eda y Familia de Cochrane: 1.080 liquidaciones.<\/p>\n<p style=\"text-align: justify;\">Cabe mencionar que al 31 de diciembre de 2024 las liquidaciones efectuadas registraron un incremento del 210%, en comparaci\u00f3n al a\u00f1o 2023.<\/p>\n<p style=\"text-align: justify;\">Esta unidad se preocupa de enviar a los juzgados un listado con las liquidaciones realizadas, detall\u00e1ndose en estos si el alimentante, conforme a la Ley N\u00b0 21.389, cumple con los requisitos para su ingreso al Registro de Deudores. Respecto a esta labor, al 31 de diciembre de 2024 los tribunales de la jurisdicci\u00f3n de Coyhaique han ingresado un total de 1.025 alimentantes, al sistema de registro de deudores, correspondiente a un monto total deuda de $ 972.843.585.-equivalente a 12.163.225,14 UTM.<\/p>\n<p style=\"text-align: justify;\"><strong>Medidas de Protecci\u00f3n<\/strong><\/p>\n<p style=\"text-align: justify;\">El Centro de Seguimiento de Medidas de Protecci\u00f3n (CSMP) de Coyhaique es el encargado de velar por el seguimiento oportuno y eficaz del cumplimiento de las medidas de protecci\u00f3n, decretadas por el Juzgado Especializado y por los Juzgados de Letras con competencia en materia de Familia de la jurisdicci\u00f3n.\u00a0En este sentido, durante el a\u00f1o judicial 2024,\u00a0la estad\u00edstica contenida en el Informe Trimestral de Gesti\u00f3n de la Jurisdicci\u00f3n indica un total de 1.346 medidas de protecci\u00f3n decretadas por los juzgados de familia. \u00c9stas a su vez se desglosan en 190 medidas de protecci\u00f3n (causas P) y 1.156 causas de cumplimiento de medidas de protecci\u00f3n (causas X). De dicho total, un 95,25% corresponde a derivaciones a intervenci\u00f3n ambulatoria, mientras que un 4,75% corresponde a registros en la modalidad de intervenci\u00f3n \u201ccuidado alternativo\u201d tales como familias de acogida y residencia.<\/p>\n<p style=\"text-align: justify;\"><strong>Consejo de Coordinaci\u00f3n zonal de Coyhaique<\/strong><\/p>\n<p style=\"text-align: justify;\">Respecto al trabajo administrativo que desarroll\u00f3 el Consejo de Coordinaci\u00f3n Zonal integrado por representantes del pleno de ministros de la Corte de Apelaciones, jueces y funcionarios, y que tiene por objetivo promover la implementaci\u00f3n de medidas orientados a la optimizaci\u00f3n de los recursos presupuestarios disponibles\u00a0en materias como recursos humanos, financieros y log\u00edsticos.<\/p>\n<p style=\"text-align: justify;\">En este sentido, la Corporaci\u00f3n administrativa del Poder Judicial ejecut\u00f3 un 100% de los recursos asignados, destacando obras de conservaci\u00f3n de edificios como la Corte de Apelaciones, el Juzgado de Chile Chico y Cochrane, reparaci\u00f3n de infraestructura fiscal existente en la jurisdicci\u00f3n, reposici\u00f3n de equipos, y recursos para contratas transitorias, todo con el objetivo de brindar las condiciones necesarias para generar una justicia mucho m\u00e1s eficaz y cercana.<\/p>\n<\/div><\/section><\/div><div  style='height:50px' class='hr hr-invisible   avia-builder-el-6  el_after_av_one_full  el_before_av_social_share '><span class='hr-inner ' ><span class='hr-inner-style'><\/span><\/span><\/div><\/p>\n<div  class='av-social-sharing-box  avia-builder-el-7  el_after_av_hr  el_before_av_hr  '><div class='av-share-box'><h5 class='av-share-link-description av-no-toc '>Compartir esta noticia<\/h5><ul class='av-share-box-list noLightbox'><li class='av-share-link av-social-link-facebook' ><a target=\"_blank\" aria-label=\"Compartir en Facebook\" href='https:\/\/www.facebook.com\/sharer.php?u=https:\/\/radiorevelacionfm.cl\/?p=51048&#038;t=A%C3%B1o%20Judicial%202025%3A%20Ministro%20Pedro%20Castro%20asume%20presidencia%20de%20la%20Corte%20de%20Apelaciones%20de%20Coyhaique' aria-hidden='false' data-av_icon='\ue8f3' data-av_iconfont='entypo-fontello' title='' data-avia-related-tooltip='Compartir en Facebook' rel=\"noopener\"><span class='avia_hidden_link_text'>Compartir en Facebook<\/span><\/a><\/li><li class='av-share-link av-social-link-twitter' ><a target=\"_blank\" aria-label=\"Compartir en Twitter\" href='https:\/\/twitter.com\/share?text=A%C3%B1o%20Judicial%202025%3A%20Ministro%20Pedro%20Castro%20asume%20presidencia%20de%20la%20Corte%20de%20Apelaciones%20de%20Coyhaique&#038;url=https:\/\/radiorevelacionfm.cl\/?p=51048' aria-hidden='false' data-av_icon='\ue8f1' data-av_iconfont='entypo-fontello' title='' data-avia-related-tooltip='Compartir en Twitter' rel=\"noopener\"><span class='avia_hidden_link_text'>Compartir en Twitter<\/span><\/a><\/li><li class='av-share-link av-social-link-whatsapp' ><a target=\"_blank\" aria-label=\"Compartir en Whatsapp\" href='https:\/\/api.whatsapp.com\/send?text=https:\/\/radiorevelacionfm.cl\/?p=51048' aria-hidden='false' data-av_icon='\uf232' data-av_iconfont='entypo-fontello' title='' data-avia-related-tooltip='Compartir en Whatsapp' rel=\"noopener\"><span class='avia_hidden_link_text'>Compartir en Whatsapp<\/span><\/a><\/li><li class='av-share-link av-social-link-linkedin' ><a target=\"_blank\" aria-label=\"Compartir en LinkedIn\" href='https:\/\/linkedin.com\/shareArticle?mini=true&#038;title=A%C3%B1o%20Judicial%202025%3A%20Ministro%20Pedro%20Castro%20asume%20presidencia%20de%20la%20Corte%20de%20Apelaciones%20de%20Coyhaique&#038;url=https:\/\/radiorevelacionfm.cl\/?p=51048' aria-hidden='false' data-av_icon='\ue8fc' data-av_iconfont='entypo-fontello' title='' data-avia-related-tooltip='Compartir en LinkedIn' rel=\"noopener\"><span class='avia_hidden_link_text'>Compartir en LinkedIn<\/span><\/a><\/li><li class='av-share-link av-social-link-mail' ><a  aria-label=\"Compartir por correo\" href='mailto:?subject=A%C3%B1o%20Judicial%202025%3A%20Ministro%20Pedro%20Castro%20asume%20presidencia%20de%20la%20Corte%20de%20Apelaciones%20de%20Coyhaique&#038;body=https:\/\/radiorevelacionfm.cl\/?p=51048' aria-hidden='false' data-av_icon='\ue805' data-av_iconfont='entypo-fontello' title='' data-avia-related-tooltip='Compartir por correo'><span class='avia_hidden_link_text'>Compartir por correo<\/span><\/a><\/li><\/ul><\/div><\/div>\n<div  style='height:50px' class='hr hr-invisible   avia-builder-el-8  el_after_av_social_share  el_before_av_comments_list '><span class='hr-inner ' ><span class='hr-inner-style'><\/span><\/span><\/div>\n<div  class='av-buildercomment  av-blog-meta-html-info-disabled av-blog-meta-tag-disabled  '><\/div>\n","protected":false},"excerpt":{"rendered":"","protected":false},"author":1,"featured_media":51049,"comment_status":"open","ping_status":"open","sticky":false,"template":"","format":"standard","meta":{"footnotes":""},"categories":[55],"tags":[],"class_list":["post-51048","post","type-post","status-publish","format-standard","has-post-thumbnail","hentry","category-justicia"],"jetpack_featured_media_url":"https:\/\/radiorevelacionfm.cl\/wp-content\/uploads\/2025\/03\/ministro-pedro-castro-1-1_optimized-1.jpg","_links":{"self":[{"href":"https:\/\/radiorevelacionfm.cl\/index.php?rest_route=\/wp\/v2\/posts\/51048","targetHints":{"allow":["GET"]}}],"collection":[{"href":"https:\/\/radiorevelacionfm.cl\/index.php?rest_route=\/wp\/v2\/posts"}],"about":[{"href":"https:\/\/radiorevelacionfm.cl\/index.php?rest_route=\/wp\/v2\/types\/post"}],"author":[{"embeddable":true,"href":"https:\/\/radiorevelacionfm.cl\/index.php?rest_route=\/wp\/v2\/users\/1"}],"replies":[{"embeddable":true,"href":"https:\/\/radiorevelacionfm.cl\/index.php?rest_route=%2Fwp%2Fv2%2Fcomments&post=51048"}],"version-history":[{"count":1,"href":"https:\/\/radiorevelacionfm.cl\/index.php?rest_route=\/wp\/v2\/posts\/51048\/revisions"}],"predecessor-version":[{"id":51050,"href":"https:\/\/radiorevelacionfm.cl\/index.php?rest_route=\/wp\/v2\/posts\/51048\/revisions\/51050"}],"wp:featuredmedia":[{"embeddable":true,"href":"https:\/\/radiorevelacionfm.cl\/index.php?rest_route=\/wp\/v2\/media\/51049"}],"wp:attachment":[{"href":"https:\/\/radiorevelacionfm.cl\/index.php?rest_route=%2Fwp%2Fv2%2Fmedia&parent=51048"}],"wp:term":[{"taxonomy":"category","embeddable":true,"href":"https:\/\/radiorevelacionfm.cl\/index.php?rest_route=%2Fwp%2Fv2%2Fcategories&post=51048"},{"taxonomy":"post_tag","embeddable":true,"href":"https:\/\/radiorevelacionfm.cl\/index.php?rest_route=%2Fwp%2Fv2%2Ftags&post=51048"}],"curies":[{"name":"wp","href":"https:\/\/api.w.org\/{rel}","templated":true}]}}