{"id":51045,"date":"2025-03-03T18:06:18","date_gmt":"2025-03-03T21:06:18","guid":{"rendered":"https:\/\/radiorevelacionfm.cl\/?p=51045"},"modified":"2025-03-03T18:06:18","modified_gmt":"2025-03-03T21:06:18","slug":"diputado-calisto-hace-un-llamado-al-ministerio-de-vivienda-para-que-agilice-compra-de-terreno-para-154-familias-de-puerto-aysen","status":"publish","type":"post","link":"https:\/\/radiorevelacionfm.cl\/?p=51045","title":{"rendered":"Diputado Calisto hace un llamado al Ministerio de Vivienda para que agilice compra de terreno para 154 familias de Puerto Ays\u00e9n"},"content":{"rendered":"<div class=\"flex_column av_one_full  flex_column_div av-zero-column-padding first  avia-builder-el-0  el_before_av_one_full  avia-builder-el-first  \" style='border-radius:0px; '><div  class='avia-image-container  av-styling-    avia-builder-el-1  avia-builder-el-no-sibling  avia-align-center '  itemprop=\"image\" itemscope=\"itemscope\" itemtype=\"https:\/\/schema.org\/ImageObject\"  ><div class='avia-image-container-inner'><div class='avia-image-overlay-wrap'><img decoding=\"async\" class='wp-image-51046 avia-img-lazy-loading-not-51046 avia_image' src=\"https:\/\/radiorevelacionfm.cl\/wp-content\/uploads\/2025\/03\/DIPUTADO-CALISTO-CONGRESO-1-1.jpeg\" alt='' title='DIPUTADO CALISTO CONGRESO (1) (1)' height=\"600\" width=\"939\"  itemprop=\"thumbnailUrl\" srcset=\"https:\/\/radiorevelacionfm.cl\/wp-content\/uploads\/2025\/03\/DIPUTADO-CALISTO-CONGRESO-1-1.jpeg 939w, https:\/\/radiorevelacionfm.cl\/wp-content\/uploads\/2025\/03\/DIPUTADO-CALISTO-CONGRESO-1-1-300x192.jpeg 300w, https:\/\/radiorevelacionfm.cl\/wp-content\/uploads\/2025\/03\/DIPUTADO-CALISTO-CONGRESO-1-1-768x491.jpeg 768w, https:\/\/radiorevelacionfm.cl\/wp-content\/uploads\/2025\/03\/DIPUTADO-CALISTO-CONGRESO-1-1-705x450.jpeg 705w, https:\/\/radiorevelacionfm.cl\/wp-content\/uploads\/2025\/03\/DIPUTADO-CALISTO-CONGRESO-1-1-450x288.jpeg 450w, https:\/\/radiorevelacionfm.cl\/wp-content\/uploads\/2025\/03\/DIPUTADO-CALISTO-CONGRESO-1-1-600x383.jpeg 600w\" sizes=\"(max-width: 939px) 100vw, 939px\" \/><\/div><\/div><\/div><\/div><div class=\"flex_column av_one_full  flex_column_div av-zero-column-padding first  avia-builder-el-2  el_after_av_one_full  el_before_av_one_full  column-top-margin\" style='border-radius:0px; '><section class=\"av_textblock_section \"  itemscope=\"itemscope\" itemtype=\"https:\/\/schema.org\/BlogPosting\" itemprop=\"blogPost\" ><div class='avia_textblock  '   itemprop=\"text\" ><p style=\"text-align: center;\"><span style=\"font-size: 18pt;\"><b>Diputado Calisto hace un llamado al Ministerio de Vivienda para que agilice compra de terreno para 154 familias de Puerto Ays\u00e9n<\/b><\/span><\/p>\n<div id=\"gtx-trans\" style=\"position: absolute; left: -50px; top: 4.31534px;\">\n<div class=\"gtx-trans-icon\"><\/div>\n<\/div>\n<\/div><\/section><\/div><div class=\"flex_column av_one_full  flex_column_div av-zero-column-padding first  avia-builder-el-4  el_after_av_one_full  el_before_av_hr  column-top-margin\" style='border-radius:0px; '><section class=\"av_textblock_section \"  itemscope=\"itemscope\" itemtype=\"https:\/\/schema.org\/BlogPosting\" itemprop=\"blogPost\" ><div class='avia_textblock  '   itemprop=\"text\" ><p style=\"font-weight: 400; text-align: justify;\">Ante la preocupaci\u00f3n de las 154 familias que conforman los tres comit\u00e9s habitacionales del proyecto Hogar y Familia en Puerto Ays\u00e9n, el diputado Miguel \u00c1ngel Calisto hizo un llamado al Ministerio de Vivienda para que cumpla con la compra de un terreno que permita concretar este proyecto habitacional.<\/p>\n<p style=\"font-weight: 400; text-align: justify;\">Los socios de estos comit\u00e9s han tenido dos jornadas de manifestaciones ya que, a pesar de contar con subsidios y tener un compromiso de compraventa de un terreno, a\u00fan no se concreta esta transacci\u00f3n, generando incertidumbre entre los vecinos.<\/p>\n<p style=\"font-weight: 400; text-align: justify;\">Seg\u00fan el diputado Calisto, \u201cla situaci\u00f3n que est\u00e1n viviendo las 154 familias del proyecto habitacional Hogar y Familia es compleja, porque ellos han estado confiando en la palabra del Ministerio de Vivienda. Yo he sido testigo, porque hemos trabajado durante bastantes a\u00f1os para, primero conseguir los subsidios y despu\u00e9s el compromiso de compra-venta\u201d.<\/p>\n<p style=\"font-weight: 400; text-align: justify;\">\u201cPero hasta el momento no se ha concretado la compra del terreno. Y por eso es que para nosotros es importante que el Ministerio d\u00e9 una soluci\u00f3n concreta. Yo esta ma\u00f1ana tuve una reuni\u00f3n a primera hora con el se\u00f1or director del Serviu. Le ped\u00ed que pueda reunirse con las dirigentes de los tres comit\u00e9s con quienes he estado en contacto tambi\u00e9n en estas horas. Y finalmente se pudieron reunir\u201d, se\u00f1al\u00f3.<\/p>\n<p style=\"font-weight: 400; text-align: justify;\">Calisto agreg\u00f3 que \u201cyo espero finalmente que tengamos buenos resultados de esta gesti\u00f3n, de tal manera que primero se firme una carta GANT con fechas claras, entendiendo que tambi\u00e9n hay tiempos que dependen del Serviu, pero hay otros tiempos que dependen tambi\u00e9n de la Contralor\u00eda, por lo tanto tenemos que ser cuidadosos en ese sentido\u201d.<\/p>\n<p style=\"font-weight: 400; text-align: justify;\">Finalmente, Calisto se\u00f1al\u00f3 que \u201clo que han dicho desde el Serviu es que el plazo que ellos tienen para la compra definitiva de este terreno es el mes de junio. Nosotros creemos que es posible hacer gestiones para agilizar estos procesos y sobre todo permitir que las familias puedan lo antes posible iniciar las obras, porque ya tienen todo. Tienen proyectos, tienen entidad patrocinante, tienen financiamiento. Lo \u00fanico que falta es que se concrete la compra del terreno y as\u00ed poder responder a estas 154 familias del proyecto habitacional Hogar y Familias\u201d.<\/p>\n<\/div><\/section><\/div><div  style='height:50px' class='hr hr-invisible   avia-builder-el-6  el_after_av_one_full  el_before_av_social_share '><span class='hr-inner ' ><span class='hr-inner-style'><\/span><\/span><\/div><\/p>\n<div  class='av-social-sharing-box  avia-builder-el-7  el_after_av_hr  el_before_av_hr  '><div class='av-share-box'><h5 class='av-share-link-description av-no-toc '>Compartir esta noticia<\/h5><ul class='av-share-box-list noLightbox'><li class='av-share-link av-social-link-facebook' ><a target=\"_blank\" aria-label=\"Compartir en Facebook\" href='https:\/\/www.facebook.com\/sharer.php?u=https:\/\/radiorevelacionfm.cl\/?p=51045&#038;t=Diputado%20Calisto%20hace%20un%20llamado%20al%20Ministerio%20de%20Vivienda%20para%20que%20agilice%20compra%20de%20terreno%20para%20154%20familias%20de%20Puerto%20Ays%C3%A9n' aria-hidden='false' data-av_icon='\ue8f3' data-av_iconfont='entypo-fontello' title='' data-avia-related-tooltip='Compartir en Facebook' rel=\"noopener\"><span class='avia_hidden_link_text'>Compartir en Facebook<\/span><\/a><\/li><li class='av-share-link av-social-link-twitter' ><a target=\"_blank\" aria-label=\"Compartir en Twitter\" href='https:\/\/twitter.com\/share?text=Diputado%20Calisto%20hace%20un%20llamado%20al%20Ministerio%20de%20Vivienda%20para%20que%20agilice%20compra%20de%20terreno%20para%20154%20familias%20de%20Puerto%20Ays%C3%A9n&#038;url=https:\/\/radiorevelacionfm.cl\/?p=51045' aria-hidden='false' data-av_icon='\ue8f1' data-av_iconfont='entypo-fontello' title='' data-avia-related-tooltip='Compartir en Twitter' rel=\"noopener\"><span class='avia_hidden_link_text'>Compartir en Twitter<\/span><\/a><\/li><li class='av-share-link av-social-link-whatsapp' ><a target=\"_blank\" aria-label=\"Compartir en Whatsapp\" href='https:\/\/api.whatsapp.com\/send?text=https:\/\/radiorevelacionfm.cl\/?p=51045' aria-hidden='false' data-av_icon='\uf232' data-av_iconfont='entypo-fontello' title='' data-avia-related-tooltip='Compartir en Whatsapp' rel=\"noopener\"><span class='avia_hidden_link_text'>Compartir en Whatsapp<\/span><\/a><\/li><li class='av-share-link av-social-link-linkedin' ><a target=\"_blank\" aria-label=\"Compartir en LinkedIn\" href='https:\/\/linkedin.com\/shareArticle?mini=true&#038;title=Diputado%20Calisto%20hace%20un%20llamado%20al%20Ministerio%20de%20Vivienda%20para%20que%20agilice%20compra%20de%20terreno%20para%20154%20familias%20de%20Puerto%20Ays%C3%A9n&#038;url=https:\/\/radiorevelacionfm.cl\/?p=51045' aria-hidden='false' data-av_icon='\ue8fc' data-av_iconfont='entypo-fontello' title='' data-avia-related-tooltip='Compartir en LinkedIn' rel=\"noopener\"><span class='avia_hidden_link_text'>Compartir en LinkedIn<\/span><\/a><\/li><li class='av-share-link av-social-link-mail' ><a  aria-label=\"Compartir por correo\" href='mailto:?subject=Diputado%20Calisto%20hace%20un%20llamado%20al%20Ministerio%20de%20Vivienda%20para%20que%20agilice%20compra%20de%20terreno%20para%20154%20familias%20de%20Puerto%20Ays%C3%A9n&#038;body=https:\/\/radiorevelacionfm.cl\/?p=51045' aria-hidden='false' data-av_icon='\ue805' data-av_iconfont='entypo-fontello' title='' data-avia-related-tooltip='Compartir por correo'><span class='avia_hidden_link_text'>Compartir por correo<\/span><\/a><\/li><\/ul><\/div><\/div>\n<div  style='height:50px' class='hr hr-invisible   avia-builder-el-8  el_after_av_social_share  el_before_av_comments_list '><span class='hr-inner ' ><span class='hr-inner-style'><\/span><\/span><\/div>\n<div  class='av-buildercomment  av-blog-meta-html-info-disabled av-blog-meta-tag-disabled  '><\/div>\n","protected":false},"excerpt":{"rendered":"","protected":false},"author":1,"featured_media":51046,"comment_status":"open","ping_status":"open","sticky":false,"template":"","format":"standard","meta":{"footnotes":""},"categories":[35],"tags":[],"class_list":["post-51045","post","type-post","status-publish","format-standard","has-post-thumbnail","hentry","category-politica"],"jetpack_featured_media_url":"https:\/\/radiorevelacionfm.cl\/wp-content\/uploads\/2025\/03\/DIPUTADO-CALISTO-CONGRESO-1-1.jpeg","_links":{"self":[{"href":"https:\/\/radiorevelacionfm.cl\/index.php?rest_route=\/wp\/v2\/posts\/51045","targetHints":{"allow":["GET"]}}],"collection":[{"href":"https:\/\/radiorevelacionfm.cl\/index.php?rest_route=\/wp\/v2\/posts"}],"about":[{"href":"https:\/\/radiorevelacionfm.cl\/index.php?rest_route=\/wp\/v2\/types\/post"}],"author":[{"embeddable":true,"href":"https:\/\/radiorevelacionfm.cl\/index.php?rest_route=\/wp\/v2\/users\/1"}],"replies":[{"embeddable":true,"href":"https:\/\/radiorevelacionfm.cl\/index.php?rest_route=%2Fwp%2Fv2%2Fcomments&post=51045"}],"version-history":[{"count":1,"href":"https:\/\/radiorevelacionfm.cl\/index.php?rest_route=\/wp\/v2\/posts\/51045\/revisions"}],"predecessor-version":[{"id":51047,"href":"https:\/\/radiorevelacionfm.cl\/index.php?rest_route=\/wp\/v2\/posts\/51045\/revisions\/51047"}],"wp:featuredmedia":[{"embeddable":true,"href":"https:\/\/radiorevelacionfm.cl\/index.php?rest_route=\/wp\/v2\/media\/51046"}],"wp:attachment":[{"href":"https:\/\/radiorevelacionfm.cl\/index.php?rest_route=%2Fwp%2Fv2%2Fmedia&parent=51045"}],"wp:term":[{"taxonomy":"category","embeddable":true,"href":"https:\/\/radiorevelacionfm.cl\/index.php?rest_route=%2Fwp%2Fv2%2Fcategories&post=51045"},{"taxonomy":"post_tag","embeddable":true,"href":"https:\/\/radiorevelacionfm.cl\/index.php?rest_route=%2Fwp%2Fv2%2Ftags&post=51045"}],"curies":[{"name":"wp","href":"https:\/\/api.w.org\/{rel}","templated":true}]}}