{"id":51034,"date":"2025-03-03T19:09:11","date_gmt":"2025-03-03T22:09:11","guid":{"rendered":"https:\/\/radiorevelacionfm.cl\/?p=51034"},"modified":"2025-03-03T19:09:11","modified_gmt":"2025-03-03T22:09:11","slug":"comienza-el-mes-del-clima-2025","status":"publish","type":"post","link":"https:\/\/radiorevelacionfm.cl\/?p=51034","title":{"rendered":"\u00a1Comienza el Mes del Clima 2025!"},"content":{"rendered":"<div class=\"flex_column av_one_full  flex_column_div av-zero-column-padding first  avia-builder-el-0  el_before_av_one_full  avia-builder-el-first  \" style='border-radius:0px; '><div  class='avia-image-container  av-styling-    avia-builder-el-1  avia-builder-el-no-sibling  avia-align-center '  itemprop=\"image\" itemscope=\"itemscope\" itemtype=\"https:\/\/schema.org\/ImageObject\"  ><div class='avia-image-container-inner'><div class='avia-image-overlay-wrap'><img decoding=\"async\" class='wp-image-51035 avia-img-lazy-loading-not-51035 avia_image' src=\"https:\/\/radiorevelacionfm.cl\/wp-content\/uploads\/2025\/03\/1-10-2-1-1_optimized-1.jpg\" alt='' title='1-(10)-(2)-(1)-(1)_optimized (1)' height=\"600\" width=\"1067\"  itemprop=\"thumbnailUrl\" srcset=\"https:\/\/radiorevelacionfm.cl\/wp-content\/uploads\/2025\/03\/1-10-2-1-1_optimized-1.jpg 1067w, https:\/\/radiorevelacionfm.cl\/wp-content\/uploads\/2025\/03\/1-10-2-1-1_optimized-1-300x169.jpg 300w, https:\/\/radiorevelacionfm.cl\/wp-content\/uploads\/2025\/03\/1-10-2-1-1_optimized-1-1030x579.jpg 1030w, https:\/\/radiorevelacionfm.cl\/wp-content\/uploads\/2025\/03\/1-10-2-1-1_optimized-1-768x432.jpg 768w, https:\/\/radiorevelacionfm.cl\/wp-content\/uploads\/2025\/03\/1-10-2-1-1_optimized-1-705x396.jpg 705w, https:\/\/radiorevelacionfm.cl\/wp-content\/uploads\/2025\/03\/1-10-2-1-1_optimized-1-450x253.jpg 450w, https:\/\/radiorevelacionfm.cl\/wp-content\/uploads\/2025\/03\/1-10-2-1-1_optimized-1-600x337.jpg 600w\" sizes=\"(max-width: 1067px) 100vw, 1067px\" \/><\/div><\/div><\/div><\/div><div class=\"flex_column av_one_full  flex_column_div av-zero-column-padding first  avia-builder-el-2  el_after_av_one_full  el_before_av_one_full  column-top-margin\" style='border-radius:0px; '><section class=\"av_textblock_section \"  itemscope=\"itemscope\" itemtype=\"https:\/\/schema.org\/BlogPosting\" itemprop=\"blogPost\" ><div class='avia_textblock  '   itemprop=\"text\" ><p style=\"text-align: center;\"><span style=\"font-size: 18pt;\"><strong>\u00a1Comienza el Mes del Clima 2025!<\/strong><\/span><\/p>\n<div id=\"gtx-trans\" style=\"position: absolute; left: -50px; top: 4.31534px;\">\n<div class=\"gtx-trans-icon\"><\/div>\n<\/div>\n<\/div><\/section><\/div><div class=\"flex_column av_one_full  flex_column_div av-zero-column-padding first  avia-builder-el-4  el_after_av_one_full  el_before_av_hr  column-top-margin\" style='border-radius:0px; '><section class=\"av_textblock_section \"  itemscope=\"itemscope\" itemtype=\"https:\/\/schema.org\/BlogPosting\" itemprop=\"blogPost\" ><div class='avia_textblock  '   itemprop=\"text\" ><p style=\"text-align: justify;\">Desde la costanera del r\u00edo Ays\u00e9n y mediante una limpieza ciudadana, el Seremi del Medio Ambiente, Yoal D\u00edaz, anunci\u00f3 el inicio del mes del clima, destacando la serie de actividades colaborativas que buscar\u00e1n convocar a la comunidad en torno a la acci\u00f3n clim\u00e1tica<\/p>\n<p style=\"text-align: justify;\">\u201cEl Mes del Clima 2025 es una forma de hacer conciencia e invitar a la ciudadan\u00eda a que se haga parte de la acci\u00f3n clim\u00e1tica, de la acci\u00f3n ambiental y por supuesto, de la conciencia social, por eso vamos a realizar diversas actividades pensando en adultos, en ni\u00f1os, talleres, seminarios, visitas, festivales, limpiezas y otras tantas para acercarnos a la ciudadan\u00eda como hoy en Puerto Ays\u00e9n, en Ribera Sur, junto a Empresas Bahamonde, en el marco del Festival de Escalada Ays\u00e9n\u201d, destac\u00f3 la autoridad ambiental durante su participaci\u00f3n en el voluntariado de limpieza de la Ribera.<\/p>\n<p style=\"text-align: justify;\">La actividad organizada en el marco del 3er festival de escala de Ays\u00e9n cont\u00f3 con voluntarios de la Municipalidad de Ays\u00e9n, Litchen Club de Ays\u00e9n, Seremi del Medio Ambiente y Empresas Bahamonde que dispuso un Punto verde m\u00f3vil, para que los residuos recolectados fueran segregados y reciclados, considerando botellas PET, latas de aluminio y envases de vidrio.<\/p>\n<p style=\"text-align: justify;\">\u201cNos invitaron a participar de esta limpieza y aportar con los carritos y los contenedores para poder reciclar lo que se pueda y el resto de material ser\u00eda dispuesto en el relleno sanitario. Nuestro llamado es principalmente comenzar por uno, ya que uno debe generar estos cambios e idealmente empezar a reciclar en sus hogares y de nuestra parte la idea es facilitar los puntos verdes para que ellos puedan tener m\u00e1s acceso a estos lugares y poder llevar su reciclaje y as\u00ed reducir sus residuos y generar conciencia en realidad hacia d\u00f3nde va nuestra basura o lo que generamos en el d\u00eda a d\u00eda\u201d, declar\u00f3 la encargada de vinculaci\u00f3n con el medio de Empresas Bahamonde, Daniela Garriga. Por su parte la secretaria del Club Litchen, B\u00e1rbara Weisser, destac\u00f3 \u201chace dos a\u00f1os estamos realizando este festival y este a\u00f1o comenzamos con limpieza. Dado que el club no solamente es deportivo sino tambi\u00e9n cultural y dentro de la cultura, queremos fomentar el cuidado al medio ambiente\u201d.<\/p>\n<p style=\"text-align: justify;\"><strong>Mes del Clima<\/strong><\/p>\n<p style=\"text-align: justify;\">Para avanzar en algunas metas de acci\u00f3n, sensibilizaci\u00f3n y educaci\u00f3n clim\u00e1tica la SEREMI del Medio Ambiente est\u00e1 organizando por 3er a\u00f1o el Mes del Clima a nivel regional, durante todo marzo, aprovechando la concentraci\u00f3n de d\u00edas mundiales e internacionales de bosques, naturaleza, agua, y clima, en la b\u00fasqueda de visibilizar la crisis clim\u00e1tica, sensibilizar y promover la acci\u00f3n clim\u00e1tica. Es as\u00ed que se han considerado una serie de hitos y actividades de sensibilizaci\u00f3n ciudadana, considerando en primera instancia \u00a0para el viernes 7 el lanzamiento de la red Micelio, red de mujeres y disidencias por la acci\u00f3n ambiental; el jueves 20 de marzo el Centro Cultural de Coyhaique albergar\u00e1 el primer taller regional para apoyar la implementaci\u00f3n de la Ley Marco de Cambio Clim\u00e1tico, abierto a todo p\u00fablico; para el d\u00eda de los bosques, que se celebra el viernes 21, se realizar\u00e1 una jornada con establecimientos educacionales de Puerto Ays\u00e9n en la Reserva Nacional R\u00edo Simpson; el s\u00e1bado 22 se espera la realizaci\u00f3n del primer LimpiaFest, actividad ciudadana que reunir\u00e1 a diversos colaboradores del mundo p\u00fablico y privado en torno a la recolecci\u00f3n de residuos, conmemorando adem\u00e1s la Hora del Planeta; el mi\u00e9rcoles 26 ser\u00e1 el turno de reconocer el compromiso de los establecimientos educacionales de la regi\u00f3n de Ays\u00e9n que han avanzado en su certificaci\u00f3n ambiental con la hist\u00f3rica ceremonia de entrega de banderas; el s\u00e1bado 29 de marzo se llevar\u00e1 a cabo la feria NOLS; el domingo 30 se ha convenido con CONAF la apertura gratuita de\u00a0 cinco \u00e1reas protegidas de la regi\u00f3n; y para finalizar, el d\u00eda lunes 31 se realizar\u00e1 el lanzamiento de la Escuela Nodo.<\/p>\n<p style=\"text-align: justify;\">La autoridad ambiental invit\u00f3 a la comunidad a mantenerse atentos a las redes sociales de la Seremi del Medio Ambiente, donde se estar\u00e1n compartiendo los detalles de cada actividad, as\u00ed como sus formularios de inscripci\u00f3n y otras actividades que est\u00e1n en confirmaci\u00f3n y se sumar\u00e1n al calendario \u201cla invitaci\u00f3n a que se sumen todos y todas, estamos avanzando a gran velocidad, con una direcci\u00f3n clara, queremos relevar la aprobaci\u00f3n de nuestro Plan de Acci\u00f3n Regional de Cambio Clim\u00e1tico, un instrumento ambiental regional que va a marcar la diferencia y por supuesto, nos va a permitir avanzar en medidas concretas para abordar la triple crisis clim\u00e1tica\u201d, concluy\u00f3 Yoal D\u00edaz.<\/p>\n<\/div><\/section><\/div><div  style='height:50px' class='hr hr-invisible   avia-builder-el-6  el_after_av_one_full  el_before_av_social_share '><span class='hr-inner ' ><span class='hr-inner-style'><\/span><\/span><\/div><\/p>\n<div  class='av-social-sharing-box  avia-builder-el-7  el_after_av_hr  el_before_av_hr  '><div class='av-share-box'><h5 class='av-share-link-description av-no-toc '>Compartir esta noticia<\/h5><ul class='av-share-box-list noLightbox'><li class='av-share-link av-social-link-facebook' ><a target=\"_blank\" aria-label=\"Compartir en Facebook\" href='https:\/\/www.facebook.com\/sharer.php?u=https:\/\/radiorevelacionfm.cl\/?p=51034&#038;t=%C2%A1Comienza%20el%20Mes%20del%20Clima%202025%21' aria-hidden='false' data-av_icon='\ue8f3' data-av_iconfont='entypo-fontello' title='' data-avia-related-tooltip='Compartir en Facebook' rel=\"noopener\"><span class='avia_hidden_link_text'>Compartir en Facebook<\/span><\/a><\/li><li class='av-share-link av-social-link-twitter' ><a target=\"_blank\" aria-label=\"Compartir en Twitter\" href='https:\/\/twitter.com\/share?text=%C2%A1Comienza%20el%20Mes%20del%20Clima%202025%21&#038;url=https:\/\/radiorevelacionfm.cl\/?p=51034' aria-hidden='false' data-av_icon='\ue8f1' data-av_iconfont='entypo-fontello' title='' data-avia-related-tooltip='Compartir en Twitter' rel=\"noopener\"><span class='avia_hidden_link_text'>Compartir en Twitter<\/span><\/a><\/li><li class='av-share-link av-social-link-whatsapp' ><a target=\"_blank\" aria-label=\"Compartir en Whatsapp\" href='https:\/\/api.whatsapp.com\/send?text=https:\/\/radiorevelacionfm.cl\/?p=51034' aria-hidden='false' data-av_icon='\uf232' data-av_iconfont='entypo-fontello' title='' data-avia-related-tooltip='Compartir en Whatsapp' rel=\"noopener\"><span class='avia_hidden_link_text'>Compartir en Whatsapp<\/span><\/a><\/li><li class='av-share-link av-social-link-linkedin' ><a target=\"_blank\" aria-label=\"Compartir en LinkedIn\" href='https:\/\/linkedin.com\/shareArticle?mini=true&#038;title=%C2%A1Comienza%20el%20Mes%20del%20Clima%202025%21&#038;url=https:\/\/radiorevelacionfm.cl\/?p=51034' aria-hidden='false' data-av_icon='\ue8fc' data-av_iconfont='entypo-fontello' title='' data-avia-related-tooltip='Compartir en LinkedIn' rel=\"noopener\"><span class='avia_hidden_link_text'>Compartir en LinkedIn<\/span><\/a><\/li><li class='av-share-link av-social-link-mail' ><a  aria-label=\"Compartir por correo\" href='mailto:?subject=%C2%A1Comienza%20el%20Mes%20del%20Clima%202025%21&#038;body=https:\/\/radiorevelacionfm.cl\/?p=51034' aria-hidden='false' data-av_icon='\ue805' data-av_iconfont='entypo-fontello' title='' data-avia-related-tooltip='Compartir por correo'><span class='avia_hidden_link_text'>Compartir por correo<\/span><\/a><\/li><\/ul><\/div><\/div>\n<div  style='height:50px' class='hr hr-invisible   avia-builder-el-8  el_after_av_social_share  el_before_av_comments_list '><span class='hr-inner ' ><span class='hr-inner-style'><\/span><\/span><\/div>\n<div  class='av-buildercomment  av-blog-meta-html-info-disabled av-blog-meta-tag-disabled  '><\/div>\n","protected":false},"excerpt":{"rendered":"","protected":false},"author":1,"featured_media":51035,"comment_status":"open","ping_status":"open","sticky":false,"template":"","format":"standard","meta":{"footnotes":""},"categories":[39],"tags":[],"class_list":["post-51034","post","type-post","status-publish","format-standard","has-post-thumbnail","hentry","category-medio-ambiente"],"jetpack_featured_media_url":"https:\/\/radiorevelacionfm.cl\/wp-content\/uploads\/2025\/03\/1-10-2-1-1_optimized-1.jpg","_links":{"self":[{"href":"https:\/\/radiorevelacionfm.cl\/index.php?rest_route=\/wp\/v2\/posts\/51034","targetHints":{"allow":["GET"]}}],"collection":[{"href":"https:\/\/radiorevelacionfm.cl\/index.php?rest_route=\/wp\/v2\/posts"}],"about":[{"href":"https:\/\/radiorevelacionfm.cl\/index.php?rest_route=\/wp\/v2\/types\/post"}],"author":[{"embeddable":true,"href":"https:\/\/radiorevelacionfm.cl\/index.php?rest_route=\/wp\/v2\/users\/1"}],"replies":[{"embeddable":true,"href":"https:\/\/radiorevelacionfm.cl\/index.php?rest_route=%2Fwp%2Fv2%2Fcomments&post=51034"}],"version-history":[{"count":1,"href":"https:\/\/radiorevelacionfm.cl\/index.php?rest_route=\/wp\/v2\/posts\/51034\/revisions"}],"predecessor-version":[{"id":51036,"href":"https:\/\/radiorevelacionfm.cl\/index.php?rest_route=\/wp\/v2\/posts\/51034\/revisions\/51036"}],"wp:featuredmedia":[{"embeddable":true,"href":"https:\/\/radiorevelacionfm.cl\/index.php?rest_route=\/wp\/v2\/media\/51035"}],"wp:attachment":[{"href":"https:\/\/radiorevelacionfm.cl\/index.php?rest_route=%2Fwp%2Fv2%2Fmedia&parent=51034"}],"wp:term":[{"taxonomy":"category","embeddable":true,"href":"https:\/\/radiorevelacionfm.cl\/index.php?rest_route=%2Fwp%2Fv2%2Fcategories&post=51034"},{"taxonomy":"post_tag","embeddable":true,"href":"https:\/\/radiorevelacionfm.cl\/index.php?rest_route=%2Fwp%2Fv2%2Ftags&post=51034"}],"curies":[{"name":"wp","href":"https:\/\/api.w.org\/{rel}","templated":true}]}}