{"id":51032,"date":"2025-03-03T15:26:51","date_gmt":"2025-03-03T18:26:51","guid":{"rendered":"https:\/\/radiorevelacionfm.cl\/?p=51032"},"modified":"2025-03-03T15:26:51","modified_gmt":"2025-03-03T18:26:51","slug":"delito-sexual-contra-adolescente-fiscalia-logra-condena-contra-padrastro-por-estupro-reiterado","status":"publish","type":"post","link":"https:\/\/radiorevelacionfm.cl\/?p=51032","title":{"rendered":"Delito sexual contra adolescente: Fiscal\u00eda logra condena contra padrastro por estupro reiterado"},"content":{"rendered":"<div class=\"flex_column av_one_full  flex_column_div av-zero-column-padding first  avia-builder-el-0  el_before_av_one_full  avia-builder-el-first  \" style='border-radius:0px; '><div  class='avia-image-container  av-styling-    avia-builder-el-1  avia-builder-el-no-sibling  avia-align-center '  itemprop=\"image\" itemscope=\"itemscope\" itemtype=\"https:\/\/schema.org\/ImageObject\"  ><div class='avia-image-container-inner'><div class='avia-image-overlay-wrap'><img decoding=\"async\" class='wp-image-41765 avia-img-lazy-loading-not-41765 avia_image' src=\"https:\/\/radiorevelacionfm.cl\/wp-content\/uploads\/2024\/04\/detenido_referencial_optimized-1.jpg\" alt='' title='detenido_referencial_optimized (1)' height=\"600\" width=\"800\"  itemprop=\"thumbnailUrl\" srcset=\"https:\/\/radiorevelacionfm.cl\/wp-content\/uploads\/2024\/04\/detenido_referencial_optimized-1.jpg 800w, https:\/\/radiorevelacionfm.cl\/wp-content\/uploads\/2024\/04\/detenido_referencial_optimized-1-300x225.jpg 300w, https:\/\/radiorevelacionfm.cl\/wp-content\/uploads\/2024\/04\/detenido_referencial_optimized-1-768x576.jpg 768w, https:\/\/radiorevelacionfm.cl\/wp-content\/uploads\/2024\/04\/detenido_referencial_optimized-1-705x529.jpg 705w, https:\/\/radiorevelacionfm.cl\/wp-content\/uploads\/2024\/04\/detenido_referencial_optimized-1-450x338.jpg 450w, https:\/\/radiorevelacionfm.cl\/wp-content\/uploads\/2024\/04\/detenido_referencial_optimized-1-600x450.jpg 600w\" sizes=\"(max-width: 800px) 100vw, 800px\" \/><\/div><\/div><\/div><\/div><div class=\"flex_column av_one_full  flex_column_div av-zero-column-padding first  avia-builder-el-2  el_after_av_one_full  el_before_av_one_full  column-top-margin\" style='border-radius:0px; '><section class=\"av_textblock_section \"  itemscope=\"itemscope\" itemtype=\"https:\/\/schema.org\/BlogPosting\" itemprop=\"blogPost\" ><div class='avia_textblock  '   itemprop=\"text\" ><p style=\"text-align: center;\"><span style=\"font-size: 18pt;\"><b>Delito sexual contra adolescente: Fiscal\u00eda logra condena contra padrastro por estupro reiterado<\/b><\/span><\/p>\n<div id=\"gtx-trans\" style=\"position: absolute; left: -50px; top: 4.31534px;\">\n<div class=\"gtx-trans-icon\"><\/div>\n<\/div>\n<\/div><\/section><\/div><div class=\"flex_column av_one_full  flex_column_div av-zero-column-padding first  avia-builder-el-4  el_after_av_one_full  el_before_av_hr  column-top-margin\" style='border-radius:0px; '><section class=\"av_textblock_section \"  itemscope=\"itemscope\" itemtype=\"https:\/\/schema.org\/BlogPosting\" itemprop=\"blogPost\" ><div class='avia_textblock  '   itemprop=\"text\" ><p style=\"font-weight: 400; text-align: justify;\"><em>En la investigaci\u00f3n particip\u00f3 la Brigada de Delitos Sexuales de la Polic\u00eda de Investigaciones, Centro de V\u00edctimas de Delitos Violentos y el Servicio M\u00e9dico Legal, entre otros.<\/em><\/p>\n<p style=\"font-weight: 400; text-align: justify;\">La Fiscal\u00eda Local de Coyhaique logr\u00f3 una sentencia condenatoria en contra de un imputado de 42 a\u00f1os como autor de estupro reiterado, delitos sexuales cometidos en contra de una adolescente que al momento de los hechos ten\u00eda 15 a\u00f1os. El condenado es el padrastro de la v\u00edctima.<\/p>\n<p style=\"font-weight: 400; text-align: justify;\">Seg\u00fan explic\u00f3 el fiscal Jefe (s) de la Fiscal\u00eda Local de Coyhaique, Luis Contreras Alfaro, \u201crecientemente el Tribunal Oral en lo Penal de Coyhaique conden\u00f3 a una persona de sexo masculino de 42 a\u00f1os de edad, ex funcionario de Ej\u00e9rcito, como autor de delitos reiterados de estupro en perjuicio de la hija de su c\u00f3nyuge\u201d.<\/p>\n<p style=\"font-weight: 400; text-align: justify;\">El fiscal a\u00f1adi\u00f3 que \u201clos hechos ocurrieron cuando la v\u00edctima ten\u00eda aproximadamente 15 a\u00f1os de edad. Luego de una investigaci\u00f3n que cont\u00f3 con la colaboraci\u00f3n de la Brigada de Delitos Sexuales de Polic\u00eda de Investigaciones, Centro de V\u00edctimas de Delitos Violentos, Servicio M\u00e9dico Legal e instituciones colaboradoras, se pudo acreditar la existencia del delito y la participaci\u00f3n de esta persona en calidad de autor\u201d.<\/p>\n<p style=\"font-weight: 400; text-align: justify;\">El persecutor penal agreg\u00f3 que \u201cen definitiva, el Tribunal lo conden\u00f3 a seis a\u00f1os de presidio mayor en grado m\u00ednimo\u201d.<\/p>\n<p style=\"font-weight: 400; text-align: justify;\">El estupro se define por la ley como el acceso carnal de una persona menor de 18 a\u00f1os pero mayor de 14 a\u00f1os.<\/p>\n<p style=\"font-weight: 400; text-align: justify;\">Durante el juicio oral, la v\u00edctima fue apoyada tambi\u00e9n por la Unidad de Atenci\u00f3n a V\u00edctimas y Testigos de la Fiscal\u00eda Regional de Ays\u00e9n.<\/p>\n<\/div><\/section><\/div><div  style='height:50px' class='hr hr-invisible   avia-builder-el-6  el_after_av_one_full  el_before_av_social_share '><span class='hr-inner ' ><span class='hr-inner-style'><\/span><\/span><\/div><\/p>\n<div  class='av-social-sharing-box  avia-builder-el-7  el_after_av_hr  el_before_av_hr  '><div class='av-share-box'><h5 class='av-share-link-description av-no-toc '>Compartir esta noticia<\/h5><ul class='av-share-box-list noLightbox'><li class='av-share-link av-social-link-facebook' ><a target=\"_blank\" aria-label=\"Compartir en Facebook\" href='https:\/\/www.facebook.com\/sharer.php?u=https:\/\/radiorevelacionfm.cl\/?p=51032&#038;t=Delito%20sexual%20contra%20adolescente%3A%20Fiscal%C3%ADa%20logra%20condena%20contra%20padrastro%20por%20estupro%20reiterado' aria-hidden='false' data-av_icon='\ue8f3' data-av_iconfont='entypo-fontello' title='' data-avia-related-tooltip='Compartir en Facebook' rel=\"noopener\"><span class='avia_hidden_link_text'>Compartir en Facebook<\/span><\/a><\/li><li class='av-share-link av-social-link-twitter' ><a target=\"_blank\" aria-label=\"Compartir en Twitter\" href='https:\/\/twitter.com\/share?text=Delito%20sexual%20contra%20adolescente%3A%20Fiscal%C3%ADa%20logra%20condena%20contra%20padrastro%20por%20estupro%20reiterado&#038;url=https:\/\/radiorevelacionfm.cl\/?p=51032' aria-hidden='false' data-av_icon='\ue8f1' data-av_iconfont='entypo-fontello' title='' data-avia-related-tooltip='Compartir en Twitter' rel=\"noopener\"><span class='avia_hidden_link_text'>Compartir en Twitter<\/span><\/a><\/li><li class='av-share-link av-social-link-whatsapp' ><a target=\"_blank\" aria-label=\"Compartir en Whatsapp\" href='https:\/\/api.whatsapp.com\/send?text=https:\/\/radiorevelacionfm.cl\/?p=51032' aria-hidden='false' data-av_icon='\uf232' data-av_iconfont='entypo-fontello' title='' data-avia-related-tooltip='Compartir en Whatsapp' rel=\"noopener\"><span class='avia_hidden_link_text'>Compartir en Whatsapp<\/span><\/a><\/li><li class='av-share-link av-social-link-linkedin' ><a target=\"_blank\" aria-label=\"Compartir en LinkedIn\" href='https:\/\/linkedin.com\/shareArticle?mini=true&#038;title=Delito%20sexual%20contra%20adolescente%3A%20Fiscal%C3%ADa%20logra%20condena%20contra%20padrastro%20por%20estupro%20reiterado&#038;url=https:\/\/radiorevelacionfm.cl\/?p=51032' aria-hidden='false' data-av_icon='\ue8fc' data-av_iconfont='entypo-fontello' title='' data-avia-related-tooltip='Compartir en LinkedIn' rel=\"noopener\"><span class='avia_hidden_link_text'>Compartir en LinkedIn<\/span><\/a><\/li><li class='av-share-link av-social-link-mail' ><a  aria-label=\"Compartir por correo\" href='mailto:?subject=Delito%20sexual%20contra%20adolescente%3A%20Fiscal%C3%ADa%20logra%20condena%20contra%20padrastro%20por%20estupro%20reiterado&#038;body=https:\/\/radiorevelacionfm.cl\/?p=51032' aria-hidden='false' data-av_icon='\ue805' data-av_iconfont='entypo-fontello' title='' data-avia-related-tooltip='Compartir por correo'><span class='avia_hidden_link_text'>Compartir por correo<\/span><\/a><\/li><\/ul><\/div><\/div>\n<div  style='height:50px' class='hr hr-invisible   avia-builder-el-8  el_after_av_social_share  el_before_av_comments_list '><span class='hr-inner ' ><span class='hr-inner-style'><\/span><\/span><\/div>\n<div  class='av-buildercomment  av-blog-meta-html-info-disabled av-blog-meta-tag-disabled  '><\/div>\n","protected":false},"excerpt":{"rendered":"","protected":false},"author":1,"featured_media":41765,"comment_status":"open","ping_status":"open","sticky":false,"template":"","format":"standard","meta":{"footnotes":""},"categories":[55],"tags":[],"class_list":["post-51032","post","type-post","status-publish","format-standard","has-post-thumbnail","hentry","category-justicia"],"jetpack_featured_media_url":"https:\/\/radiorevelacionfm.cl\/wp-content\/uploads\/2024\/04\/detenido_referencial_optimized-1.jpg","_links":{"self":[{"href":"https:\/\/radiorevelacionfm.cl\/index.php?rest_route=\/wp\/v2\/posts\/51032","targetHints":{"allow":["GET"]}}],"collection":[{"href":"https:\/\/radiorevelacionfm.cl\/index.php?rest_route=\/wp\/v2\/posts"}],"about":[{"href":"https:\/\/radiorevelacionfm.cl\/index.php?rest_route=\/wp\/v2\/types\/post"}],"author":[{"embeddable":true,"href":"https:\/\/radiorevelacionfm.cl\/index.php?rest_route=\/wp\/v2\/users\/1"}],"replies":[{"embeddable":true,"href":"https:\/\/radiorevelacionfm.cl\/index.php?rest_route=%2Fwp%2Fv2%2Fcomments&post=51032"}],"version-history":[{"count":1,"href":"https:\/\/radiorevelacionfm.cl\/index.php?rest_route=\/wp\/v2\/posts\/51032\/revisions"}],"predecessor-version":[{"id":51033,"href":"https:\/\/radiorevelacionfm.cl\/index.php?rest_route=\/wp\/v2\/posts\/51032\/revisions\/51033"}],"wp:featuredmedia":[{"embeddable":true,"href":"https:\/\/radiorevelacionfm.cl\/index.php?rest_route=\/wp\/v2\/media\/41765"}],"wp:attachment":[{"href":"https:\/\/radiorevelacionfm.cl\/index.php?rest_route=%2Fwp%2Fv2%2Fmedia&parent=51032"}],"wp:term":[{"taxonomy":"category","embeddable":true,"href":"https:\/\/radiorevelacionfm.cl\/index.php?rest_route=%2Fwp%2Fv2%2Fcategories&post=51032"},{"taxonomy":"post_tag","embeddable":true,"href":"https:\/\/radiorevelacionfm.cl\/index.php?rest_route=%2Fwp%2Fv2%2Ftags&post=51032"}],"curies":[{"name":"wp","href":"https:\/\/api.w.org\/{rel}","templated":true}]}}