{"id":51029,"date":"2025-03-03T14:58:25","date_gmt":"2025-03-03T17:58:25","guid":{"rendered":"https:\/\/radiorevelacionfm.cl\/?p=51029"},"modified":"2025-03-03T14:58:25","modified_gmt":"2025-03-03T17:58:25","slug":"socialistas-se-reunen-en-aysen-de-cara-a-proximas-elecciones-internas","status":"publish","type":"post","link":"https:\/\/radiorevelacionfm.cl\/?p=51029","title":{"rendered":"Socialistas se re\u00fanen en Ays\u00e9n de cara a pr\u00f3ximas elecciones internas"},"content":{"rendered":"<div class=\"flex_column av_one_full  flex_column_div av-zero-column-padding first  avia-builder-el-0  el_before_av_one_full  avia-builder-el-first  \" style='border-radius:0px; '><div  class='avia-image-container  av-styling-    avia-builder-el-1  avia-builder-el-no-sibling  avia-align-center '  itemprop=\"image\" itemscope=\"itemscope\" itemtype=\"https:\/\/schema.org\/ImageObject\"  ><div class='avia-image-container-inner'><div class='avia-image-overlay-wrap'><img decoding=\"async\" class='wp-image-51030 avia-img-lazy-loading-not-51030 avia_image' src=\"https:\/\/radiorevelacionfm.cl\/wp-content\/uploads\/2025\/03\/lista-unidad-socialista-por-aysen-elecciones-2025-1-1_optimized.jpeg\" alt='' title='lista-unidad-socialista-por-ays\u00e9n - elecciones-2025-(1)-(1)_optimized' height=\"600\" width=\"929\"  itemprop=\"thumbnailUrl\" srcset=\"https:\/\/radiorevelacionfm.cl\/wp-content\/uploads\/2025\/03\/lista-unidad-socialista-por-aysen-elecciones-2025-1-1_optimized.jpeg 929w, https:\/\/radiorevelacionfm.cl\/wp-content\/uploads\/2025\/03\/lista-unidad-socialista-por-aysen-elecciones-2025-1-1_optimized-300x194.jpeg 300w, https:\/\/radiorevelacionfm.cl\/wp-content\/uploads\/2025\/03\/lista-unidad-socialista-por-aysen-elecciones-2025-1-1_optimized-768x496.jpeg 768w, https:\/\/radiorevelacionfm.cl\/wp-content\/uploads\/2025\/03\/lista-unidad-socialista-por-aysen-elecciones-2025-1-1_optimized-705x455.jpeg 705w, https:\/\/radiorevelacionfm.cl\/wp-content\/uploads\/2025\/03\/lista-unidad-socialista-por-aysen-elecciones-2025-1-1_optimized-450x291.jpeg 450w, https:\/\/radiorevelacionfm.cl\/wp-content\/uploads\/2025\/03\/lista-unidad-socialista-por-aysen-elecciones-2025-1-1_optimized-600x388.jpeg 600w\" sizes=\"(max-width: 929px) 100vw, 929px\" \/><\/div><\/div><\/div><\/div><div class=\"flex_column av_one_full  flex_column_div av-zero-column-padding first  avia-builder-el-2  el_after_av_one_full  el_before_av_one_full  column-top-margin\" style='border-radius:0px; '><section class=\"av_textblock_section \"  itemscope=\"itemscope\" itemtype=\"https:\/\/schema.org\/BlogPosting\" itemprop=\"blogPost\" ><div class='avia_textblock  '   itemprop=\"text\" ><p style=\"text-align: center;\"><span style=\"font-size: 18pt;\"><b><span style=\"font-family: verdana, sans-serif;\">Socialistas se re\u00fanen en Ays\u00e9n de cara a pr\u00f3ximas elecciones internas<\/span><\/b><\/span><\/p>\n<div id=\"gtx-trans\" style=\"position: absolute; left: -50px; top: 4.31534px;\">\n<div class=\"gtx-trans-icon\"><\/div>\n<\/div>\n<\/div><\/section><\/div><div class=\"flex_column av_one_full  flex_column_div av-zero-column-padding first  avia-builder-el-4  el_after_av_one_full  el_before_av_hr  column-top-margin\" style='border-radius:0px; '><section class=\"av_textblock_section \"  itemscope=\"itemscope\" itemtype=\"https:\/\/schema.org\/BlogPosting\" itemprop=\"blogPost\" ><div class='avia_textblock  '   itemprop=\"text\" ><p style=\"text-align: justify;\"><em>La Lista \u00abUnidad Socialista en Ays\u00e9n\u00bb propuso abrir espacios a comunales, asentar una red territorial a nivel regional y generar espacios de debate para que las decisiones sean colectivas y desde las bases.<\/em><\/p>\n<p style=\"text-align: justify;\">Este domingo 2 de marzo, en la Sede del Partido Socialista de Puerto Ays\u00e9n, se dieron cita dirigentes, militantes, candidatas y candidatos para continuar el trabajo interno con miras a las elecciones del 16 de marzo pr\u00f3ximo.<\/p>\n<p style=\"text-align: justify;\">En la cita se definieron l\u00edneas de trabajo y se analizaron los \u00faltimos sucesos electorales, como la contundente derrota que sufri\u00f3 la exgobernadora Regional en primera vuelta.<\/p>\n<p style=\"text-align: justify;\">Seg\u00fan indic\u00f3 la candidata al Comit\u00e9 Central Regional, Ana Mar\u00eda Navarrete Arriaza, \u00abfue una excelente reuni\u00f3n, muy fraterna y pudimos sentir las ganas que hay de revertir la situaci\u00f3n en la que nos encontramos para tener un PS robusto y preparado para los desaf\u00edos electorales de este a\u00f1o. La derrota de la exgobernadora cal\u00f3 hondo en el partido, y evidenci\u00f3 una crisis de conducci\u00f3n y de liderazgo que debe revertirse. Esperamos ser dirigentes comprometidos, autocr\u00edticos, pluralistas, que abran espacios reales a la militancia, y por eso estamos en Ays\u00e9n, para no perpetuar el centralismo al interior de la regi\u00f3n\u00bb.<\/p>\n<p style=\"text-align: justify;\">Por su parte, el candidato al Comit\u00e9 Central Regional, Rodrigo Saldivia Vera, destac\u00f3 que \u00aben este proceso esperamos que algunos candidatos hagan la autocr\u00edtica que no han realizado. Hay responsabilidades muy importantes que asumir y no hemos visto se\u00f1ales de aquello. Creo que es complejo apostar por dirigir un partido cuando dos de los principales responsables de la derrota del a\u00f1o pasado no han sabido dar explicaciones ni asumir responsabilidades\u00bb.<\/p>\n<p style=\"text-align: justify;\">Por \u00faltimo, desde la Lista Unidad Socialista en Ays\u00e9n propusieron abrir espacios a los comunales, asentar una red territorial a nivel regional, y generar constantes espacios de debate para que las decisiones sean colectivas y desde las bases, no desde la c\u00fapula, como \u00faltimamente se ha visto.<\/p>\n<\/div><\/section><\/div><div  style='height:50px' class='hr hr-invisible   avia-builder-el-6  el_after_av_one_full  el_before_av_social_share '><span class='hr-inner ' ><span class='hr-inner-style'><\/span><\/span><\/div><\/p>\n<div  class='av-social-sharing-box  avia-builder-el-7  el_after_av_hr  el_before_av_hr  '><div class='av-share-box'><h5 class='av-share-link-description av-no-toc '>Compartir esta noticia<\/h5><ul class='av-share-box-list noLightbox'><li class='av-share-link av-social-link-facebook' ><a target=\"_blank\" aria-label=\"Compartir en Facebook\" href='https:\/\/www.facebook.com\/sharer.php?u=https:\/\/radiorevelacionfm.cl\/?p=51029&#038;t=Socialistas%20se%20re%C3%BAnen%20en%20Ays%C3%A9n%20de%20cara%20a%20pr%C3%B3ximas%20elecciones%20internas' aria-hidden='false' data-av_icon='\ue8f3' data-av_iconfont='entypo-fontello' title='' data-avia-related-tooltip='Compartir en Facebook' rel=\"noopener\"><span class='avia_hidden_link_text'>Compartir en Facebook<\/span><\/a><\/li><li class='av-share-link av-social-link-twitter' ><a target=\"_blank\" aria-label=\"Compartir en Twitter\" href='https:\/\/twitter.com\/share?text=Socialistas%20se%20re%C3%BAnen%20en%20Ays%C3%A9n%20de%20cara%20a%20pr%C3%B3ximas%20elecciones%20internas&#038;url=https:\/\/radiorevelacionfm.cl\/?p=51029' aria-hidden='false' data-av_icon='\ue8f1' data-av_iconfont='entypo-fontello' title='' data-avia-related-tooltip='Compartir en Twitter' rel=\"noopener\"><span class='avia_hidden_link_text'>Compartir en Twitter<\/span><\/a><\/li><li class='av-share-link av-social-link-whatsapp' ><a target=\"_blank\" aria-label=\"Compartir en Whatsapp\" href='https:\/\/api.whatsapp.com\/send?text=https:\/\/radiorevelacionfm.cl\/?p=51029' aria-hidden='false' data-av_icon='\uf232' data-av_iconfont='entypo-fontello' title='' data-avia-related-tooltip='Compartir en Whatsapp' rel=\"noopener\"><span class='avia_hidden_link_text'>Compartir en Whatsapp<\/span><\/a><\/li><li class='av-share-link av-social-link-linkedin' ><a target=\"_blank\" aria-label=\"Compartir en LinkedIn\" href='https:\/\/linkedin.com\/shareArticle?mini=true&#038;title=Socialistas%20se%20re%C3%BAnen%20en%20Ays%C3%A9n%20de%20cara%20a%20pr%C3%B3ximas%20elecciones%20internas&#038;url=https:\/\/radiorevelacionfm.cl\/?p=51029' aria-hidden='false' data-av_icon='\ue8fc' data-av_iconfont='entypo-fontello' title='' data-avia-related-tooltip='Compartir en LinkedIn' rel=\"noopener\"><span class='avia_hidden_link_text'>Compartir en LinkedIn<\/span><\/a><\/li><li class='av-share-link av-social-link-mail' ><a  aria-label=\"Compartir por correo\" href='mailto:?subject=Socialistas%20se%20re%C3%BAnen%20en%20Ays%C3%A9n%20de%20cara%20a%20pr%C3%B3ximas%20elecciones%20internas&#038;body=https:\/\/radiorevelacionfm.cl\/?p=51029' aria-hidden='false' data-av_icon='\ue805' data-av_iconfont='entypo-fontello' title='' data-avia-related-tooltip='Compartir por correo'><span class='avia_hidden_link_text'>Compartir por correo<\/span><\/a><\/li><\/ul><\/div><\/div>\n<div  style='height:50px' class='hr hr-invisible   avia-builder-el-8  el_after_av_social_share  el_before_av_comments_list '><span class='hr-inner ' ><span class='hr-inner-style'><\/span><\/span><\/div>\n<div  class='av-buildercomment  av-blog-meta-html-info-disabled av-blog-meta-tag-disabled  '><\/div>\n","protected":false},"excerpt":{"rendered":"","protected":false},"author":1,"featured_media":51030,"comment_status":"open","ping_status":"open","sticky":false,"template":"","format":"standard","meta":{"footnotes":""},"categories":[35],"tags":[],"class_list":["post-51029","post","type-post","status-publish","format-standard","has-post-thumbnail","hentry","category-politica"],"jetpack_featured_media_url":"https:\/\/radiorevelacionfm.cl\/wp-content\/uploads\/2025\/03\/lista-unidad-socialista-por-aysen-elecciones-2025-1-1_optimized.jpeg","_links":{"self":[{"href":"https:\/\/radiorevelacionfm.cl\/index.php?rest_route=\/wp\/v2\/posts\/51029","targetHints":{"allow":["GET"]}}],"collection":[{"href":"https:\/\/radiorevelacionfm.cl\/index.php?rest_route=\/wp\/v2\/posts"}],"about":[{"href":"https:\/\/radiorevelacionfm.cl\/index.php?rest_route=\/wp\/v2\/types\/post"}],"author":[{"embeddable":true,"href":"https:\/\/radiorevelacionfm.cl\/index.php?rest_route=\/wp\/v2\/users\/1"}],"replies":[{"embeddable":true,"href":"https:\/\/radiorevelacionfm.cl\/index.php?rest_route=%2Fwp%2Fv2%2Fcomments&post=51029"}],"version-history":[{"count":1,"href":"https:\/\/radiorevelacionfm.cl\/index.php?rest_route=\/wp\/v2\/posts\/51029\/revisions"}],"predecessor-version":[{"id":51031,"href":"https:\/\/radiorevelacionfm.cl\/index.php?rest_route=\/wp\/v2\/posts\/51029\/revisions\/51031"}],"wp:featuredmedia":[{"embeddable":true,"href":"https:\/\/radiorevelacionfm.cl\/index.php?rest_route=\/wp\/v2\/media\/51030"}],"wp:attachment":[{"href":"https:\/\/radiorevelacionfm.cl\/index.php?rest_route=%2Fwp%2Fv2%2Fmedia&parent=51029"}],"wp:term":[{"taxonomy":"category","embeddable":true,"href":"https:\/\/radiorevelacionfm.cl\/index.php?rest_route=%2Fwp%2Fv2%2Fcategories&post=51029"},{"taxonomy":"post_tag","embeddable":true,"href":"https:\/\/radiorevelacionfm.cl\/index.php?rest_route=%2Fwp%2Fv2%2Ftags&post=51029"}],"curies":[{"name":"wp","href":"https:\/\/api.w.org\/{rel}","templated":true}]}}