{"id":51021,"date":"2025-03-02T20:14:14","date_gmt":"2025-03-02T23:14:14","guid":{"rendered":"https:\/\/radiorevelacionfm.cl\/?p=51021"},"modified":"2025-03-02T20:14:14","modified_gmt":"2025-03-02T23:14:14","slug":"completan-reposicion-total-del-servicio-electrico-en-coyhaique-puerto-aysen-e-ibanez","status":"publish","type":"post","link":"https:\/\/radiorevelacionfm.cl\/?p=51021","title":{"rendered":"Completan reposici\u00f3n total del servicio el\u00e9ctrico en Coyhaique, Puerto Ayse\u0301n e Iba\u0301n\u0303ez"},"content":{"rendered":"<div class=\"flex_column av_one_full  flex_column_div av-zero-column-padding first  avia-builder-el-0  el_before_av_one_full  avia-builder-el-first  \" style='border-radius:0px; '><div  class='avia-image-container  av-styling-    avia-builder-el-1  avia-builder-el-no-sibling  avia-align-center '  itemprop=\"image\" itemscope=\"itemscope\" itemtype=\"https:\/\/schema.org\/ImageObject\"  ><div class='avia-image-container-inner'><div class='avia-image-overlay-wrap'><img decoding=\"async\" class='wp-image-49538 avia-img-lazy-loading-not-49538 avia_image' src=\"https:\/\/radiorevelacionfm.cl\/wp-content\/uploads\/2025\/01\/edelaysen-01-1_optimized-1.jpg\" alt='' title='edelaysen-01-(1)_optimized (1)' height=\"600\" width=\"940\"  itemprop=\"thumbnailUrl\" srcset=\"https:\/\/radiorevelacionfm.cl\/wp-content\/uploads\/2025\/01\/edelaysen-01-1_optimized-1.jpg 940w, https:\/\/radiorevelacionfm.cl\/wp-content\/uploads\/2025\/01\/edelaysen-01-1_optimized-1-300x191.jpg 300w, https:\/\/radiorevelacionfm.cl\/wp-content\/uploads\/2025\/01\/edelaysen-01-1_optimized-1-768x490.jpg 768w, https:\/\/radiorevelacionfm.cl\/wp-content\/uploads\/2025\/01\/edelaysen-01-1_optimized-1-705x450.jpg 705w, https:\/\/radiorevelacionfm.cl\/wp-content\/uploads\/2025\/01\/edelaysen-01-1_optimized-1-450x287.jpg 450w, https:\/\/radiorevelacionfm.cl\/wp-content\/uploads\/2025\/01\/edelaysen-01-1_optimized-1-600x383.jpg 600w\" sizes=\"(max-width: 940px) 100vw, 940px\" \/><\/div><\/div><\/div><\/div><div class=\"flex_column av_one_full  flex_column_div av-zero-column-padding first  avia-builder-el-2  el_after_av_one_full  el_before_av_one_full  column-top-margin\" style='border-radius:0px; '><section class=\"av_textblock_section \"  itemscope=\"itemscope\" itemtype=\"https:\/\/schema.org\/BlogPosting\" itemprop=\"blogPost\" ><div class='avia_textblock  '   itemprop=\"text\" ><p style=\"text-align: center;\"><strong><span style=\"font-size: 18pt;\">Completan reposici\u00f3n total del servicio el\u00e9ctrico en Coyhaique, Puerto Ayse\u0301n e Iba\u0301n\u0303ez<\/span><\/strong><\/p>\n<div id=\"gtx-trans\" style=\"position: absolute; left: -50px; top: 4.31534px;\">\n<div class=\"gtx-trans-icon\"><\/div>\n<\/div>\n<\/div><\/section><\/div><div class=\"flex_column av_one_full  flex_column_div av-zero-column-padding first  avia-builder-el-4  el_after_av_one_full  el_before_av_hr  column-top-margin\" style='border-radius:0px; '><section class=\"av_textblock_section \"  itemscope=\"itemscope\" itemtype=\"https:\/\/schema.org\/BlogPosting\" itemprop=\"blogPost\" ><div class='avia_textblock  '   itemprop=\"text\" ><p style=\"text-align: justify;\"><em>Tras un intenso trabajo en terreno, en poco m\u00e1s de 3,5 horas, los equipos t\u00e9cnicos de la el\u00e9ctrica lograron la reposici\u00f3n total del servicio ante incidencia registrada la ma\u00f1ana de este domingo.<\/em><\/p>\n<p style=\"text-align: justify;\">Edelaysen informa que aproximadamente a las 9:45 horas de esta ma\u00f1ana se registro\u0301 una interrupci\u00f3n del suministro el\u00e9ctrico en el sistema mediano de Ays\u00e9n, afectando a las comunas de Coyhaique, Puerto Ays\u00e9n e Ib\u00e1\u00f1ez. Mediante el despliegue de los equipos t\u00e9cnicos a primera hora de esta ma\u00f1ana, se logro\u0301 iniciar la recuperaci\u00f3n en alrededor de 30 minutos de iniciada la contingencia, partiendo por la normalizaci\u00f3n en Puerto Ays\u00e9n y la recuperaci\u00f3n total del servicio a las 13:22 de la tarde.<\/p>\n<p style=\"text-align: justify;\">De acuerdo a lo informado por la el\u00e9ctrica, la interrupci\u00f3n se debi\u00f3 a una incidencia en las l\u00edneas de media tensi\u00f3n que unen la Central Lago Atravesado y la Central Tehuelche. Con esto qued\u00f3 fuera del sistema la central Lago Atravesado, principal fuente de abastecimiento del sistema y al faltar esa principal fuente de abastecimiento, el resto del sistema no pudo sostener el servicio, generando el efecto sist\u00e9mico en cascada que dej\u00f3 sin suministro a las comunas mencionadas. Junto con ello, de manera preliminar, se logr\u00f3 identificar la electrocuci\u00f3n de un ave en las l\u00edneas el\u00e9ctricas como causa de interrupci\u00f3n el\u00e9ctrica que dej\u00f3 desconectada la central Lago Atravesado del sistema.<\/p>\n<p style=\"text-align: justify;\">Desde la el\u00e9ctrica destacan comprender la molestia de los vecinos y la comunidad, no obstante, es importante mencionar que los sistemas el\u00e9ctricos siempre est\u00e1n expuestos da\u00f1os y afectaciones de diversas causas y en ese sentido Edelaysen ha implementado mejoras sostenibles en el tiempo que han mejorado y reducido de forma notable a trav\u00e9s de los a\u00f1os, las horas sin suministro en Ays\u00e9n. Tal es el caso, que incluso el a\u00f1o 2024, la regi\u00f3n de Ays\u00e9n qued\u00f3 tercera a nivel nacional en el ranking nacional por regiones de menor horas sin suministro.<\/p>\n<p style=\"text-align: justify;\">As\u00ed mismo informaron que contin\u00faan trabajando para la mejora continua del servicio el\u00e9ctrico en la regi\u00f3n, con el objetivo de contar con un sistema m\u00e1s resiliente, para lo cual Edelaysen cuenta con un plan de inversi\u00f3n de m\u00e1s de 70 mil millones de pesos en cinco a\u00f1os, para robustecer la red de distribuci\u00f3n y generaci\u00f3n, el que incluye tecnolog\u00eda e innovaci\u00f3n, como por ejemplo bater\u00edas de respaldo para que el sistema tenga mayor \u201cinercia\u201d y se disminuya la probabilidad de afectaci\u00f3n de todo el sistema al momento de quedar desconectada de la red alguna de las centrales, como ocurri\u00f3 en esta ocasi\u00f3n con Lago Atravesado.<\/p>\n<p style=\"text-align: justify;\"><strong>\u00a0<\/strong><\/p>\n<\/div><\/section><\/div><div  style='height:50px' class='hr hr-invisible   avia-builder-el-6  el_after_av_one_full  el_before_av_social_share '><span class='hr-inner ' ><span class='hr-inner-style'><\/span><\/span><\/div><\/p>\n<div  class='av-social-sharing-box  avia-builder-el-7  el_after_av_hr  el_before_av_hr  '><div class='av-share-box'><h5 class='av-share-link-description av-no-toc '>Compartir esta noticia<\/h5><ul class='av-share-box-list noLightbox'><li class='av-share-link av-social-link-facebook' ><a target=\"_blank\" aria-label=\"Compartir en Facebook\" href='https:\/\/www.facebook.com\/sharer.php?u=https:\/\/radiorevelacionfm.cl\/?p=51021&#038;t=Completan%20reposici%C3%B3n%20total%20del%20servicio%20el%C3%A9ctrico%20en%20Coyhaique%2C%20Puerto%20Ayse%CC%81n%20e%20Iba%CC%81n%CC%83ez' aria-hidden='false' data-av_icon='\ue8f3' data-av_iconfont='entypo-fontello' title='' data-avia-related-tooltip='Compartir en Facebook' rel=\"noopener\"><span class='avia_hidden_link_text'>Compartir en Facebook<\/span><\/a><\/li><li class='av-share-link av-social-link-twitter' ><a target=\"_blank\" aria-label=\"Compartir en Twitter\" href='https:\/\/twitter.com\/share?text=Completan%20reposici%C3%B3n%20total%20del%20servicio%20el%C3%A9ctrico%20en%20Coyhaique%2C%20Puerto%20Ayse%CC%81n%20e%20Iba%CC%81n%CC%83ez&#038;url=https:\/\/radiorevelacionfm.cl\/?p=51021' aria-hidden='false' data-av_icon='\ue8f1' data-av_iconfont='entypo-fontello' title='' data-avia-related-tooltip='Compartir en Twitter' rel=\"noopener\"><span class='avia_hidden_link_text'>Compartir en Twitter<\/span><\/a><\/li><li class='av-share-link av-social-link-whatsapp' ><a target=\"_blank\" aria-label=\"Compartir en Whatsapp\" href='https:\/\/api.whatsapp.com\/send?text=https:\/\/radiorevelacionfm.cl\/?p=51021' aria-hidden='false' data-av_icon='\uf232' data-av_iconfont='entypo-fontello' title='' data-avia-related-tooltip='Compartir en Whatsapp' rel=\"noopener\"><span class='avia_hidden_link_text'>Compartir en Whatsapp<\/span><\/a><\/li><li class='av-share-link av-social-link-linkedin' ><a target=\"_blank\" aria-label=\"Compartir en LinkedIn\" href='https:\/\/linkedin.com\/shareArticle?mini=true&#038;title=Completan%20reposici%C3%B3n%20total%20del%20servicio%20el%C3%A9ctrico%20en%20Coyhaique%2C%20Puerto%20Ayse%CC%81n%20e%20Iba%CC%81n%CC%83ez&#038;url=https:\/\/radiorevelacionfm.cl\/?p=51021' aria-hidden='false' data-av_icon='\ue8fc' data-av_iconfont='entypo-fontello' title='' data-avia-related-tooltip='Compartir en LinkedIn' rel=\"noopener\"><span class='avia_hidden_link_text'>Compartir en LinkedIn<\/span><\/a><\/li><li class='av-share-link av-social-link-mail' ><a  aria-label=\"Compartir por correo\" href='mailto:?subject=Completan%20reposici%C3%B3n%20total%20del%20servicio%20el%C3%A9ctrico%20en%20Coyhaique%2C%20Puerto%20Ayse%CC%81n%20e%20Iba%CC%81n%CC%83ez&#038;body=https:\/\/radiorevelacionfm.cl\/?p=51021' aria-hidden='false' data-av_icon='\ue805' data-av_iconfont='entypo-fontello' title='' data-avia-related-tooltip='Compartir por correo'><span class='avia_hidden_link_text'>Compartir por correo<\/span><\/a><\/li><\/ul><\/div><\/div>\n<div  style='height:50px' class='hr hr-invisible   avia-builder-el-8  el_after_av_social_share  el_before_av_comments_list '><span class='hr-inner ' ><span class='hr-inner-style'><\/span><\/span><\/div>\n<div  class='av-buildercomment  av-blog-meta-html-info-disabled av-blog-meta-tag-disabled  '><\/div>\n","protected":false},"excerpt":{"rendered":"","protected":false},"author":1,"featured_media":49538,"comment_status":"open","ping_status":"open","sticky":false,"template":"","format":"standard","meta":{"footnotes":""},"categories":[38],"tags":[],"class_list":["post-51021","post","type-post","status-publish","format-standard","has-post-thumbnail","hentry","category-regional"],"jetpack_featured_media_url":"https:\/\/radiorevelacionfm.cl\/wp-content\/uploads\/2025\/01\/edelaysen-01-1_optimized-1.jpg","_links":{"self":[{"href":"https:\/\/radiorevelacionfm.cl\/index.php?rest_route=\/wp\/v2\/posts\/51021","targetHints":{"allow":["GET"]}}],"collection":[{"href":"https:\/\/radiorevelacionfm.cl\/index.php?rest_route=\/wp\/v2\/posts"}],"about":[{"href":"https:\/\/radiorevelacionfm.cl\/index.php?rest_route=\/wp\/v2\/types\/post"}],"author":[{"embeddable":true,"href":"https:\/\/radiorevelacionfm.cl\/index.php?rest_route=\/wp\/v2\/users\/1"}],"replies":[{"embeddable":true,"href":"https:\/\/radiorevelacionfm.cl\/index.php?rest_route=%2Fwp%2Fv2%2Fcomments&post=51021"}],"version-history":[{"count":1,"href":"https:\/\/radiorevelacionfm.cl\/index.php?rest_route=\/wp\/v2\/posts\/51021\/revisions"}],"predecessor-version":[{"id":51022,"href":"https:\/\/radiorevelacionfm.cl\/index.php?rest_route=\/wp\/v2\/posts\/51021\/revisions\/51022"}],"wp:featuredmedia":[{"embeddable":true,"href":"https:\/\/radiorevelacionfm.cl\/index.php?rest_route=\/wp\/v2\/media\/49538"}],"wp:attachment":[{"href":"https:\/\/radiorevelacionfm.cl\/index.php?rest_route=%2Fwp%2Fv2%2Fmedia&parent=51021"}],"wp:term":[{"taxonomy":"category","embeddable":true,"href":"https:\/\/radiorevelacionfm.cl\/index.php?rest_route=%2Fwp%2Fv2%2Fcategories&post=51021"},{"taxonomy":"post_tag","embeddable":true,"href":"https:\/\/radiorevelacionfm.cl\/index.php?rest_route=%2Fwp%2Fv2%2Ftags&post=51021"}],"curies":[{"name":"wp","href":"https:\/\/api.w.org\/{rel}","templated":true}]}}