{"id":5102,"date":"2021-06-09T21:11:12","date_gmt":"2021-06-10T00:11:12","guid":{"rendered":"https:\/\/radiorevelacionfm.cl\/?p=5102"},"modified":"2021-06-09T21:11:12","modified_gmt":"2021-06-10T00:11:12","slug":"arriesgada-maniobra-realizo-carabineros-de-aysen-en-caudaloso-rio-para-trasladar-ayuda-a-solitario-poblador-del-sector-pangal-alto","status":"publish","type":"post","link":"https:\/\/radiorevelacionfm.cl\/?p=5102","title":{"rendered":"Arriesgada maniobra realiz\u00f3 Carabineros de Ays\u00e9n en caudaloso r\u00edo para trasladar ayuda a solitario poblador del Sector Pangal Alto"},"content":{"rendered":"<div class=\"flex_column av_one_full  flex_column_div av-zero-column-padding first  avia-builder-el-0  el_before_av_one_full  avia-builder-el-first  \" style='border-radius:0px; '><div  class='avia-image-container  av-styling-    avia-builder-el-1  avia-builder-el-no-sibling  avia-align-center '  itemprop=\"image\" itemscope=\"itemscope\" itemtype=\"https:\/\/schema.org\/ImageObject\"  ><div class='avia-image-container-inner'><div class='avia-image-overlay-wrap'><img decoding=\"async\" class='wp-image-5103 avia-img-lazy-loading-not-5103 avia_image' src=\"https:\/\/radiorevelacionfm.cl\/wp-content\/uploads\/2021\/06\/IMG-20210529-WA0007-1-1.jpg\" alt='' title='IMG-20210529-WA0007 (1) (1)' height=\"590\" width=\"1278\"  itemprop=\"thumbnailUrl\" srcset=\"https:\/\/radiorevelacionfm.cl\/wp-content\/uploads\/2021\/06\/IMG-20210529-WA0007-1-1.jpg 1278w, https:\/\/radiorevelacionfm.cl\/wp-content\/uploads\/2021\/06\/IMG-20210529-WA0007-1-1-300x138.jpg 300w, https:\/\/radiorevelacionfm.cl\/wp-content\/uploads\/2021\/06\/IMG-20210529-WA0007-1-1-1030x476.jpg 1030w, https:\/\/radiorevelacionfm.cl\/wp-content\/uploads\/2021\/06\/IMG-20210529-WA0007-1-1-768x355.jpg 768w, https:\/\/radiorevelacionfm.cl\/wp-content\/uploads\/2021\/06\/IMG-20210529-WA0007-1-1-705x325.jpg 705w, https:\/\/radiorevelacionfm.cl\/wp-content\/uploads\/2021\/06\/IMG-20210529-WA0007-1-1-600x277.jpg 600w\" sizes=\"(max-width: 1278px) 100vw, 1278px\" \/><\/div><\/div><\/div><\/div><div class=\"flex_column av_one_full  flex_column_div av-zero-column-padding first  avia-builder-el-2  el_after_av_one_full  el_before_av_one_full  column-top-margin\" style='border-radius:0px; '><section class=\"av_textblock_section \"  itemscope=\"itemscope\" itemtype=\"https:\/\/schema.org\/BlogPosting\" itemprop=\"blogPost\" ><div class='avia_textblock  '   itemprop=\"text\" ><p style=\"text-align: center;\"><strong><span style=\"font-size: 18pt;\">Arriesgada maniobra realiz\u00f3 Carabineros de Ays\u00e9n en caudaloso r\u00edo para trasladar ayuda a solitario poblador del Sector Pangal Alto<\/span><\/strong><\/p>\n<div id=\"gtx-trans\" style=\"position: absolute; left: -50px; top: 4.31534px;\">\n<div class=\"gtx-trans-icon\"><\/div>\n<\/div>\n<\/div><\/section><\/div><div class=\"flex_column av_one_full  flex_column_div av-zero-column-padding first  avia-builder-el-4  el_after_av_one_full  el_before_av_hr  column-top-margin\" style='border-radius:0px; '><section class=\"av_textblock_section \"  itemscope=\"itemscope\" itemtype=\"https:\/\/schema.org\/BlogPosting\" itemprop=\"blogPost\" ><div class='avia_textblock  '   itemprop=\"text\" ><p class=\"v1MsoNormal\" style=\"text-align: justify;\"><span lang=\"ES-CL\">Carabineros de la Oficina de Integraci\u00f3n Comunitaria de dotaci\u00f3n de la Segunda Comisar\u00eda de Puerto Ays\u00e9n en su rol de comodidad p\u00fablica, realiz\u00f3 acercamiento con solitario adulto mayor -quien se encuentra aislado producto de la crecida del r\u00edo Pangal- tras lo cual el personal gestion\u00f3 ayuda con la Gobernaci\u00f3n Provincial de Ays\u00e9n, trasladando v\u00edveres e insumos b\u00e1sicos.<\/span><\/p>\n<p class=\"v1MsoNormal\" style=\"text-align: justify;\"><span lang=\"ES-CL\">Tras las intensas precipitaciones registradas en la zona en los \u00faltimos d\u00edas, y dada las complejidades del sector, el personal concurri\u00f3 hasta el sector rural Pangal Alto, ubicado a la altura del km. 13 \u00abCascada del Le\u00f3n\u00bb distante a 22 km de Puerto Ays\u00e9n.<\/span><\/p>\n<p class=\"v1MsoNormal\" style=\"text-align: justify;\"><b><span lang=\"ES-CL\">Aislamiento y sin suministros<\/span><\/b><\/p>\n<p class=\"v1MsoNormal\" style=\"text-align: justify;\"><span lang=\"ES-CL\">Una vez en el lugar, el Suboficial Mayor Renato Orellana Novoa, Jefe de la Oficina Comunitaria junto a los carabineros Hans Rebolledo Castro e Ignacio Carrasco Barr\u00eda, concurrieron primeramente al sector con la finalidad de verificar el estado de salud del adulto mayor, toda vez que reside solo al otro lado del r\u00edo en el fundo Santa Felicinda.<\/span><\/p>\n<p class=\"v1MsoNormal\" style=\"text-align: justify;\"><span lang=\"ES-CL\">Al llegar al lugar, el personal se percat\u00f3 que el vecino se encontraba aislado, mientras intentaba sacar el agua y realizar reparaciones a una balsa improvisada y labrada en el tronco de un \u00e1rbol, con la cual pretend\u00eda cruzar el caudaloso r\u00edo Pangal para ir en busca de alimentos.<\/span><\/p>\n<p class=\"v1MsoNormal\" style=\"text-align: justify;\"><span lang=\"ES-CL\">Carabineros le sugiri\u00f3 permanecer en el lugar y evitar un hecho lamentable, producto de la fuerte crecida.<\/span><\/p>\n<p class=\"v1MsoNormal\" style=\"text-align: justify;\"><span lang=\"ES-CL\">Tras las consultas, el adulto mayor indic\u00f3 a viva voz desde la otra ribera, que no le quedaban alimentos, solicitando ayuda para conseguir algo de harina, tras lo cual Carabineros se comprometi\u00f3 a realizar a la brevedad las gestiones con la Gobernaci\u00f3n Provincial de Ays\u00e9n, exponer la situaci\u00f3n e ir en su ayuda.<\/span><\/p>\n<p class=\"v1MsoNormal\" style=\"text-align: justify;\"><b><span lang=\"ES-CL\">Gestionan ayuda<\/span><\/b><\/p>\n<p class=\"v1MsoNormal\" style=\"text-align: justify;\"><span lang=\"ES-CL\">Dicha situaci\u00f3n tuvo inmediata acogida por parte de la autoridad y la encargada del Departamento Asistencial, quienes hicieron entrega de cajas de alimentos, vestuario, ropa de cama y alimentos para mascota.<\/span><\/p>\n<p class=\"v1MsoNormal\" style=\"text-align: justify;\"><span lang=\"ES-CL\">Con apoyo de un vecino, quien cooper\u00f3 en el traslado de la ayuda y tras llamar a viva voz al adulto mayor y -aprovechando una leve baja en el caudal- el Suboficial Mayor Renato Orellana realiz\u00f3 el cruce el r\u00edo pendiendo desde una cuerda que hab\u00eda sido instalada el a\u00f1o pasado, logrado encontrar al solitario poblador \u2013en buen estado de salud- a un kil\u00f3metro desde su vivienda mientras realizaba tareas de recolecci\u00f3n de le\u00f1a para abrigo y calefacci\u00f3n, con la finalidad paliar las bajas temperaturas que afectan la zona.<\/span><\/p>\n<p class=\"v1MsoNormal\" style=\"text-align: justify;\"><span lang=\"ES-CL\">El a\u00f1o 2020, Carabineros en un arduo esfuerzo con apoyo de los m\u00fasicos de la Banda Instrumental, en un arduo esfuerzo traslad\u00f3 \u2013a trav\u00e9s de pantanos- la vivienda desarmada en paneles, siendo armada en el sector.<\/span><\/p>\n<p style=\"text-align: justify;\"><span lang=\"ES-CL\">Tras hacer entrega de los alimentos y v\u00edveres, el lugare\u00f1o agradeci\u00f3 el aporte efectuado por la Gobernaci\u00f3n de Ays\u00e9n as\u00ed como las gestiones efectuadas por Carabineros, logrando cruzar la ayuda en una panga lo cual signific\u00f3 la soluci\u00f3n a sus necesidades b\u00e1sicas por los pr\u00f3ximos dos meses, pudiendo estar mejor preparado para enfrentar el fr\u00edo y la lluvia propias del duro y crudo invierno de la Patagonia chilena.\u00a0<\/span><\/p>\n<\/div><\/section><\/div><div  style='height:50px' class='hr hr-invisible   avia-builder-el-6  el_after_av_one_full  el_before_av_social_share '><span class='hr-inner ' ><span class='hr-inner-style'><\/span><\/span><\/div><\/p>\n<div  class='av-social-sharing-box  avia-builder-el-7  el_after_av_hr  el_before_av_hr  '><div class='av-share-box'><h5 class='av-share-link-description av-no-toc '>Compartir esta noticia<\/h5><ul class='av-share-box-list noLightbox'><li class='av-share-link av-social-link-facebook' ><a target=\"_blank\" aria-label=\"Compartir en Facebook\" href='https:\/\/www.facebook.com\/sharer.php?u=https:\/\/radiorevelacionfm.cl\/?p=5102&#038;t=Arriesgada%20maniobra%20realiz%C3%B3%20Carabineros%20de%20Ays%C3%A9n%20en%20caudaloso%20r%C3%ADo%20para%20trasladar%20ayuda%20a%20solitario%20poblador%20del%20Sector%20Pangal%20Alto' aria-hidden='false' data-av_icon='\ue8f3' data-av_iconfont='entypo-fontello' title='' data-avia-related-tooltip='Compartir en Facebook' rel=\"noopener\"><span class='avia_hidden_link_text'>Compartir en Facebook<\/span><\/a><\/li><li class='av-share-link av-social-link-twitter' ><a target=\"_blank\" aria-label=\"Compartir en Twitter\" href='https:\/\/twitter.com\/share?text=Arriesgada%20maniobra%20realiz%C3%B3%20Carabineros%20de%20Ays%C3%A9n%20en%20caudaloso%20r%C3%ADo%20para%20trasladar%20ayuda%20a%20solitario%20poblador%20del%20Sector%20Pangal%20Alto&#038;url=https:\/\/radiorevelacionfm.cl\/?p=5102' aria-hidden='false' data-av_icon='\ue8f1' data-av_iconfont='entypo-fontello' title='' data-avia-related-tooltip='Compartir en Twitter' rel=\"noopener\"><span class='avia_hidden_link_text'>Compartir en Twitter<\/span><\/a><\/li><li class='av-share-link av-social-link-whatsapp' ><a target=\"_blank\" aria-label=\"Compartir en Whatsapp\" href='https:\/\/api.whatsapp.com\/send?text=https:\/\/radiorevelacionfm.cl\/?p=5102' aria-hidden='false' data-av_icon='\uf232' data-av_iconfont='entypo-fontello' title='' data-avia-related-tooltip='Compartir en Whatsapp' rel=\"noopener\"><span class='avia_hidden_link_text'>Compartir en Whatsapp<\/span><\/a><\/li><li class='av-share-link av-social-link-linkedin' ><a target=\"_blank\" aria-label=\"Compartir en LinkedIn\" href='https:\/\/linkedin.com\/shareArticle?mini=true&#038;title=Arriesgada%20maniobra%20realiz%C3%B3%20Carabineros%20de%20Ays%C3%A9n%20en%20caudaloso%20r%C3%ADo%20para%20trasladar%20ayuda%20a%20solitario%20poblador%20del%20Sector%20Pangal%20Alto&#038;url=https:\/\/radiorevelacionfm.cl\/?p=5102' aria-hidden='false' data-av_icon='\ue8fc' data-av_iconfont='entypo-fontello' title='' data-avia-related-tooltip='Compartir en LinkedIn' rel=\"noopener\"><span class='avia_hidden_link_text'>Compartir en LinkedIn<\/span><\/a><\/li><li class='av-share-link av-social-link-mail' ><a  aria-label=\"Compartir por correo\" href='mailto:?subject=Arriesgada%20maniobra%20realiz%C3%B3%20Carabineros%20de%20Ays%C3%A9n%20en%20caudaloso%20r%C3%ADo%20para%20trasladar%20ayuda%20a%20solitario%20poblador%20del%20Sector%20Pangal%20Alto&#038;body=https:\/\/radiorevelacionfm.cl\/?p=5102' aria-hidden='false' data-av_icon='\ue805' data-av_iconfont='entypo-fontello' title='' data-avia-related-tooltip='Compartir por correo'><span class='avia_hidden_link_text'>Compartir por correo<\/span><\/a><\/li><\/ul><\/div><\/div>\n<div  style='height:50px' class='hr hr-invisible   avia-builder-el-8  el_after_av_social_share  el_before_av_comments_list '><span class='hr-inner ' ><span class='hr-inner-style'><\/span><\/span><\/div>\n<div  class='av-buildercomment  av-blog-meta-html-info-disabled av-blog-meta-tag-disabled  '><\/div>\n","protected":false},"excerpt":{"rendered":"","protected":false},"author":1,"featured_media":5103,"comment_status":"open","ping_status":"open","sticky":false,"template":"","format":"standard","meta":{"footnotes":""},"categories":[36],"tags":[],"class_list":["post-5102","post","type-post","status-publish","format-standard","has-post-thumbnail","hentry","category-policial"],"jetpack_featured_media_url":"https:\/\/radiorevelacionfm.cl\/wp-content\/uploads\/2021\/06\/IMG-20210529-WA0007-1-1.jpg","_links":{"self":[{"href":"https:\/\/radiorevelacionfm.cl\/index.php?rest_route=\/wp\/v2\/posts\/5102","targetHints":{"allow":["GET"]}}],"collection":[{"href":"https:\/\/radiorevelacionfm.cl\/index.php?rest_route=\/wp\/v2\/posts"}],"about":[{"href":"https:\/\/radiorevelacionfm.cl\/index.php?rest_route=\/wp\/v2\/types\/post"}],"author":[{"embeddable":true,"href":"https:\/\/radiorevelacionfm.cl\/index.php?rest_route=\/wp\/v2\/users\/1"}],"replies":[{"embeddable":true,"href":"https:\/\/radiorevelacionfm.cl\/index.php?rest_route=%2Fwp%2Fv2%2Fcomments&post=5102"}],"version-history":[{"count":1,"href":"https:\/\/radiorevelacionfm.cl\/index.php?rest_route=\/wp\/v2\/posts\/5102\/revisions"}],"predecessor-version":[{"id":5104,"href":"https:\/\/radiorevelacionfm.cl\/index.php?rest_route=\/wp\/v2\/posts\/5102\/revisions\/5104"}],"wp:featuredmedia":[{"embeddable":true,"href":"https:\/\/radiorevelacionfm.cl\/index.php?rest_route=\/wp\/v2\/media\/5103"}],"wp:attachment":[{"href":"https:\/\/radiorevelacionfm.cl\/index.php?rest_route=%2Fwp%2Fv2%2Fmedia&parent=5102"}],"wp:term":[{"taxonomy":"category","embeddable":true,"href":"https:\/\/radiorevelacionfm.cl\/index.php?rest_route=%2Fwp%2Fv2%2Fcategories&post=5102"},{"taxonomy":"post_tag","embeddable":true,"href":"https:\/\/radiorevelacionfm.cl\/index.php?rest_route=%2Fwp%2Fv2%2Ftags&post=5102"}],"curies":[{"name":"wp","href":"https:\/\/api.w.org\/{rel}","templated":true}]}}