{"id":51018,"date":"2025-03-02T20:06:12","date_gmt":"2025-03-02T23:06:12","guid":{"rendered":"https:\/\/radiorevelacionfm.cl\/?p=51018"},"modified":"2025-03-02T20:06:12","modified_gmt":"2025-03-02T23:06:12","slug":"escuela-de-formacion-social-segegob-senapred-capacitan-a-familias-y-comunidades-ante-desastres-emergencias-y-catastrofes","status":"publish","type":"post","link":"https:\/\/radiorevelacionfm.cl\/?p=51018","title":{"rendered":"Escuela de Formaci\u00f3n Social Segegob-Senapred: capacitan a familias y comunidades ante desastres, emergencias y cat\u00e1strofes"},"content":{"rendered":"<div class=\"flex_column av_one_full  flex_column_div av-zero-column-padding first  avia-builder-el-0  el_before_av_one_full  avia-builder-el-first  \" style='border-radius:0px; '><div  class='avia-image-container  av-styling-    avia-builder-el-1  avia-builder-el-no-sibling  avia-align-center '  itemprop=\"image\" itemscope=\"itemscope\" itemtype=\"https:\/\/schema.org\/ImageObject\"  ><div class='avia-image-container-inner'><div class='avia-image-overlay-wrap'><img decoding=\"async\" class='wp-image-51019 avia-img-lazy-loading-not-51019 avia_image' src=\"https:\/\/radiorevelacionfm.cl\/wp-content\/uploads\/2025\/03\/escuela2-1-1.jpeg\" alt='' title='escuela2 (1) (1)' height=\"600\" width=\"800\"  itemprop=\"thumbnailUrl\" srcset=\"https:\/\/radiorevelacionfm.cl\/wp-content\/uploads\/2025\/03\/escuela2-1-1.jpeg 800w, https:\/\/radiorevelacionfm.cl\/wp-content\/uploads\/2025\/03\/escuela2-1-1-300x225.jpeg 300w, https:\/\/radiorevelacionfm.cl\/wp-content\/uploads\/2025\/03\/escuela2-1-1-768x576.jpeg 768w, https:\/\/radiorevelacionfm.cl\/wp-content\/uploads\/2025\/03\/escuela2-1-1-705x529.jpeg 705w, https:\/\/radiorevelacionfm.cl\/wp-content\/uploads\/2025\/03\/escuela2-1-1-450x338.jpeg 450w, https:\/\/radiorevelacionfm.cl\/wp-content\/uploads\/2025\/03\/escuela2-1-1-600x450.jpeg 600w\" sizes=\"(max-width: 800px) 100vw, 800px\" \/><\/div><\/div><\/div><\/div><div class=\"flex_column av_one_full  flex_column_div av-zero-column-padding first  avia-builder-el-2  el_after_av_one_full  el_before_av_one_full  column-top-margin\" style='border-radius:0px; '><section class=\"av_textblock_section \"  itemscope=\"itemscope\" itemtype=\"https:\/\/schema.org\/BlogPosting\" itemprop=\"blogPost\" ><div class='avia_textblock  '   itemprop=\"text\" ><p style=\"text-align: center;\"><span style=\"font-size: 18pt;\"><strong>Escuela de Formaci\u00f3n Social Segegob-Senapred: capacitan a familias y comunidades ante desastres, emergencias y cat\u00e1strofes<\/strong><\/span><\/p>\n<div id=\"gtx-trans\" style=\"position: absolute; left: -50px; top: 4.31534px;\">\n<div class=\"gtx-trans-icon\"><\/div>\n<\/div>\n<\/div><\/section><\/div><div class=\"flex_column av_one_full  flex_column_div av-zero-column-padding first  avia-builder-el-4  el_after_av_one_full  el_before_av_hr  column-top-margin\" style='border-radius:0px; '><section class=\"av_textblock_section \"  itemscope=\"itemscope\" itemtype=\"https:\/\/schema.org\/BlogPosting\" itemprop=\"blogPost\" ><div class='avia_textblock  '   itemprop=\"text\" ><p style=\"text-align: justify;\">El viernes 28 de febrero, en la sede de la Junta de Vecinos Los \u00c1lamos de Coyhaique, se realiz\u00f3 una interesante Escuela de Formaci\u00f3n Social organizada por la Divisi\u00f3n de Organizaciones Sociales (DOS) junto al Servicio Nacional de Prevenci\u00f3n y Respuesta ante Desastres (Senapred) de la regi\u00f3n de Ays\u00e9n, cuyo m\u00f3dulo fue: Familias Preparadas.<\/p>\n<p style=\"text-align: justify;\">La seremi de Gobierno, \u00darsula Mix, dio la bienvenida a los participantes, quienes se mostraron muy interesados en el contenido de la capacitaci\u00f3n: \u201cPara nosotros es relevante poder entregar herramientas concretas para preparar a nuestra comunidad en distintas tem\u00e1ticas. El d\u00eda de hoy estuvimos compartiendo la escuela de Familias Preparadas, que entrega conocimientos para situaciones de emergencia, que es un conocimiento que es fundamental para poder enfrentar este tipo de situaciones que se pueden presentar en cualquier momento, en cualquier lugar, y la idea es que la comunidad tenga conocimiento y est\u00e9n preparados como familia\u201d.<\/p>\n<p style=\"text-align: justify;\">La tem\u00e1tica de esta escuela de formaci\u00f3n estuvo centrada en la prevenci\u00f3n y seguridad ante desastres y cat\u00e1strofes en nuestra regi\u00f3n y c\u00f3mo estar prevenidos y poder anticiparse ante una emergencia, tanto dentro de las \u00a0familias como al interior de las comunidades, casas y poblaciones.<\/p>\n<p style=\"text-align: justify;\">Carlos Ureta, profesional de SENAPRED, quien dict\u00f3 la capacitaci\u00f3n destac\u00f3: \u201cEl d\u00eda de hoy fuimos invitados, junto con la seremi de Gobierno, a realizar un taller Familias Preparadas. B\u00e1sicamente se trata de que en ocho pasos poder entregarle informaci\u00f3n a nuestras vecinas, a nuestros vecinos, para que puedan identificar los riesgos que tienen dentro de su hogar y en el entorno inmediato, poder definir roles, funciones y saber qu\u00e9 hacer ante una situaci\u00f3n compleja dom\u00e9stica, para que ojal\u00e1 no se produzca y poder entregarles recomendaciones\u201d.<\/p>\n<p style=\"text-align: justify;\">En la actividad vecinos y vecinas del sector aprendieron a c\u00f3mo actuar frente a una situaci\u00f3n de cat\u00e1strofe, c\u00f3mo armar un kit de emergencia y c\u00f3mo crear un plan familiar para hacer frente a situaciones de peligro o alerta.<\/p>\n<p style=\"text-align: justify;\">Mar\u00eda San Mart\u00edn, presidenta de la Agrupaci\u00f3n de Adultos Mayores \u201cMarcela Paz\u201d de la Junta de Vecinos Los \u00c1lamos de Coyhaique, indic\u00f3: \u201cDe todas maneras, saber qu\u00e9 es lo que tienes qu\u00e9 hacer, ad\u00f3nde tienes que ir, a qui\u00e9n llamar, que la mayor\u00eda de nosotros no sabe, eso es bueno que sea recalcado porque ya somos viejos y se nos olvida r\u00e1pido\u201d.<\/p>\n<p style=\"text-align: justify;\">La Secretaria Regional Ministerial de Gobierno se\u00f1al\u00f3 que es un compromiso de Gobierno seguir haciendo escuelas de formaci\u00f3n para las organizaciones sociales, y que se contar\u00e1 con una agenda que contempla la realizaci\u00f3n de escuelas de formaci\u00f3n, no solamente en la capital regional, sino tambi\u00e9n en las cuatro capitales provinciales de nuestra regi\u00f3n.<\/p>\n<\/div><\/section><\/div><div  style='height:50px' class='hr hr-invisible   avia-builder-el-6  el_after_av_one_full  el_before_av_social_share '><span class='hr-inner ' ><span class='hr-inner-style'><\/span><\/span><\/div><\/p>\n<div  class='av-social-sharing-box  avia-builder-el-7  el_after_av_hr  el_before_av_hr  '><div class='av-share-box'><h5 class='av-share-link-description av-no-toc '>Compartir esta noticia<\/h5><ul class='av-share-box-list noLightbox'><li class='av-share-link av-social-link-facebook' ><a target=\"_blank\" aria-label=\"Compartir en Facebook\" href='https:\/\/www.facebook.com\/sharer.php?u=https:\/\/radiorevelacionfm.cl\/?p=51018&#038;t=Escuela%20de%20Formaci%C3%B3n%20Social%20Segegob-Senapred%3A%20capacitan%20a%20familias%20y%20comunidades%20ante%20desastres%2C%20emergencias%20y%20cat%C3%A1strofes' aria-hidden='false' data-av_icon='\ue8f3' data-av_iconfont='entypo-fontello' title='' data-avia-related-tooltip='Compartir en Facebook' rel=\"noopener\"><span class='avia_hidden_link_text'>Compartir en Facebook<\/span><\/a><\/li><li class='av-share-link av-social-link-twitter' ><a target=\"_blank\" aria-label=\"Compartir en Twitter\" href='https:\/\/twitter.com\/share?text=Escuela%20de%20Formaci%C3%B3n%20Social%20Segegob-Senapred%3A%20capacitan%20a%20familias%20y%20comunidades%20ante%20desastres%2C%20emergencias%20y%20cat%C3%A1strofes&#038;url=https:\/\/radiorevelacionfm.cl\/?p=51018' aria-hidden='false' data-av_icon='\ue8f1' data-av_iconfont='entypo-fontello' title='' data-avia-related-tooltip='Compartir en Twitter' rel=\"noopener\"><span class='avia_hidden_link_text'>Compartir en Twitter<\/span><\/a><\/li><li class='av-share-link av-social-link-whatsapp' ><a target=\"_blank\" aria-label=\"Compartir en Whatsapp\" href='https:\/\/api.whatsapp.com\/send?text=https:\/\/radiorevelacionfm.cl\/?p=51018' aria-hidden='false' data-av_icon='\uf232' data-av_iconfont='entypo-fontello' title='' data-avia-related-tooltip='Compartir en Whatsapp' rel=\"noopener\"><span class='avia_hidden_link_text'>Compartir en Whatsapp<\/span><\/a><\/li><li class='av-share-link av-social-link-linkedin' ><a target=\"_blank\" aria-label=\"Compartir en LinkedIn\" href='https:\/\/linkedin.com\/shareArticle?mini=true&#038;title=Escuela%20de%20Formaci%C3%B3n%20Social%20Segegob-Senapred%3A%20capacitan%20a%20familias%20y%20comunidades%20ante%20desastres%2C%20emergencias%20y%20cat%C3%A1strofes&#038;url=https:\/\/radiorevelacionfm.cl\/?p=51018' aria-hidden='false' data-av_icon='\ue8fc' data-av_iconfont='entypo-fontello' title='' data-avia-related-tooltip='Compartir en LinkedIn' rel=\"noopener\"><span class='avia_hidden_link_text'>Compartir en LinkedIn<\/span><\/a><\/li><li class='av-share-link av-social-link-mail' ><a  aria-label=\"Compartir por correo\" href='mailto:?subject=Escuela%20de%20Formaci%C3%B3n%20Social%20Segegob-Senapred%3A%20capacitan%20a%20familias%20y%20comunidades%20ante%20desastres%2C%20emergencias%20y%20cat%C3%A1strofes&#038;body=https:\/\/radiorevelacionfm.cl\/?p=51018' aria-hidden='false' data-av_icon='\ue805' data-av_iconfont='entypo-fontello' title='' data-avia-related-tooltip='Compartir por correo'><span class='avia_hidden_link_text'>Compartir por correo<\/span><\/a><\/li><\/ul><\/div><\/div>\n<div  style='height:50px' class='hr hr-invisible   avia-builder-el-8  el_after_av_social_share  el_before_av_comments_list '><span class='hr-inner ' ><span class='hr-inner-style'><\/span><\/span><\/div>\n<div  class='av-buildercomment  av-blog-meta-html-info-disabled av-blog-meta-tag-disabled  '><\/div>\n","protected":false},"excerpt":{"rendered":"","protected":false},"author":1,"featured_media":51019,"comment_status":"open","ping_status":"open","sticky":false,"template":"","format":"standard","meta":{"footnotes":""},"categories":[38],"tags":[],"class_list":["post-51018","post","type-post","status-publish","format-standard","has-post-thumbnail","hentry","category-regional"],"jetpack_featured_media_url":"https:\/\/radiorevelacionfm.cl\/wp-content\/uploads\/2025\/03\/escuela2-1-1.jpeg","_links":{"self":[{"href":"https:\/\/radiorevelacionfm.cl\/index.php?rest_route=\/wp\/v2\/posts\/51018","targetHints":{"allow":["GET"]}}],"collection":[{"href":"https:\/\/radiorevelacionfm.cl\/index.php?rest_route=\/wp\/v2\/posts"}],"about":[{"href":"https:\/\/radiorevelacionfm.cl\/index.php?rest_route=\/wp\/v2\/types\/post"}],"author":[{"embeddable":true,"href":"https:\/\/radiorevelacionfm.cl\/index.php?rest_route=\/wp\/v2\/users\/1"}],"replies":[{"embeddable":true,"href":"https:\/\/radiorevelacionfm.cl\/index.php?rest_route=%2Fwp%2Fv2%2Fcomments&post=51018"}],"version-history":[{"count":1,"href":"https:\/\/radiorevelacionfm.cl\/index.php?rest_route=\/wp\/v2\/posts\/51018\/revisions"}],"predecessor-version":[{"id":51020,"href":"https:\/\/radiorevelacionfm.cl\/index.php?rest_route=\/wp\/v2\/posts\/51018\/revisions\/51020"}],"wp:featuredmedia":[{"embeddable":true,"href":"https:\/\/radiorevelacionfm.cl\/index.php?rest_route=\/wp\/v2\/media\/51019"}],"wp:attachment":[{"href":"https:\/\/radiorevelacionfm.cl\/index.php?rest_route=%2Fwp%2Fv2%2Fmedia&parent=51018"}],"wp:term":[{"taxonomy":"category","embeddable":true,"href":"https:\/\/radiorevelacionfm.cl\/index.php?rest_route=%2Fwp%2Fv2%2Fcategories&post=51018"},{"taxonomy":"post_tag","embeddable":true,"href":"https:\/\/radiorevelacionfm.cl\/index.php?rest_route=%2Fwp%2Fv2%2Ftags&post=51018"}],"curies":[{"name":"wp","href":"https:\/\/api.w.org\/{rel}","templated":true}]}}