{"id":51015,"date":"2025-03-02T15:30:23","date_gmt":"2025-03-02T18:30:23","guid":{"rendered":"https:\/\/radiorevelacionfm.cl\/?p=51015"},"modified":"2025-03-02T15:30:23","modified_gmt":"2025-03-02T18:30:23","slug":"aysen-patagonia-se-consolida-como-uno-de-los-destinos-favoritos-de-los-turistas-a-nivel-nacional","status":"publish","type":"post","link":"https:\/\/radiorevelacionfm.cl\/?p=51015","title":{"rendered":"Ays\u00e9n Patagonia se consolida como uno de los destinos favoritos de los turistas a nivel nacional"},"content":{"rendered":"<div class=\"flex_column av_one_full  flex_column_div av-zero-column-padding first  avia-builder-el-0  el_before_av_one_full  avia-builder-el-first  \" style='border-radius:0px; '><div  class='avia-image-container  av-styling-    avia-builder-el-1  avia-builder-el-no-sibling  avia-align-center '  itemprop=\"image\" itemscope=\"itemscope\" itemtype=\"https:\/\/schema.org\/ImageObject\"  ><div class='avia-image-container-inner'><div class='avia-image-overlay-wrap'><img decoding=\"async\" class='wp-image-51016 avia-img-lazy-loading-not-51016 avia_image' src=\"https:\/\/radiorevelacionfm.cl\/wp-content\/uploads\/2025\/03\/aysenpatagonia3-1_optimized-1.jpg\" alt='' title='aysenpatagonia3-(1)_optimized (1)' height=\"600\" width=\"1068\"  itemprop=\"thumbnailUrl\" srcset=\"https:\/\/radiorevelacionfm.cl\/wp-content\/uploads\/2025\/03\/aysenpatagonia3-1_optimized-1.jpg 1068w, https:\/\/radiorevelacionfm.cl\/wp-content\/uploads\/2025\/03\/aysenpatagonia3-1_optimized-1-300x169.jpg 300w, https:\/\/radiorevelacionfm.cl\/wp-content\/uploads\/2025\/03\/aysenpatagonia3-1_optimized-1-1030x579.jpg 1030w, https:\/\/radiorevelacionfm.cl\/wp-content\/uploads\/2025\/03\/aysenpatagonia3-1_optimized-1-768x431.jpg 768w, https:\/\/radiorevelacionfm.cl\/wp-content\/uploads\/2025\/03\/aysenpatagonia3-1_optimized-1-705x396.jpg 705w, https:\/\/radiorevelacionfm.cl\/wp-content\/uploads\/2025\/03\/aysenpatagonia3-1_optimized-1-450x253.jpg 450w, https:\/\/radiorevelacionfm.cl\/wp-content\/uploads\/2025\/03\/aysenpatagonia3-1_optimized-1-600x337.jpg 600w\" sizes=\"(max-width: 1068px) 100vw, 1068px\" \/><\/div><\/div><\/div><\/div><div class=\"flex_column av_one_full  flex_column_div av-zero-column-padding first  avia-builder-el-2  el_after_av_one_full  el_before_av_one_full  column-top-margin\" style='border-radius:0px; '><section class=\"av_textblock_section \"  itemscope=\"itemscope\" itemtype=\"https:\/\/schema.org\/BlogPosting\" itemprop=\"blogPost\" ><div class='avia_textblock  '   itemprop=\"text\" ><p style=\"text-align: center;\"><strong><span style=\"font-size: 18pt;\">Ays\u00e9n Patagonia se consolida como uno de los destinos favoritos de los turistas a nivel nacional<\/span><\/strong><\/p>\n<div id=\"gtx-trans\" style=\"position: absolute; left: -50px; top: 4.31534px;\">\n<div class=\"gtx-trans-icon\"><\/div>\n<\/div>\n<\/div><\/section><\/div><div class=\"flex_column av_one_full  flex_column_div av-zero-column-padding first  avia-builder-el-4  el_after_av_one_full  el_before_av_hr  column-top-margin\" style='border-radius:0px; '><section class=\"av_textblock_section \"  itemscope=\"itemscope\" itemtype=\"https:\/\/schema.org\/BlogPosting\" itemprop=\"blogPost\" ><div class='avia_textblock  '   itemprop=\"text\" ><p style=\"text-align: justify;\">Desde el lunes 10 al s\u00e1bado 15 de febrero, el Servicio Nacional de Turismo evalu\u00f3 53 destinos tur\u00edsticos a nivel nacional, destacando nuevamente la regi\u00f3n de Ays\u00e9n como uno de los destinos con ocupabilidad tur\u00edstica m\u00e1s altas del pa\u00eds.<\/p>\n<p style=\"text-align: justify;\">El sondeo realizado por el Servicio Nacional de Turismo (Sernatur) arroj\u00f3 una tasa de ocupabilidad en establecimientos de alojamientos tur\u00edsticos de un 69,9% en los 53 destinos medidos en la segunda semana de febrero. En este per\u00edodo se aplic\u00f3 la encuesta a un total de 2.017 empresas en todo el pa\u00eds. En comparaci\u00f3n con el mismo periodo del a\u00f1o 2024, se observ\u00f3 un aumento de un 4,1% puntos porcentuales.<\/p>\n<p style=\"text-align: justify;\">Al igual que en el pasado mes de enero, la regi\u00f3n de Ays\u00e9n nuevamente mostr\u00f3 un desempe\u00f1o sobresaliente en materia de ocupabilidad hotelera a nivel nacional, con una tasa promedio regional de un 82%, donde se destacan nuevamente las ciudades de Puerto Ays\u00e9n y Coyhaique con una tasa de ocupabilidad de un 84,8%. Por otro lado, y tambi\u00e9n con tasas por sobre el promedio nacional, los otros destinos regionales medidos en la encuesta de Sernatur obtuvieron los siguientes resultados: Provincia de Los Glaciares (81,9%), Ays\u00e9n Patagonia Queulat (81,5%) y Chelenko (80,0%).<\/p>\n<p style=\"text-align: justify;\">Por otra parte, los resultados de los destinos regionales del mes de febrero de 2025, tambi\u00e9n aumentaron en comparaci\u00f3n con la temporada del verano anterior. En particular, el destino Ays\u00e9n Patagonia \u2013 Queulat fue el que present\u00f3 una mayor alza con un aumento de un 6%, mientras que el eje Coyhaique-Puerto Ays\u00e9n se anot\u00f3 un aumento del 4,2% y Chelenko con un aumento del 3,6%, en comparaci\u00f3n con febrero del 2024.<\/p>\n<p style=\"text-align: justify;\">El estudio de Sernatur contempl\u00f3 una muestra regional de 168 empresas de alojamiento tur\u00edstico distribuidas a lo largo de toda la regi\u00f3n, incluyendo este a\u00f1o por primera vez, empresas tur\u00edstica de la Provincia de Los Glaciares.<\/p>\n<p style=\"text-align: justify;\">Respecto a estos resultados, el director regional de Sernatur, Claudio Montecinos, se\u00f1al\u00f3: \u00abEstos indicadores dan cuenta de una temporada de verano muy buena en t\u00e9rminos de visitas de turistas a nuestro destino Ays\u00e9n Patagonia. Son n\u00fameros muy positivos que nos permiten proyectar una consolidaci\u00f3n de la recuperaci\u00f3n del turismo en nuestro pa\u00eds y en particular en nuestra regi\u00f3n\u201d.<\/p>\n<p style=\"text-align: justify;\">Adicionalmente, el director regional de Sernatur destac\u00f3 el trabajo que se est\u00e1 realizando en materia de posicionamiento de la regi\u00f3n de Ays\u00e9n como un destino tur\u00edstico competitivo a nivel nacional e internacional, \u201cDesde Sernatur Ays\u00e9n continuaremos con nuestra estrategia de promoci\u00f3n tur\u00edstica, retomada el 2023. Con el apoyo del Gobierno Regional y su Consejo, participaremos en ferias y ruedas de negocios junto al sector privado, mantendremos nuestra campa\u00f1a de difusi\u00f3n de destino y realizaremos eventos claves en nuestra regi\u00f3n. En septiembre, se llevar\u00e1 a cabo la rueda de negocios m\u00e1s importante de la Patagonia Chilena y Argentina, Expolagos. Adem\u00e1s, grandes eventos deportivos como Rally Mobil, Titan World Series y Patagonman los que generar\u00e1n un impacto en la actividad turistica, fortaleciendo nuestro posicionamiento como un destino de primer nivel\u201d.<\/p>\n<p style=\"text-align: justify;\">Para m\u00e1s informaci\u00f3n sobre las cifras de turismo del destino Ays\u00e9n Patagonia, visita www.estadisticas.aysenpatagonia.cl\u00a0 Para descargar el informe completo de la tasa de ocupabilidad en establecimientos de alojamiento tur\u00edstico elaborado por Sernatur, accede a www.sernatur.cl\/dataturismo<\/p>\n<\/div><\/section><\/div><div  style='height:50px' class='hr hr-invisible   avia-builder-el-6  el_after_av_one_full  el_before_av_social_share '><span class='hr-inner ' ><span class='hr-inner-style'><\/span><\/span><\/div><\/p>\n<div  class='av-social-sharing-box  avia-builder-el-7  el_after_av_hr  el_before_av_hr  '><div class='av-share-box'><h5 class='av-share-link-description av-no-toc '>Compartir esta noticia<\/h5><ul class='av-share-box-list noLightbox'><li class='av-share-link av-social-link-facebook' ><a target=\"_blank\" aria-label=\"Compartir en Facebook\" href='https:\/\/www.facebook.com\/sharer.php?u=https:\/\/radiorevelacionfm.cl\/?p=51015&#038;t=Ays%C3%A9n%20Patagonia%20se%20consolida%20como%20uno%20de%20los%20destinos%20favoritos%20de%20los%20turistas%20a%20nivel%20nacional' aria-hidden='false' data-av_icon='\ue8f3' data-av_iconfont='entypo-fontello' title='' data-avia-related-tooltip='Compartir en Facebook' rel=\"noopener\"><span class='avia_hidden_link_text'>Compartir en Facebook<\/span><\/a><\/li><li class='av-share-link av-social-link-twitter' ><a target=\"_blank\" aria-label=\"Compartir en Twitter\" href='https:\/\/twitter.com\/share?text=Ays%C3%A9n%20Patagonia%20se%20consolida%20como%20uno%20de%20los%20destinos%20favoritos%20de%20los%20turistas%20a%20nivel%20nacional&#038;url=https:\/\/radiorevelacionfm.cl\/?p=51015' aria-hidden='false' data-av_icon='\ue8f1' data-av_iconfont='entypo-fontello' title='' data-avia-related-tooltip='Compartir en Twitter' rel=\"noopener\"><span class='avia_hidden_link_text'>Compartir en Twitter<\/span><\/a><\/li><li class='av-share-link av-social-link-whatsapp' ><a target=\"_blank\" aria-label=\"Compartir en Whatsapp\" href='https:\/\/api.whatsapp.com\/send?text=https:\/\/radiorevelacionfm.cl\/?p=51015' aria-hidden='false' data-av_icon='\uf232' data-av_iconfont='entypo-fontello' title='' data-avia-related-tooltip='Compartir en Whatsapp' rel=\"noopener\"><span class='avia_hidden_link_text'>Compartir en Whatsapp<\/span><\/a><\/li><li class='av-share-link av-social-link-linkedin' ><a target=\"_blank\" aria-label=\"Compartir en LinkedIn\" href='https:\/\/linkedin.com\/shareArticle?mini=true&#038;title=Ays%C3%A9n%20Patagonia%20se%20consolida%20como%20uno%20de%20los%20destinos%20favoritos%20de%20los%20turistas%20a%20nivel%20nacional&#038;url=https:\/\/radiorevelacionfm.cl\/?p=51015' aria-hidden='false' data-av_icon='\ue8fc' data-av_iconfont='entypo-fontello' title='' data-avia-related-tooltip='Compartir en LinkedIn' rel=\"noopener\"><span class='avia_hidden_link_text'>Compartir en LinkedIn<\/span><\/a><\/li><li class='av-share-link av-social-link-mail' ><a  aria-label=\"Compartir por correo\" href='mailto:?subject=Ays%C3%A9n%20Patagonia%20se%20consolida%20como%20uno%20de%20los%20destinos%20favoritos%20de%20los%20turistas%20a%20nivel%20nacional&#038;body=https:\/\/radiorevelacionfm.cl\/?p=51015' aria-hidden='false' data-av_icon='\ue805' data-av_iconfont='entypo-fontello' title='' data-avia-related-tooltip='Compartir por correo'><span class='avia_hidden_link_text'>Compartir por correo<\/span><\/a><\/li><\/ul><\/div><\/div>\n<div  style='height:50px' class='hr hr-invisible   avia-builder-el-8  el_after_av_social_share  el_before_av_comments_list '><span class='hr-inner ' ><span class='hr-inner-style'><\/span><\/span><\/div>\n<div  class='av-buildercomment  av-blog-meta-html-info-disabled av-blog-meta-tag-disabled  '><\/div>\n","protected":false},"excerpt":{"rendered":"","protected":false},"author":1,"featured_media":51016,"comment_status":"open","ping_status":"open","sticky":false,"template":"","format":"standard","meta":{"footnotes":""},"categories":[54],"tags":[],"class_list":["post-51015","post","type-post","status-publish","format-standard","has-post-thumbnail","hentry","category-turismo"],"jetpack_featured_media_url":"https:\/\/radiorevelacionfm.cl\/wp-content\/uploads\/2025\/03\/aysenpatagonia3-1_optimized-1.jpg","_links":{"self":[{"href":"https:\/\/radiorevelacionfm.cl\/index.php?rest_route=\/wp\/v2\/posts\/51015","targetHints":{"allow":["GET"]}}],"collection":[{"href":"https:\/\/radiorevelacionfm.cl\/index.php?rest_route=\/wp\/v2\/posts"}],"about":[{"href":"https:\/\/radiorevelacionfm.cl\/index.php?rest_route=\/wp\/v2\/types\/post"}],"author":[{"embeddable":true,"href":"https:\/\/radiorevelacionfm.cl\/index.php?rest_route=\/wp\/v2\/users\/1"}],"replies":[{"embeddable":true,"href":"https:\/\/radiorevelacionfm.cl\/index.php?rest_route=%2Fwp%2Fv2%2Fcomments&post=51015"}],"version-history":[{"count":1,"href":"https:\/\/radiorevelacionfm.cl\/index.php?rest_route=\/wp\/v2\/posts\/51015\/revisions"}],"predecessor-version":[{"id":51017,"href":"https:\/\/radiorevelacionfm.cl\/index.php?rest_route=\/wp\/v2\/posts\/51015\/revisions\/51017"}],"wp:featuredmedia":[{"embeddable":true,"href":"https:\/\/radiorevelacionfm.cl\/index.php?rest_route=\/wp\/v2\/media\/51016"}],"wp:attachment":[{"href":"https:\/\/radiorevelacionfm.cl\/index.php?rest_route=%2Fwp%2Fv2%2Fmedia&parent=51015"}],"wp:term":[{"taxonomy":"category","embeddable":true,"href":"https:\/\/radiorevelacionfm.cl\/index.php?rest_route=%2Fwp%2Fv2%2Fcategories&post=51015"},{"taxonomy":"post_tag","embeddable":true,"href":"https:\/\/radiorevelacionfm.cl\/index.php?rest_route=%2Fwp%2Fv2%2Ftags&post=51015"}],"curies":[{"name":"wp","href":"https:\/\/api.w.org\/{rel}","templated":true}]}}