{"id":51012,"date":"2025-03-01T15:11:45","date_gmt":"2025-03-01T18:11:45","guid":{"rendered":"https:\/\/radiorevelacionfm.cl\/?p=51012"},"modified":"2025-03-01T15:11:45","modified_gmt":"2025-03-01T18:11:45","slug":"salud-inicio-vacunacion-contra-influenza-y-covid-19-e-inmunizacion-contra-virus-respiratorio-sincicial","status":"publish","type":"post","link":"https:\/\/radiorevelacionfm.cl\/?p=51012","title":{"rendered":"Salud inici\u00f3 vacunaci\u00f3n contra Influenza y COVID-19 e inmunizaci\u00f3n contra Virus Respiratorio Sincicial"},"content":{"rendered":"<div class=\"flex_column av_one_full  flex_column_div av-zero-column-padding first  avia-builder-el-0  el_before_av_one_full  avia-builder-el-first  \" style='border-radius:0px; '><div  class='avia-image-container  av-styling-    avia-builder-el-1  avia-builder-el-no-sibling  avia-align-center '  itemprop=\"image\" itemscope=\"itemscope\" itemtype=\"https:\/\/schema.org\/ImageObject\"  ><div class='avia-image-container-inner'><div class='avia-image-overlay-wrap'><img decoding=\"async\" class='wp-image-51013 avia-img-lazy-loading-not-51013 avia_image' src=\"https:\/\/radiorevelacionfm.cl\/wp-content\/uploads\/2025\/03\/vacunacion-1-1-1.jpeg\" alt='' title='vacunaci\u00f3n 1 (1) (1)' height=\"600\" width=\"800\"  itemprop=\"thumbnailUrl\" srcset=\"https:\/\/radiorevelacionfm.cl\/wp-content\/uploads\/2025\/03\/vacunacion-1-1-1.jpeg 800w, https:\/\/radiorevelacionfm.cl\/wp-content\/uploads\/2025\/03\/vacunacion-1-1-1-300x225.jpeg 300w, https:\/\/radiorevelacionfm.cl\/wp-content\/uploads\/2025\/03\/vacunacion-1-1-1-768x576.jpeg 768w, https:\/\/radiorevelacionfm.cl\/wp-content\/uploads\/2025\/03\/vacunacion-1-1-1-705x529.jpeg 705w, https:\/\/radiorevelacionfm.cl\/wp-content\/uploads\/2025\/03\/vacunacion-1-1-1-450x338.jpeg 450w, https:\/\/radiorevelacionfm.cl\/wp-content\/uploads\/2025\/03\/vacunacion-1-1-1-600x450.jpeg 600w\" sizes=\"(max-width: 800px) 100vw, 800px\" \/><\/div><\/div><\/div><\/div><div class=\"flex_column av_one_full  flex_column_div av-zero-column-padding first  avia-builder-el-2  el_after_av_one_full  el_before_av_one_full  column-top-margin\" style='border-radius:0px; '><section class=\"av_textblock_section \"  itemscope=\"itemscope\" itemtype=\"https:\/\/schema.org\/BlogPosting\" itemprop=\"blogPost\" ><div class='avia_textblock  '   itemprop=\"text\" ><p style=\"text-align: center;\"><span style=\"font-size: 18pt;\"><strong>Salud inici\u00f3 vacunaci\u00f3n contra Influenza y COVID-19 e inmunizaci\u00f3n contra Virus Respiratorio Sincicial<\/strong><\/span><\/p>\n<div id=\"gtx-trans\" style=\"position: absolute; left: -50px; top: 4.31534px;\">\n<div class=\"gtx-trans-icon\"><\/div>\n<\/div>\n<\/div><\/section><\/div><div class=\"flex_column av_one_full  flex_column_div av-zero-column-padding first  avia-builder-el-4  el_after_av_one_full  el_before_av_hr  column-top-margin\" style='border-radius:0px; '><section class=\"av_textblock_section \"  itemscope=\"itemscope\" itemtype=\"https:\/\/schema.org\/BlogPosting\" itemprop=\"blogPost\" ><div class='avia_textblock  '   itemprop=\"text\" ><p style=\"text-align: justify;\"><em>El objetivo de esta campa\u00f1a es proteger a los grupos vulnerables de adultos mayores, embarazadas, enfermos cr\u00f3nicos, reci\u00e9n nacidos y lactantes.<\/em><\/p>\n<p style=\"text-align: justify;\">Al igual que en el resto del pa\u00eds, a nivel regional la red asistencial de salud dio inici\u00f3 este s\u00e1bado 01 marzo a la Campa\u00f1a de Vacunaci\u00f3n e Inmunizaci\u00f3n 2025, iniciativa que busca resguardar la salud de los grupos de mayor riesgo de la poblaci\u00f3n antes de la llegada del invierno y la aparici\u00f3n de enfermedades respiratorias, enfoc\u00e1ndose principalmente en adultos mayores, embarazadas y enfermos cr\u00f3nicos, para lo cual las personas pueden acceder a los centros de salud p\u00fablica que existen a lo largo de toda la regi\u00f3n de Ays\u00e9n.<\/p>\n<p style=\"text-align: justify;\">As\u00ed qued\u00f3 de manifiesto este fin de semana en la Sede de la Cruz Roja de Coyhaique, lugar donde autoridades regionales y del sector salud, dieron el punto de partida a esta campa\u00f1a que estar\u00e1 suministrando las vacunas contra la Influenza, COVID-19 y la inmunizaci\u00f3n para el Virus Respiratorio Sincicial, antecedentes que fueron entregados por el Jefe del Dpto. de Salud P\u00fablica (s), Marco Acu\u00f1a Briones. \u201cA partir de este momento los adultos mayores, embarazadas y enfermos cr\u00f3nicos podr\u00e1n acudir a los centros de salud p\u00fablica y solicitar gratuitamente la vacunaci\u00f3n contra la Influenza y el COVID-19.\u00a0 Similar situaci\u00f3n ocurre para los reci\u00e9n nacidos o lactantes, a quienes les corresponden una inmunizaci\u00f3n contra el Virus Respiratorio Sincicial. El motivo por el cual esta campa\u00f1a de vacunaci\u00f3n se adelant\u00f3 es porque buscamos proteger a la poblaci\u00f3n antes de la aparici\u00f3n de las enfermedades respiratorias de invierno, por lo que invitamos a la poblaci\u00f3n a sumarse a esta campa\u00f1a para evitar enfermedades graves y fallecimientos en los grupos vulnerables\u201d.<\/p>\n<p style=\"text-align: justify;\">En la oportunidad, Gloria Cay\u00fan Alvarado, quien visitaba la Feria V\u00edctor Domingo Silva, aprovech\u00f3 la oportunidad de acceder al proceso de vacunaci\u00f3n. \u201cCreo que es fundamental el proceso de las vacunas, sobre todo en las personas que son enfermas cr\u00f3nicas como yo. Siempre me estoy vacunando, porque si no\u2026 c\u00f3mo vamos a prevenir las enfermedades. Que la gente aproveche de pasar ac\u00e1 a la Cruz Roja, tal como lo hice yo, que vine a la feria\u201d.<\/p>\n<p style=\"text-align: justify;\">Invitaci\u00f3n a la comunidad a sumarse a esta campa\u00f1a que tambi\u00e9n fue replicada por el director de la Red Asistencial del Servicio de Salud Ays\u00e9n, Juan Pablo Bravo Quintana.\u00a0 \u201cTodos los establecimientos de nuestra red asistencial ya cuentan con las vacunas y con personal capacitado para llevar adelante la campa\u00f1a de inmunizaci\u00f3n. Es fundamental que las personas pertenecientes a los grupos objetivos se vacunen a tiempo para prevenir enfermedades durante el invierno. En la comuna de Ays\u00e9n, donde la Atenci\u00f3n Primaria de Salud es universal, cualquier persona, independientemente de si est\u00e1 afiliada a Fonasa o Isapre, puede acudir a cualquier vacunatorio o punto habilitado. Esta campa\u00f1a incluye vacunas contra la influenza, el COVID-19 y el virus respiratorio sincicial, adem\u00e1s de otras destinadas a embarazadas y personas mayores de 65 a\u00f1os. Invitamos a la comunidad a vacunarse oportunamente para reducir el riesgo de complicaciones graves durante la temporada invernal\u201d, puntualiz\u00f3.<\/p>\n<p style=\"text-align: justify;\">Por su parte, la Seremi de Gobierno, \u00darsula Mix Jim\u00e9nez, reiter\u00f3 la importancia de acceder a este proceso de vacunaci\u00f3n e inmunizaci\u00f3n. \u201cEl llamado a la comunidad es que se acerquen a los distintos puntos de vacunaci\u00f3n para que puedan inmunizarse y preparase para este invierno. La idea es que nos preparemos con tiempo para que estemos inmunes cuando lleguen estos fr\u00edos, para que en el mes de mayo, ya estemos preparados para enfrentar este invierno y tengamos la menor cantidad de personas hospitalizadas por enfermedades respiratorias\u201d, puntualiz\u00f3.<\/p>\n<p style=\"text-align: justify;\"><strong>Grupos Priorizados<\/strong><\/p>\n<p style=\"text-align: justify;\">Entre los grupos que deben vacunarse contra la Influenza y el COVID-19 est\u00e1n el personal de salud (p\u00fablico y privado), personas de 60 a\u00f1os y m\u00e1s, personas con patolog\u00edas cr\u00f3nicas (desde los 6 meses en COVID-19 y entre los 11 y 59 a\u00f1os en Influenza), gestantes y cuidadores de personas mayores y funcionarios de ELEAM. En el caso particular de la vacuna contra Influenza, tambi\u00e9n incorpora a los ni\u00f1os y ni\u00f1as desde los seis meses hasta quinto b\u00e1sico y docentes y asistentes de la educaci\u00f3n preescolar y escolar hasta 8vo b\u00e1sico.<\/p>\n<p style=\"text-align: justify;\">La campa\u00f1a adem\u00e1s incluye la inmunizaci\u00f3n contra el Virus Respiratorio Sincicial, la cual se administrar\u00e1 por segundo a\u00f1o consecutivo de manera gratuita y universal a los lactantes nacidos a partir del 1 de octubre de 2024 y reci\u00e9n nacidos en las maternidades.<\/p>\n<\/div><\/section><\/div><div  style='height:50px' class='hr hr-invisible   avia-builder-el-6  el_after_av_one_full  el_before_av_social_share '><span class='hr-inner ' ><span class='hr-inner-style'><\/span><\/span><\/div><\/p>\n<div  class='av-social-sharing-box  avia-builder-el-7  el_after_av_hr  el_before_av_hr  '><div class='av-share-box'><h5 class='av-share-link-description av-no-toc '>Compartir esta noticia<\/h5><ul class='av-share-box-list noLightbox'><li class='av-share-link av-social-link-facebook' ><a target=\"_blank\" aria-label=\"Compartir en Facebook\" href='https:\/\/www.facebook.com\/sharer.php?u=https:\/\/radiorevelacionfm.cl\/?p=51012&#038;t=Salud%20inici%C3%B3%20vacunaci%C3%B3n%20contra%20Influenza%20y%20COVID-19%20e%20inmunizaci%C3%B3n%20contra%20Virus%20Respiratorio%20Sincicial' aria-hidden='false' data-av_icon='\ue8f3' data-av_iconfont='entypo-fontello' title='' data-avia-related-tooltip='Compartir en Facebook' rel=\"noopener\"><span class='avia_hidden_link_text'>Compartir en Facebook<\/span><\/a><\/li><li class='av-share-link av-social-link-twitter' ><a target=\"_blank\" aria-label=\"Compartir en Twitter\" href='https:\/\/twitter.com\/share?text=Salud%20inici%C3%B3%20vacunaci%C3%B3n%20contra%20Influenza%20y%20COVID-19%20e%20inmunizaci%C3%B3n%20contra%20Virus%20Respiratorio%20Sincicial&#038;url=https:\/\/radiorevelacionfm.cl\/?p=51012' aria-hidden='false' data-av_icon='\ue8f1' data-av_iconfont='entypo-fontello' title='' data-avia-related-tooltip='Compartir en Twitter' rel=\"noopener\"><span class='avia_hidden_link_text'>Compartir en Twitter<\/span><\/a><\/li><li class='av-share-link av-social-link-whatsapp' ><a target=\"_blank\" aria-label=\"Compartir en Whatsapp\" href='https:\/\/api.whatsapp.com\/send?text=https:\/\/radiorevelacionfm.cl\/?p=51012' aria-hidden='false' data-av_icon='\uf232' data-av_iconfont='entypo-fontello' title='' data-avia-related-tooltip='Compartir en Whatsapp' rel=\"noopener\"><span class='avia_hidden_link_text'>Compartir en Whatsapp<\/span><\/a><\/li><li class='av-share-link av-social-link-linkedin' ><a target=\"_blank\" aria-label=\"Compartir en LinkedIn\" href='https:\/\/linkedin.com\/shareArticle?mini=true&#038;title=Salud%20inici%C3%B3%20vacunaci%C3%B3n%20contra%20Influenza%20y%20COVID-19%20e%20inmunizaci%C3%B3n%20contra%20Virus%20Respiratorio%20Sincicial&#038;url=https:\/\/radiorevelacionfm.cl\/?p=51012' aria-hidden='false' data-av_icon='\ue8fc' data-av_iconfont='entypo-fontello' title='' data-avia-related-tooltip='Compartir en LinkedIn' rel=\"noopener\"><span class='avia_hidden_link_text'>Compartir en LinkedIn<\/span><\/a><\/li><li class='av-share-link av-social-link-mail' ><a  aria-label=\"Compartir por correo\" href='mailto:?subject=Salud%20inici%C3%B3%20vacunaci%C3%B3n%20contra%20Influenza%20y%20COVID-19%20e%20inmunizaci%C3%B3n%20contra%20Virus%20Respiratorio%20Sincicial&#038;body=https:\/\/radiorevelacionfm.cl\/?p=51012' aria-hidden='false' data-av_icon='\ue805' data-av_iconfont='entypo-fontello' title='' data-avia-related-tooltip='Compartir por correo'><span class='avia_hidden_link_text'>Compartir por correo<\/span><\/a><\/li><\/ul><\/div><\/div>\n<div  style='height:50px' class='hr hr-invisible   avia-builder-el-8  el_after_av_social_share  el_before_av_comments_list '><span class='hr-inner ' ><span class='hr-inner-style'><\/span><\/span><\/div>\n<div  class='av-buildercomment  av-blog-meta-html-info-disabled av-blog-meta-tag-disabled  '><\/div>\n","protected":false},"excerpt":{"rendered":"","protected":false},"author":1,"featured_media":51013,"comment_status":"open","ping_status":"open","sticky":false,"template":"","format":"standard","meta":{"footnotes":""},"categories":[46],"tags":[],"class_list":["post-51012","post","type-post","status-publish","format-standard","has-post-thumbnail","hentry","category-salud"],"jetpack_featured_media_url":"https:\/\/radiorevelacionfm.cl\/wp-content\/uploads\/2025\/03\/vacunacion-1-1-1.jpeg","_links":{"self":[{"href":"https:\/\/radiorevelacionfm.cl\/index.php?rest_route=\/wp\/v2\/posts\/51012","targetHints":{"allow":["GET"]}}],"collection":[{"href":"https:\/\/radiorevelacionfm.cl\/index.php?rest_route=\/wp\/v2\/posts"}],"about":[{"href":"https:\/\/radiorevelacionfm.cl\/index.php?rest_route=\/wp\/v2\/types\/post"}],"author":[{"embeddable":true,"href":"https:\/\/radiorevelacionfm.cl\/index.php?rest_route=\/wp\/v2\/users\/1"}],"replies":[{"embeddable":true,"href":"https:\/\/radiorevelacionfm.cl\/index.php?rest_route=%2Fwp%2Fv2%2Fcomments&post=51012"}],"version-history":[{"count":1,"href":"https:\/\/radiorevelacionfm.cl\/index.php?rest_route=\/wp\/v2\/posts\/51012\/revisions"}],"predecessor-version":[{"id":51014,"href":"https:\/\/radiorevelacionfm.cl\/index.php?rest_route=\/wp\/v2\/posts\/51012\/revisions\/51014"}],"wp:featuredmedia":[{"embeddable":true,"href":"https:\/\/radiorevelacionfm.cl\/index.php?rest_route=\/wp\/v2\/media\/51013"}],"wp:attachment":[{"href":"https:\/\/radiorevelacionfm.cl\/index.php?rest_route=%2Fwp%2Fv2%2Fmedia&parent=51012"}],"wp:term":[{"taxonomy":"category","embeddable":true,"href":"https:\/\/radiorevelacionfm.cl\/index.php?rest_route=%2Fwp%2Fv2%2Fcategories&post=51012"},{"taxonomy":"post_tag","embeddable":true,"href":"https:\/\/radiorevelacionfm.cl\/index.php?rest_route=%2Fwp%2Fv2%2Ftags&post=51012"}],"curies":[{"name":"wp","href":"https:\/\/api.w.org\/{rel}","templated":true}]}}