{"id":51009,"date":"2025-02-28T19:08:57","date_gmt":"2025-02-28T22:08:57","guid":{"rendered":"https:\/\/radiorevelacionfm.cl\/?p=51009"},"modified":"2025-02-28T19:08:57","modified_gmt":"2025-02-28T22:08:57","slug":"organizacion-de-aysen-revela-prontuario-ambiental-de-salmoneras-ventisqueros-y-cooke-aquaculture","status":"publish","type":"post","link":"https:\/\/radiorevelacionfm.cl\/?p=51009","title":{"rendered":"Organizaci\u00f3n de Ays\u00e9n revela prontuario ambiental de salmoneras Ventisqueros y Cooke Aquaculture"},"content":{"rendered":"<div class=\"flex_column av_one_full  flex_column_div av-zero-column-padding first  avia-builder-el-0  el_before_av_one_full  avia-builder-el-first  \" style='border-radius:0px; '><div  class='avia-image-container  av-styling-    avia-builder-el-1  avia-builder-el-no-sibling  avia-align-center '  itemprop=\"image\" itemscope=\"itemscope\" itemtype=\"https:\/\/schema.org\/ImageObject\"  ><div class='avia-image-container-inner'><div class='avia-image-overlay-wrap'><img decoding=\"async\" class='wp-image-51010 avia-img-lazy-loading-not-51010 avia_image' src=\"https:\/\/radiorevelacionfm.cl\/wp-content\/uploads\/2025\/02\/huillines-3-en-parque-nacional-laguna-san-rafael-1_optimized.jpg\" alt='' title='huillines-3-en-parque-nacional-laguna-san-rafael-(1)_optimized' height=\"600\" width=\"1067\"  itemprop=\"thumbnailUrl\" srcset=\"https:\/\/radiorevelacionfm.cl\/wp-content\/uploads\/2025\/02\/huillines-3-en-parque-nacional-laguna-san-rafael-1_optimized.jpg 1067w, https:\/\/radiorevelacionfm.cl\/wp-content\/uploads\/2025\/02\/huillines-3-en-parque-nacional-laguna-san-rafael-1_optimized-300x169.jpg 300w, https:\/\/radiorevelacionfm.cl\/wp-content\/uploads\/2025\/02\/huillines-3-en-parque-nacional-laguna-san-rafael-1_optimized-1030x579.jpg 1030w, https:\/\/radiorevelacionfm.cl\/wp-content\/uploads\/2025\/02\/huillines-3-en-parque-nacional-laguna-san-rafael-1_optimized-768x432.jpg 768w, https:\/\/radiorevelacionfm.cl\/wp-content\/uploads\/2025\/02\/huillines-3-en-parque-nacional-laguna-san-rafael-1_optimized-705x396.jpg 705w, https:\/\/radiorevelacionfm.cl\/wp-content\/uploads\/2025\/02\/huillines-3-en-parque-nacional-laguna-san-rafael-1_optimized-450x253.jpg 450w, https:\/\/radiorevelacionfm.cl\/wp-content\/uploads\/2025\/02\/huillines-3-en-parque-nacional-laguna-san-rafael-1_optimized-600x337.jpg 600w\" sizes=\"(max-width: 1067px) 100vw, 1067px\" \/><\/div><\/div><\/div><\/div><div class=\"flex_column av_one_full  flex_column_div av-zero-column-padding first  avia-builder-el-2  el_after_av_one_full  el_before_av_one_full  column-top-margin\" style='border-radius:0px; '><section class=\"av_textblock_section \"  itemscope=\"itemscope\" itemtype=\"https:\/\/schema.org\/BlogPosting\" itemprop=\"blogPost\" ><div class='avia_textblock  '   itemprop=\"text\" ><p style=\"text-align: center;\"><strong><span style=\"font-size: 18pt;\">Organizaci\u00f3n de Ays\u00e9n revela prontuario ambiental de salmoneras Ventisqueros y Cooke Aquaculture<\/span><\/strong><\/p>\n<div id=\"gtx-trans\" style=\"position: absolute; left: -50px; top: 4.31534px;\">\n<div class=\"gtx-trans-icon\"><\/div>\n<\/div>\n<\/div><\/section><\/div><div class=\"flex_column av_one_full  flex_column_div av-zero-column-padding first  avia-builder-el-4  el_after_av_one_full  el_before_av_hr  column-top-margin\" style='border-radius:0px; '><section class=\"av_textblock_section \"  itemscope=\"itemscope\" itemtype=\"https:\/\/schema.org\/BlogPosting\" itemprop=\"blogPost\" ><div class='avia_textblock  '   itemprop=\"text\" ><ul>\n<li style=\"text-align: justify;\"><i><span lang=\"ES-TRAD\">En carta al Mercurio y en columna en Radio B\u00edo B\u00edo, dirigentes de la Corporaci\u00f3n Privada para el Desarrollo de Ays\u00e9n entregan antecedentes sobre incumplimientos de empresas acu\u00edcolas en materia de operaci\u00f3n en \u00e1reas protegidas, escape de salmones, sobreproducci\u00f3n y uso indiscriminado de antibi\u00f3ticos, que son fiscalizados por la SMA.<\/span><\/i><\/li>\n<li class=\"v1gmail-MsoListParagraphCxSpLast\" style=\"text-align: justify;\"><i><span lang=\"ES-TRAD\">Adem\u00e1s, dieron cuenta de por qu\u00e9 a pesar de los esfuerzos de la industria de acusar \u00abpersecuci\u00f3n\u00bb, el organismo fiscalizador s\u00f3lo est\u00e1 haciendo que se cumpla la norma.<\/span><\/i><\/li>\n<\/ul>\n<p class=\"v1MsoNormal\" style=\"text-align: justify;\"><span lang=\"ES-TRAD\">Desde la Corporaci\u00f3n Privada para el Desarrollo de Ays\u00e9n (CODESA) salieron al paso de la ofensiva liderada por la industria del salm\u00f3n en contra de la institucionalidad ambiental, las organizaciones de la sociedad civil y las comunidades que buscan la protecci\u00f3n ambiental. Esto, en el contexto de la discusi\u00f3n si es posible la salmonicultura en \u00e1reas protegidas.<\/span><\/p>\n<p class=\"v1MsoNormal\" style=\"text-align: justify;\"><span lang=\"ES-TRAD\">\u00a0<\/span><b><span lang=\"ES-TRAD\">Pr\u00e1cticas ilegales de Cooke Aquaculture<\/span><\/b><\/p>\n<p class=\"v1MsoNormal\" style=\"text-align: justify;\"><span lang=\"ES-TRAD\">En una<span class=\"v1gmail-Apple-converted-space\">\u00a0<\/span><a href=\"https:\/\/www.litoralpress.cl\/SimbiuPDF\/2025\/02\/28\/5740621.pdf\" target=\"_blank\" rel=\"noopener noreferrer\">carta al Mercurio publicada este viernes<\/a>, el presidente de la organizaci\u00f3n,<span class=\"v1gmail-Apple-converted-space\">\u00a0<\/span><b>Erwin Sandoval<\/b>, respondi\u00f3 al gerente general de Cooke Aquaculture Chile,<span class=\"v1gmail-Apple-converted-space\">\u00a0<\/span><b>Andr\u00e9s Parodi<\/b>. El representante de la compa\u00f1\u00eda ha acusado a la Superintendencia del Medio Ambiente (SMA) de querer \u00ab<i><a href=\"https:\/\/litoralpress.cl\/sitio\/Prensa_Texto?LPKey=URK45ZYOXRDP42UR2FHYK4TKAH3XKI3ZIQPD7SUFCZAMVBQGAOKA\" target=\"_blank\" rel=\"noopener noreferrer\">destruir una empresa extranjera<\/a><\/i>\u00bb a prop\u00f3sito del procedimiento sancionatorio sustanciado en contra de la compa\u00f1\u00eda por operar ilegalmente al interior del Parque Nacional Laguna San Rafael.<\/span><\/p>\n<p class=\"v1MsoNormal\" style=\"text-align: justify;\"><span lang=\"ES-TRAD\">En su misiva, el dirigente de Ays\u00e9n explic\u00f3 que \u00ab<i>los centros Huillines 2 y Huillines 3 -foco del procedimiento sancionatorio dirigido por la SMA- s\u00ed est\u00e1n ubicados al interior del parque, aunque lo niegue Cooke. Esto lo dicen no s\u00f3lo la SMA, sino tambi\u00e9n el Servicio de Evaluaci\u00f3n Ambiental y Bienes Nacionales (\u00f3rgano a cargo de la cartograf\u00eda oficial de las \u00e1reas protegidas)<\/i>\u00ab. Recordando que la Superintendencia del Medio Ambiente, desde abril de 2021 al menos, ha establecido fehacientemente que \u00ab<\/span><i>tanto el CES Huillines 2 como el CES Huillines 3<b>, se encuentran emplazados dentro de los l\u00edmites mar\u00edtimos del Parque Nacional Laguna San Rafael<\/b><\/i>\u00ab. Por su parte, la seremi de Bienes Nacionales de Ays\u00e9n, por medio de un ordinario de septiembre de 2023, inform\u00f3 que \u00ab<i>nuestra Unidad de Catastro ha realizado un trabajo t\u00e9cnico de superposici\u00f3n de las coordinadas (sic) referidas en consideraci\u00f3n al plano vigente del Parque Nacional Laguna San Rafael, concluyendo que,<span class=\"v1gmail-Apple-converted-space\">\u00a0<\/span><b>tanto CES Huillines 2 como CES Huillines 3, se encuentran emplazados al interior del \u00e1rea protegida<\/b><\/i>&#8230;\u00bb.<b><\/b><\/p>\n<p class=\"v1MsoNormal\" style=\"text-align: justify;\"><span lang=\"ES-TRAD\">Lo anterior resulta relevante cuando la propia Ley de Pesca y Acuicultura, el Plan de Uso P\u00fablico del Parque Nacional Laguna San Rafael desarrollado por CONAF y diversos dict\u00e1menes de Contralor\u00eda han establecido que \u00ab<i>no es posible desarrollar actividades de acuicultura en aguas mar\u00edtimas que formen parte de parques nacionales<\/i>\u00ab. Esto es coherente, dijo el dirigente, con la Convenci\u00f3n de Washington suscrita por Chile.<span class=\"v1gmail-Apple-converted-space\">\u00a0<\/span><\/span><\/p>\n<p class=\"v1MsoNormal\" style=\"text-align: justify;\"><span lang=\"ES-TRAD\">Sandoval aludi\u00f3 tambi\u00e9n a la intenci\u00f3n de la empresa de que la SMA deje de realizar su trabajo porque existe un acuerdo pol\u00edtico entre Cooke y Aqua Chile y el gobierno, y que buca relocalizar centros salmoneros desde \u00e1reas protegidas a otras zonas. \u00ab<i>Ning\u00fan acuerdo pol\u00edtico puede pasar sobre la ley. M\u00e1xima que, sin lugar a dudas, deber\u00eda ser observada en este caso<\/i>\u00bb puntualiz\u00f3 en la carta.<span class=\"v1gmail-Apple-converted-space\">\u00a0<\/span><\/span><\/p>\n<p class=\"v1MsoNormal\" style=\"text-align: justify;\"><span lang=\"ES-TRAD\">Asimismo, tuvo palabras para el \u00ab<i>liderazgo de protecci\u00f3n ambiental<\/i>\u00bb internacional que seg\u00fan Parodi tiene su empresa. Esto, a juicio del dirigente, no pasar\u00eda de ser una mera afirmaci\u00f3n cuando se conoce que debido al<span class=\"v1gmail-Apple-converted-space\">\u00a0<\/span><a href=\"https:\/\/www.publimetro.cl\/cl\/noticias\/2018\/03\/02\/washington-prohibe-cultivo-salmones-jaula.html\" target=\"_blank\" rel=\"noopener noreferrer\">escape de m\u00e1s 200.000 salmones en 2017 desde un centro de Cooke en el condado de Skagit<\/a>, al a\u00f1o siguiente<span class=\"v1gmail-Apple-converted-space\">\u00a0<\/span><i>\u00abel estado de Washington (el principal productor de EUA) ha prohibido el cultivo de salm\u00f3nidos; sumado a que, en enero, una fundaci\u00f3n de derecho ambiental estadounidense<span class=\"v1gmail-Apple-converted-space\">\u00a0<\/span><a href=\"https:\/\/radio.uchile.cl\/2025\/01\/15\/salmonera-que-opera-en-chile-es-acusada-de-contaminar-en-estados-unidos\/\" target=\"_blank\" rel=\"noopener noreferrer\">demand\u00f3 a la empresa<\/a><span class=\"v1gmail-Apple-converted-space\">\u00a0<\/span>por contaminaci\u00f3n en varios centros de cultivo que operan en el estado de Maine<\/i>\u00ab. Y, de plano, rechaz\u00f3 el concepto de salm\u00f3n \u00ab<i>org\u00e1nico<\/i>\u00bb con el que se promocionan, lo cual es inviable cuando se opera \u00ab<i>impactando \u00e1reas protegidas, con sobreproducci\u00f3n demostrada y eludiendo el SEIA<\/i>\u00ab.<\/span><\/p>\n<p class=\"v1MsoNormal\" style=\"text-align: justify;\"><b><span lang=\"ES-TRAD\">Los procesos sancionatorios contra Ventisqueros<\/span><\/b><\/p>\n<p class=\"v1MsoNormal\" style=\"text-align: justify;\"><span lang=\"ES-TRAD\">Por su parte, el director de CODESA,<span class=\"v1gmail-Apple-converted-space\">\u00a0<\/span><b>Patricio Segura<\/b>, respondi\u00f3 mediante una<span class=\"v1gmail-Apple-converted-space\">\u00a0<\/span><a href=\"https:\/\/www.biobiochile.cl\/noticias\/opinion\/tu-voz\/2025\/02\/25\/datos-no-opiniones-la-salmonicultura-en-chile.shtml\" target=\"_blank\" rel=\"noopener noreferrer\">columna en Radio B\u00edo B\u00edo<\/a><span class=\"v1gmail-Apple-converted-space\">\u00a0<\/span>al director de Comunicaciones y Asuntos P\u00fablicos de Ventisqueros (Productos del Mar Ventisqueros S.A.),<span class=\"v1gmail-Apple-converted-space\">\u00a0<\/span><b>Agust\u00edn Waidele<\/b>, quien en un art\u00edculo previo habl\u00f3 de lo que calific\u00f3 como \u00ab<i><a href=\"https:\/\/www.biobiochile.cl\/noticias\/opinion\/columnas-bbcl\/2025\/02\/20\/verdad-sobre-la-industria-salmonera-en-chile-hacerse-cargo.shtml\" target=\"_blank\" rel=\"noopener noreferrer\">la verdad sobre la salmonicultura en Chile<\/a><\/i>\u00ab.<\/span><\/p>\n<p class=\"v1MsoNormal\" style=\"text-align: justify;\"><span lang=\"ES-TRAD\">El dirigente de la regi\u00f3n de Ays\u00e9n explic\u00f3 que \u00ab<i>seg\u00fan un estudio realizado por Fundaci\u00f3n Terram, en Chile existe un total de 408 concesiones otorgadas dentro de las distintas categor\u00edas de \u00e1reas protegidas. De \u00e9stas, 399 est\u00e1n completamente en su interior, mientras que 9 s\u00f3lo una parte<\/i>\u00ab. Es decir, m\u00e1s de un tercio afectan \u00e1reas naturales que debieran ser salvaguardadas.<\/span><\/p>\n<p class=\"v1MsoNormal\" style=\"text-align: justify;\"><span lang=\"ES-TRAD\">Tambi\u00e9n se refiri\u00f3 a que la salmonicultura ha convertido el fondo marino \u00ab<i>en un gran vertedero<\/i>\u00ab.\u00a0\u00ab<i>La acumulaci\u00f3n de sedimentos, residuos org\u00e1nicos y la constante actividad en estas \u00e1reas han dejado huellas irreversibles en sectores en la Patagonia chilena, afectando la salud y el equilibrio natural de estos ambientes<\/i>\u00bb indic\u00f3, agregando que, seg\u00fan datos de la Biblioteca del Congreso Nacional, estos desechos o \u00ab<i>enriquecimiento org\u00e1nico (y la mayor actividad microbiana asociada con su descomposici\u00f3n) pueden alterar dr\u00e1sticamente la qu\u00edmica y la ecolog\u00eda del fondo marino debajo de la balsa jaula<\/i>\u00ab.<\/span><\/p>\n<p class=\"v1MsoNormal\" style=\"text-align: justify;\"><span lang=\"ES-TRAD\">Record\u00f3 Segura que \u00ab<i>en una columna de Ciper de 2023, el profesor de Microbiolog\u00eda y miembro de la Academia Americana (Estados Unidos) de Microbiolog\u00eda, Felipe Cabello, explic\u00f3 que la salmonicultura es la actividad humana que m\u00e1s emplea antimicrobianos en el pa\u00eds. Sin ir m\u00e1s lejos, en 2020 us\u00f3, adem\u00e1s de otros compuestos de este tipo, aproximadamente 360 mil kilogramos, en tanto que la medicina humana us\u00f3 unos 100 kg. O sea, el sector utiliz\u00f3 3.600 veces m\u00e1s de estos f\u00e1rmacos que en el caso de las personas<\/i>\u00ab.<\/span><\/p>\n<p class=\"v1MsoNormal\" style=\"text-align: justify;\"><span lang=\"ES-TRAD\">Sum\u00f3 a estos problemas la sobreproducci\u00f3n y los escapes masivos de salmones, en los que recurrentemente aparecen involucradas empresas de la industria.<\/span><\/p>\n<p class=\"v1MsoNormal\" style=\"text-align: justify;\"><span lang=\"ES-TRAD\">Y sobre Ventisqueros, record\u00f3 \u00ab<i>que ha sido sujeto de procedimientos sancionatorios y requerimientos de medidas provisionales para revertir incumplimientos normativos, llevados adelante por la Superintendencia del Medio Ambiente: por sobreproducci\u00f3n, uso no autorizado de antibi\u00f3ticos, afectaciones a cuerpos de agua y construcci\u00f3n de obras no autorizadas.<\/i>\u00ab<span class=\"v1gmail-Apple-converted-space\">\u00a0<\/span><\/span><\/p>\n<p class=\"v1MsoNormal\" style=\"text-align: justify;\"><span lang=\"ES-TRAD\">El dirigente aysenino concluy\u00f3 se\u00f1alando que \u00ab<i>de la columna de Waidele pareciera que los cuestionamientos a la industria fueran un invento, siendo que est\u00e1n basados en datos y respaldados por investigaciones<\/i>\u00ab.<span class=\"v1gmail-Apple-converted-space\">\u00a0<\/span><\/span><\/p>\n<p class=\"v1MsoNormal\" style=\"text-align: justify;\"><span lang=\"ES-TRAD\"><a href=\"https:\/\/www.facebook.com\/CodesaAysen\" target=\"_blank\" rel=\"noopener noreferrer\">CODESA<\/a><span class=\"v1gmail-Apple-converted-space\">\u00a0<\/span>es una organizaci\u00f3n de Ays\u00e9n, regi\u00f3n altamente impactada por la industria acu\u00edcola, con m\u00e1s de 30 a\u00f1os impulsando pol\u00edticas p\u00fablicas en pro del desarrollo sustentable de sus habitantes. Actualmente forma parte de la campa\u00f1a<span class=\"v1gmail-Apple-converted-space\">\u00a0<\/span><a href=\"https:\/\/www.salvemoslapatagonia.cl\/\" target=\"_blank\" rel=\"noopener noreferrer\">\u00a1Salvemos la Patagonia!<\/a><span class=\"v1gmail-Apple-converted-space\">\u00a0<\/span>que impulsa la Alianza por la Defensa de las \u00c1reas Protegidas, compuesta por m\u00e1s de 50 organizaciones de la Patagonia, nacionales y del extranjero, cuyo prop\u00f3sito es retirar las concesiones de salmonicultura de parques y reservas nacionales del sur austral de Chile, por la relevancia de estos maritorios para la biodiversidad.<\/span><\/p>\n<\/div><\/section><\/div><div  style='height:50px' class='hr hr-invisible   avia-builder-el-6  el_after_av_one_full  el_before_av_social_share '><span class='hr-inner ' ><span class='hr-inner-style'><\/span><\/span><\/div><\/p>\n<div  class='av-social-sharing-box  avia-builder-el-7  el_after_av_hr  el_before_av_hr  '><div class='av-share-box'><h5 class='av-share-link-description av-no-toc '>Compartir esta noticia<\/h5><ul class='av-share-box-list noLightbox'><li class='av-share-link av-social-link-facebook' ><a target=\"_blank\" aria-label=\"Compartir en Facebook\" href='https:\/\/www.facebook.com\/sharer.php?u=https:\/\/radiorevelacionfm.cl\/?p=51009&#038;t=Organizaci%C3%B3n%20de%20Ays%C3%A9n%20revela%20prontuario%20ambiental%20de%20salmoneras%20Ventisqueros%20y%20Cooke%20Aquaculture' aria-hidden='false' data-av_icon='\ue8f3' data-av_iconfont='entypo-fontello' title='' data-avia-related-tooltip='Compartir en Facebook' rel=\"noopener\"><span class='avia_hidden_link_text'>Compartir en Facebook<\/span><\/a><\/li><li class='av-share-link av-social-link-twitter' ><a target=\"_blank\" aria-label=\"Compartir en Twitter\" href='https:\/\/twitter.com\/share?text=Organizaci%C3%B3n%20de%20Ays%C3%A9n%20revela%20prontuario%20ambiental%20de%20salmoneras%20Ventisqueros%20y%20Cooke%20Aquaculture&#038;url=https:\/\/radiorevelacionfm.cl\/?p=51009' aria-hidden='false' data-av_icon='\ue8f1' data-av_iconfont='entypo-fontello' title='' data-avia-related-tooltip='Compartir en Twitter' rel=\"noopener\"><span class='avia_hidden_link_text'>Compartir en Twitter<\/span><\/a><\/li><li class='av-share-link av-social-link-whatsapp' ><a target=\"_blank\" aria-label=\"Compartir en Whatsapp\" href='https:\/\/api.whatsapp.com\/send?text=https:\/\/radiorevelacionfm.cl\/?p=51009' aria-hidden='false' data-av_icon='\uf232' data-av_iconfont='entypo-fontello' title='' data-avia-related-tooltip='Compartir en Whatsapp' rel=\"noopener\"><span class='avia_hidden_link_text'>Compartir en Whatsapp<\/span><\/a><\/li><li class='av-share-link av-social-link-linkedin' ><a target=\"_blank\" aria-label=\"Compartir en LinkedIn\" href='https:\/\/linkedin.com\/shareArticle?mini=true&#038;title=Organizaci%C3%B3n%20de%20Ays%C3%A9n%20revela%20prontuario%20ambiental%20de%20salmoneras%20Ventisqueros%20y%20Cooke%20Aquaculture&#038;url=https:\/\/radiorevelacionfm.cl\/?p=51009' aria-hidden='false' data-av_icon='\ue8fc' data-av_iconfont='entypo-fontello' title='' data-avia-related-tooltip='Compartir en LinkedIn' rel=\"noopener\"><span class='avia_hidden_link_text'>Compartir en LinkedIn<\/span><\/a><\/li><li class='av-share-link av-social-link-mail' ><a  aria-label=\"Compartir por correo\" href='mailto:?subject=Organizaci%C3%B3n%20de%20Ays%C3%A9n%20revela%20prontuario%20ambiental%20de%20salmoneras%20Ventisqueros%20y%20Cooke%20Aquaculture&#038;body=https:\/\/radiorevelacionfm.cl\/?p=51009' aria-hidden='false' data-av_icon='\ue805' data-av_iconfont='entypo-fontello' title='' data-avia-related-tooltip='Compartir por correo'><span class='avia_hidden_link_text'>Compartir por correo<\/span><\/a><\/li><\/ul><\/div><\/div>\n<div  style='height:50px' class='hr hr-invisible   avia-builder-el-8  el_after_av_social_share  el_before_av_comments_list '><span class='hr-inner ' ><span class='hr-inner-style'><\/span><\/span><\/div>\n<div  class='av-buildercomment  av-blog-meta-html-info-disabled av-blog-meta-tag-disabled  '><\/div>\n","protected":false},"excerpt":{"rendered":"","protected":false},"author":1,"featured_media":51010,"comment_status":"open","ping_status":"open","sticky":false,"template":"","format":"standard","meta":{"footnotes":""},"categories":[60],"tags":[],"class_list":["post-51009","post","type-post","status-publish","format-standard","has-post-thumbnail","hentry","category-pesca"],"jetpack_featured_media_url":"https:\/\/radiorevelacionfm.cl\/wp-content\/uploads\/2025\/02\/huillines-3-en-parque-nacional-laguna-san-rafael-1_optimized.jpg","_links":{"self":[{"href":"https:\/\/radiorevelacionfm.cl\/index.php?rest_route=\/wp\/v2\/posts\/51009","targetHints":{"allow":["GET"]}}],"collection":[{"href":"https:\/\/radiorevelacionfm.cl\/index.php?rest_route=\/wp\/v2\/posts"}],"about":[{"href":"https:\/\/radiorevelacionfm.cl\/index.php?rest_route=\/wp\/v2\/types\/post"}],"author":[{"embeddable":true,"href":"https:\/\/radiorevelacionfm.cl\/index.php?rest_route=\/wp\/v2\/users\/1"}],"replies":[{"embeddable":true,"href":"https:\/\/radiorevelacionfm.cl\/index.php?rest_route=%2Fwp%2Fv2%2Fcomments&post=51009"}],"version-history":[{"count":1,"href":"https:\/\/radiorevelacionfm.cl\/index.php?rest_route=\/wp\/v2\/posts\/51009\/revisions"}],"predecessor-version":[{"id":51011,"href":"https:\/\/radiorevelacionfm.cl\/index.php?rest_route=\/wp\/v2\/posts\/51009\/revisions\/51011"}],"wp:featuredmedia":[{"embeddable":true,"href":"https:\/\/radiorevelacionfm.cl\/index.php?rest_route=\/wp\/v2\/media\/51010"}],"wp:attachment":[{"href":"https:\/\/radiorevelacionfm.cl\/index.php?rest_route=%2Fwp%2Fv2%2Fmedia&parent=51009"}],"wp:term":[{"taxonomy":"category","embeddable":true,"href":"https:\/\/radiorevelacionfm.cl\/index.php?rest_route=%2Fwp%2Fv2%2Fcategories&post=51009"},{"taxonomy":"post_tag","embeddable":true,"href":"https:\/\/radiorevelacionfm.cl\/index.php?rest_route=%2Fwp%2Fv2%2Ftags&post=51009"}],"curies":[{"name":"wp","href":"https:\/\/api.w.org\/{rel}","templated":true}]}}