{"id":51006,"date":"2025-03-03T10:39:39","date_gmt":"2025-03-03T13:39:39","guid":{"rendered":"https:\/\/radiorevelacionfm.cl\/?p=51006"},"modified":"2025-03-03T10:39:39","modified_gmt":"2025-03-03T13:39:39","slug":"marzo-y-la-vuelta-a-clases-como-cuidar-la-salud-y-retomar-la-rutina","status":"publish","type":"post","link":"https:\/\/radiorevelacionfm.cl\/?p=51006","title":{"rendered":"Marzo y la vuelta a clases: C\u00f3mo cuidar la salud y retomar la rutina"},"content":{"rendered":"<div class=\"flex_column av_one_full  flex_column_div av-zero-column-padding first  avia-builder-el-0  el_before_av_one_full  avia-builder-el-first  \" style='border-radius:0px; '><div  class='avia-image-container  av-styling-    avia-builder-el-1  avia-builder-el-no-sibling  avia-align-center '  itemprop=\"image\" itemscope=\"itemscope\" itemtype=\"https:\/\/schema.org\/ImageObject\"  ><div class='avia-image-container-inner'><div class='avia-image-overlay-wrap'><img decoding=\"async\" class='wp-image-51007 avia-img-lazy-loading-not-51007 avia_image' src=\"https:\/\/radiorevelacionfm.cl\/wp-content\/uploads\/2025\/02\/cp-foto-1-1_optimized.jpg\" alt='' title='cp-foto-1-(1)_optimized' height=\"600\" width=\"899\"  itemprop=\"thumbnailUrl\" srcset=\"https:\/\/radiorevelacionfm.cl\/wp-content\/uploads\/2025\/02\/cp-foto-1-1_optimized.jpg 899w, https:\/\/radiorevelacionfm.cl\/wp-content\/uploads\/2025\/02\/cp-foto-1-1_optimized-300x200.jpg 300w, https:\/\/radiorevelacionfm.cl\/wp-content\/uploads\/2025\/02\/cp-foto-1-1_optimized-768x513.jpg 768w, https:\/\/radiorevelacionfm.cl\/wp-content\/uploads\/2025\/02\/cp-foto-1-1_optimized-705x471.jpg 705w, https:\/\/radiorevelacionfm.cl\/wp-content\/uploads\/2025\/02\/cp-foto-1-1_optimized-450x300.jpg 450w, https:\/\/radiorevelacionfm.cl\/wp-content\/uploads\/2025\/02\/cp-foto-1-1_optimized-600x400.jpg 600w\" sizes=\"(max-width: 899px) 100vw, 899px\" \/><\/div><\/div><\/div><\/div><div class=\"flex_column av_one_full  flex_column_div av-zero-column-padding first  avia-builder-el-2  el_after_av_one_full  el_before_av_one_full  column-top-margin\" style='border-radius:0px; '><section class=\"av_textblock_section \"  itemscope=\"itemscope\" itemtype=\"https:\/\/schema.org\/BlogPosting\" itemprop=\"blogPost\" ><div class='avia_textblock  '   itemprop=\"text\" ><p style=\"text-align: center;\"><span style=\"font-size: 18pt;\"><b><span lang=\"ES-MX\">Marzo y la vuelta a clases: C\u00f3mo cuidar la salud y retomar la rutina<\/span><\/b><\/span><\/p>\n<div id=\"gtx-trans\" style=\"position: absolute; left: -50px; top: 4.31534px;\">\n<div class=\"gtx-trans-icon\"><\/div>\n<\/div>\n<\/div><\/section><\/div><div class=\"flex_column av_one_full  flex_column_div av-zero-column-padding first  avia-builder-el-4  el_after_av_one_full  el_before_av_hr  column-top-margin\" style='border-radius:0px; '><section class=\"av_textblock_section \"  itemscope=\"itemscope\" itemtype=\"https:\/\/schema.org\/BlogPosting\" itemprop=\"blogPost\" ><div class='avia_textblock  '   itemprop=\"text\" ><p style=\"font-weight: 400; text-align: justify;\"><em>El fin de las vacaciones, y el pr\u00f3ximo regreso de los ni\u00f1os al colegio, implica un proceso de adaptaci\u00f3n y reorganizaci\u00f3n en los hogares. Especialistas de salud entregan diversas recomendaciones para enfrentar este complejo mes.<\/em><\/p>\n<p style=\"font-weight: 400; text-align: justify;\">Organizar las compras, retomar la rutina y enfrentar de la mejor manera uno de los meses m\u00e1s complejos del a\u00f1o son, en parte, algunos de los desaf\u00edos que trae marzo.<\/p>\n<p style=\"font-weight: 400; text-align: justify;\">Y aunque quedan algunos d\u00edas para que la temporada escolar comience oficialmente,\u00a0Bretta Palma, psicopedagoga de Cl\u00ednica Santa Mar\u00eda, asegura: \u201cEs importante pensar en la vuelta al colegio antes de que esto ocurra y evitar improvisaciones. Hablar con los ni\u00f1os de este regreso, establecer horarios nuevamente y organizarse con las compras\u201d.<\/p>\n<p style=\"font-weight: 400; text-align: justify;\"><strong>\u00bfC\u00f3mo prepararse para marzo?<\/strong><\/p>\n<p style=\"text-align: justify;\"><strong>Las rutinas:<\/strong>\u00a0Bretta Palma, asegura que parte muy importante de esta etapa es fomentar el di\u00e1logo con los ni\u00f1os, anticip\u00e1ndolos a lo que viene para bajar los niveles de la ansiedad. La profesional agrega que la vuelta a la rutina debe ser paulatina, no podemos pedir a los peque\u00f1os que, de un d\u00eda para otro, vuelvan a la estructura previa de las vacaciones. \u201cRecomiendo hacerlo una o dos semanas antes del regreso a clases, porque ya a la tercera semana el cuerpo logra recuperar h\u00e1bitos. Esto incluye rutinas de alimentaci\u00f3n, actividades y sue\u00f1o\u201d, indica.<\/p>\n<p style=\"text-align: justify;\"><strong>Organizar las colaciones:<\/strong>\u00a0Seg\u00fan aconseja la\u00a0Dra. Katherin Falck, nutri\u00f3loga y directora m\u00e9dica de Help,\u00a0se deben considerar alimentos como frutas de la estaci\u00f3n, l\u00e1cteos descremados sin az\u00facar, leche, yogures, quesillo o la mitad de un s\u00e1ndwich de jam\u00f3n de pavo integral. Podemos agregar verduras como los palitos de zanahoria o de apio, que son una excelente fuente de alimentaci\u00f3n.\u00a0Paulina Mella, nutricionista de Cl\u00ednica D\u00e1vila Vespucio,\u00a0agrega que no se debe olvidar la hidrataci\u00f3n: \u201cLo ideal es que tome agua, pero si al ni\u00f1o o ni\u00f1a no le gusta, podemos enviarle alg\u00fan jugo diluido con agua que no contenga az\u00facar\u201d, afirma.<\/p>\n<p style=\"text-align: justify;\"><strong>Cuidado con los \u00fatiles escolares:\u00a0<\/strong>Dentro de los infaltables del regreso a clases se encuentra la compra de \u00fatiles escolares. Sin embargo, la Dra.\u00a0Gema P\u00e9rez, pediatra de Cl\u00ednica D\u00e1vila, afirma que muchos\u00a0de ellos no tienen certificaciones adecuadas e indican edades de uso incorrectas. \u201cPor lo tanto, siempre es importante mirar las etiquetas, fijarse en que no diga que su uso sea en ambientes ventilados porque eso quiere decir que tiene contaminantes o ingredientes t\u00f3xicos. Dentro de los \u00fatiles escolares, los que son m\u00e1s da\u00f1inos son los que contienen mercurio, tolueno, cadmio y plomo. Tambi\u00e9n hay que tener cuidado con los tama\u00f1os, ya que puede haber riesgo de asfixia\u201d, comenta.<\/p>\n<p style=\"text-align: justify;\"><strong>Compra de zapatos:<\/strong>\u00a0El calzado escolar es una de las adquisiciones b\u00e1sicas y necesarias antes de iniciar el per\u00edodo estudiantil. \u00bfC\u00f3mo elegirlo? El\u00a0Dr. Eduardo Fuentes, traumat\u00f3logo de tobillo y pie de Cl\u00ednica Ciudad del Mar,\u00a0destaca que debe cumplir algunos requisitos como dar estabilidad en los distintos terrenos, que tengan amplitud en la parte de los dedos para evitar el roce inadecuado, que su material sea suave y permita la ventilaci\u00f3n adecuada, idealmente sin costuras.<\/p>\n<p style=\"text-align: justify;\"><strong>La mochila:<\/strong>\u00a0Tom\u00e1s Figueroa, kinesi\u00f3logo de Cl\u00ednica Biob\u00edo,\u00a0puntualiza: \u201cSe\u00a0debe considerar el tipo de material del que est\u00e1 hecha, que sea firme, que las correas laterales que van a los hombros sean ajustables. Adem\u00e1s, se debe tomar en cuenta los litros que soporta porque a mayor capacidad, m\u00e1s grande es la mochila y, por ende, puede ser m\u00e1s pesada. No deber\u00eda superar entre el 10 y 15% del peso corporal de la persona que la va a utilizar\u201d.<\/p>\n<\/div><\/section><\/div><div  style='height:50px' class='hr hr-invisible   avia-builder-el-6  el_after_av_one_full  el_before_av_social_share '><span class='hr-inner ' ><span class='hr-inner-style'><\/span><\/span><\/div><\/p>\n<div  class='av-social-sharing-box  avia-builder-el-7  el_after_av_hr  el_before_av_hr  '><div class='av-share-box'><h5 class='av-share-link-description av-no-toc '>Compartir esta noticia<\/h5><ul class='av-share-box-list noLightbox'><li class='av-share-link av-social-link-facebook' ><a target=\"_blank\" aria-label=\"Compartir en Facebook\" href='https:\/\/www.facebook.com\/sharer.php?u=https:\/\/radiorevelacionfm.cl\/?p=51006&#038;t=Marzo%20y%20la%20vuelta%20a%20clases%3A%20C%C3%B3mo%20cuidar%20la%20salud%20y%20retomar%20la%20rutina' aria-hidden='false' data-av_icon='\ue8f3' data-av_iconfont='entypo-fontello' title='' data-avia-related-tooltip='Compartir en Facebook' rel=\"noopener\"><span class='avia_hidden_link_text'>Compartir en Facebook<\/span><\/a><\/li><li class='av-share-link av-social-link-twitter' ><a target=\"_blank\" aria-label=\"Compartir en Twitter\" href='https:\/\/twitter.com\/share?text=Marzo%20y%20la%20vuelta%20a%20clases%3A%20C%C3%B3mo%20cuidar%20la%20salud%20y%20retomar%20la%20rutina&#038;url=https:\/\/radiorevelacionfm.cl\/?p=51006' aria-hidden='false' data-av_icon='\ue8f1' data-av_iconfont='entypo-fontello' title='' data-avia-related-tooltip='Compartir en Twitter' rel=\"noopener\"><span class='avia_hidden_link_text'>Compartir en Twitter<\/span><\/a><\/li><li class='av-share-link av-social-link-whatsapp' ><a target=\"_blank\" aria-label=\"Compartir en Whatsapp\" href='https:\/\/api.whatsapp.com\/send?text=https:\/\/radiorevelacionfm.cl\/?p=51006' aria-hidden='false' data-av_icon='\uf232' data-av_iconfont='entypo-fontello' title='' data-avia-related-tooltip='Compartir en Whatsapp' rel=\"noopener\"><span class='avia_hidden_link_text'>Compartir en Whatsapp<\/span><\/a><\/li><li class='av-share-link av-social-link-linkedin' ><a target=\"_blank\" aria-label=\"Compartir en LinkedIn\" href='https:\/\/linkedin.com\/shareArticle?mini=true&#038;title=Marzo%20y%20la%20vuelta%20a%20clases%3A%20C%C3%B3mo%20cuidar%20la%20salud%20y%20retomar%20la%20rutina&#038;url=https:\/\/radiorevelacionfm.cl\/?p=51006' aria-hidden='false' data-av_icon='\ue8fc' data-av_iconfont='entypo-fontello' title='' data-avia-related-tooltip='Compartir en LinkedIn' rel=\"noopener\"><span class='avia_hidden_link_text'>Compartir en LinkedIn<\/span><\/a><\/li><li class='av-share-link av-social-link-mail' ><a  aria-label=\"Compartir por correo\" href='mailto:?subject=Marzo%20y%20la%20vuelta%20a%20clases%3A%20C%C3%B3mo%20cuidar%20la%20salud%20y%20retomar%20la%20rutina&#038;body=https:\/\/radiorevelacionfm.cl\/?p=51006' aria-hidden='false' data-av_icon='\ue805' data-av_iconfont='entypo-fontello' title='' data-avia-related-tooltip='Compartir por correo'><span class='avia_hidden_link_text'>Compartir por correo<\/span><\/a><\/li><\/ul><\/div><\/div>\n<div  style='height:50px' class='hr hr-invisible   avia-builder-el-8  el_after_av_social_share  el_before_av_comments_list '><span class='hr-inner ' ><span class='hr-inner-style'><\/span><\/span><\/div>\n<div  class='av-buildercomment  av-blog-meta-html-info-disabled av-blog-meta-tag-disabled  '><\/div>\n","protected":false},"excerpt":{"rendered":"","protected":false},"author":1,"featured_media":51007,"comment_status":"open","ping_status":"open","sticky":false,"template":"","format":"standard","meta":{"footnotes":""},"categories":[61],"tags":[],"class_list":["post-51006","post","type-post","status-publish","format-standard","has-post-thumbnail","hentry","category-nacional"],"jetpack_featured_media_url":"https:\/\/radiorevelacionfm.cl\/wp-content\/uploads\/2025\/02\/cp-foto-1-1_optimized.jpg","_links":{"self":[{"href":"https:\/\/radiorevelacionfm.cl\/index.php?rest_route=\/wp\/v2\/posts\/51006","targetHints":{"allow":["GET"]}}],"collection":[{"href":"https:\/\/radiorevelacionfm.cl\/index.php?rest_route=\/wp\/v2\/posts"}],"about":[{"href":"https:\/\/radiorevelacionfm.cl\/index.php?rest_route=\/wp\/v2\/types\/post"}],"author":[{"embeddable":true,"href":"https:\/\/radiorevelacionfm.cl\/index.php?rest_route=\/wp\/v2\/users\/1"}],"replies":[{"embeddable":true,"href":"https:\/\/radiorevelacionfm.cl\/index.php?rest_route=%2Fwp%2Fv2%2Fcomments&post=51006"}],"version-history":[{"count":1,"href":"https:\/\/radiorevelacionfm.cl\/index.php?rest_route=\/wp\/v2\/posts\/51006\/revisions"}],"predecessor-version":[{"id":51008,"href":"https:\/\/radiorevelacionfm.cl\/index.php?rest_route=\/wp\/v2\/posts\/51006\/revisions\/51008"}],"wp:featuredmedia":[{"embeddable":true,"href":"https:\/\/radiorevelacionfm.cl\/index.php?rest_route=\/wp\/v2\/media\/51007"}],"wp:attachment":[{"href":"https:\/\/radiorevelacionfm.cl\/index.php?rest_route=%2Fwp%2Fv2%2Fmedia&parent=51006"}],"wp:term":[{"taxonomy":"category","embeddable":true,"href":"https:\/\/radiorevelacionfm.cl\/index.php?rest_route=%2Fwp%2Fv2%2Fcategories&post=51006"},{"taxonomy":"post_tag","embeddable":true,"href":"https:\/\/radiorevelacionfm.cl\/index.php?rest_route=%2Fwp%2Fv2%2Ftags&post=51006"}],"curies":[{"name":"wp","href":"https:\/\/api.w.org\/{rel}","templated":true}]}}