{"id":51003,"date":"2025-02-28T14:46:28","date_gmt":"2025-02-28T17:46:28","guid":{"rendered":"https:\/\/radiorevelacionfm.cl\/?p=51003"},"modified":"2025-02-28T14:46:28","modified_gmt":"2025-02-28T17:46:28","slug":"jovenes-de-rio-ibanez-participaron-en-1-campamento-de-conservacion-y-emprendimiento-en-el-turismo","status":"publish","type":"post","link":"https:\/\/radiorevelacionfm.cl\/?p=51003","title":{"rendered":"J\u00f3venes de R\u00edo Ib\u00e1\u00f1ez participaron en 1\u00b0 Campamento de Conservaci\u00f3n y Emprendimiento en el Turismo"},"content":{"rendered":"<div class=\"flex_column av_one_full  flex_column_div av-zero-column-padding first  avia-builder-el-0  el_before_av_one_full  avia-builder-el-first  \" style='border-radius:0px; '><div  class='avia-image-container  av-styling-    avia-builder-el-1  avia-builder-el-no-sibling  avia-align-center '  itemprop=\"image\" itemscope=\"itemscope\" itemtype=\"https:\/\/schema.org\/ImageObject\"  ><div class='avia-image-container-inner'><div class='avia-image-overlay-wrap'><img decoding=\"async\" class='wp-image-51004 avia-img-lazy-loading-not-51004 avia_image' src=\"https:\/\/radiorevelacionfm.cl\/wp-content\/uploads\/2025\/02\/7-15-1_optimized.jpeg\" alt='' title='7-(15)-(1)_optimized' height=\"600\" width=\"800\"  itemprop=\"thumbnailUrl\" srcset=\"https:\/\/radiorevelacionfm.cl\/wp-content\/uploads\/2025\/02\/7-15-1_optimized.jpeg 800w, https:\/\/radiorevelacionfm.cl\/wp-content\/uploads\/2025\/02\/7-15-1_optimized-300x225.jpeg 300w, https:\/\/radiorevelacionfm.cl\/wp-content\/uploads\/2025\/02\/7-15-1_optimized-768x576.jpeg 768w, https:\/\/radiorevelacionfm.cl\/wp-content\/uploads\/2025\/02\/7-15-1_optimized-705x529.jpeg 705w, https:\/\/radiorevelacionfm.cl\/wp-content\/uploads\/2025\/02\/7-15-1_optimized-450x338.jpeg 450w, https:\/\/radiorevelacionfm.cl\/wp-content\/uploads\/2025\/02\/7-15-1_optimized-600x450.jpeg 600w\" sizes=\"(max-width: 800px) 100vw, 800px\" \/><\/div><\/div><\/div><\/div><div class=\"flex_column av_one_full  flex_column_div av-zero-column-padding first  avia-builder-el-2  el_after_av_one_full  el_before_av_one_full  column-top-margin\" style='border-radius:0px; '><section class=\"av_textblock_section \"  itemscope=\"itemscope\" itemtype=\"https:\/\/schema.org\/BlogPosting\" itemprop=\"blogPost\" ><div class='avia_textblock  '   itemprop=\"text\" ><p style=\"text-align: center;\"><strong><span style=\"font-size: 18pt;\">J\u00f3venes de R\u00edo Ib\u00e1\u00f1ez participaron en 1\u00b0 Campamento de Conservaci\u00f3n y Emprendimiento en el Turismo<\/span><\/strong><\/p>\n<div id=\"gtx-trans\" style=\"position: absolute; left: -50px; top: 4.31534px;\">\n<div class=\"gtx-trans-icon\"><\/div>\n<\/div>\n<\/div><\/section><\/div><div class=\"flex_column av_one_full  flex_column_div av-zero-column-padding first  avia-builder-el-4  el_after_av_one_full  el_before_av_hr  column-top-margin\" style='border-radius:0px; '><section class=\"av_textblock_section \"  itemscope=\"itemscope\" itemtype=\"https:\/\/schema.org\/BlogPosting\" itemprop=\"blogPost\" ><div class='avia_textblock  '   itemprop=\"text\" ><p style=\"text-align: justify;\"><em>Durante la experiencia, denominada Outdoor Camp Puerto S\u00e1nchez 2025, quienes se inscribieron disfrutaron de diversos talleres, adem\u00e1s de explorar el impresionante Santuario de la Naturaleza Capilla de M\u00e1rmol y las Islas.<\/em><\/p>\n<p style=\"text-align: justify;\">Ubicada en plena Patagonia chilena, la comuna de R\u00edo Ib\u00e1\u00f1ez es bendecida por tener y ser la puerta de entrada a una gran cantidad de tesoros naturales de la Patagonia chilena. Hoy, es un destino que cautiva cada a\u00f1o el inter\u00e9s de miles de visitantes nacionales y extranjeros, buscando posicionarse a\u00fan m\u00e1s en el mapa tur\u00edstico desde un enfoque sostenible y de conservaci\u00f3n.<\/p>\n<p style=\"text-align: justify;\">Reconocidos a nivel mundial, el Parque Nacional Cerro Castillo y el Santuario de la Naturaleza Capilla de M\u00e1rmol, son dos importantes atractivos que se encuentran dentro de este territorio. Adem\u00e1s, ofrece acceso privilegiado al Glaciar Exploradores y la imponente Laguna San Rafael.<\/p>\n<p style=\"text-align: justify;\">Gracias a su biodiversidad \u00fanica, paisajes sobrecogedores y variada gama de actividades al aire libre, el turismo se ha consolidado como uno de los pilares fundamentales de la econom\u00eda local. Consciente de esta realidad, la Municipalidad de R\u00edo Ib\u00e1\u00f1ez, bajo la direcci\u00f3n del alcalde Marcelo J\u00e9lvez C\u00e1rdenas, ha implementado diversas acciones orientadas a fomentar el desarrollo de este rubro, con especial \u00e9nfasis en la formaci\u00f3n de las futuras generaciones.<\/p>\n<p style=\"text-align: justify;\">Dentro de este contexto, durante los d\u00edas 25 y 26 de febrero, un grupo de alrededor de 20 j\u00f3venes, entre 15 a 24 a\u00f1os, pertenecientes a las cinco localidades de la comuna, fueron parte del 1\u00b0 Outdoor Camp Puerto S\u00e1nchez 2025, financiado a trav\u00e9s del Programa de Fortalecimiento Productivo del Gobierno Regional de Ays\u00e9n y ejecutado por la Oficina de Fomento Productivo y Turismo del municipio.<\/p>\n<p style=\"text-align: justify;\">Este innovador campamento tuvo como principales objetivos incentivar a los participantes a explorar los atractivos naturales de su tierra, educarlos sobre la importancia de la conservaci\u00f3n ambiental y motivarlos a emprender en el din\u00e1mico mundo del turismo y el deporte de aventura.<\/p>\n<p style=\"text-align: justify;\">\u00abCon esto buscamos que nuestros j\u00f3venes descubran y compartan con orgullo los tesoros naturales y \u00e1reas protegidas que tenemos. Asimismo, queremos que comprendan la enorme proyecci\u00f3n que tiene el turismo, no solo para nuestras vecinas y vecinos, sino que tambi\u00e9n para toda la Regi\u00f3n de Ays\u00e9n, debido a las bondades que nos ha regalado la Patagonia\u00bb, destac\u00f3 el alcalde Marcelo J\u00e9lvez C\u00e1rdenas.<\/p>\n<p style=\"text-align: justify;\">En esta misma l\u00ednea, la joven participante del Outdoor Camp, Pamela Barr\u00eda D\u00edaz (16), de Bah\u00eda Murta, valor\u00f3 esta iniciativ, se\u00f1alando que \u201ces un aprendizaje s\u00faper bueno para quienes vivimos en esta comuna. De esta forma conocemos m\u00e1s sobre lo que tenemos en el entorno y que otras personas desear\u00edan tener. El turismo nos potencia y es una gran fuente laboral para nuestras comunidades a futuro\u201d.<\/p>\n<p style=\"text-align: justify;\">Dentro de las actividades que los participantes pudieron realizar, se contemplaron talleres de \u201cNo Deje Rastro\u201d, conocimientos b\u00e1sicos sobre kayak y emprendimiento sustentable; ciclo de documentales, tarde de trekking y una visita al Santuario de la<\/p>\n<p style=\"text-align: justify;\">Naturaleza Capilla de M\u00e1rmol e Islas Panichini. A trav\u00e9s de su gesti\u00f3n, la primera autoridad comunal confirm\u00f3 que, debido al gran \u00e9xito, para 2026 se viene una segunda edici\u00f3n y espera que se sumen muchos m\u00e1s j\u00f3venes.<\/p>\n<\/div><\/section><\/div><div  style='height:50px' class='hr hr-invisible   avia-builder-el-6  el_after_av_one_full  el_before_av_social_share '><span class='hr-inner ' ><span class='hr-inner-style'><\/span><\/span><\/div><\/p>\n<div  class='av-social-sharing-box  avia-builder-el-7  el_after_av_hr  el_before_av_hr  '><div class='av-share-box'><h5 class='av-share-link-description av-no-toc '>Compartir esta noticia<\/h5><ul class='av-share-box-list noLightbox'><li class='av-share-link av-social-link-facebook' ><a target=\"_blank\" aria-label=\"Compartir en Facebook\" href='https:\/\/www.facebook.com\/sharer.php?u=https:\/\/radiorevelacionfm.cl\/?p=51003&#038;t=J%C3%B3venes%20de%20R%C3%ADo%20Ib%C3%A1%C3%B1ez%20participaron%20en%201%C2%B0%20Campamento%20de%20Conservaci%C3%B3n%20y%20Emprendimiento%20en%20el%20Turismo' aria-hidden='false' data-av_icon='\ue8f3' data-av_iconfont='entypo-fontello' title='' data-avia-related-tooltip='Compartir en Facebook' rel=\"noopener\"><span class='avia_hidden_link_text'>Compartir en Facebook<\/span><\/a><\/li><li class='av-share-link av-social-link-twitter' ><a target=\"_blank\" aria-label=\"Compartir en Twitter\" href='https:\/\/twitter.com\/share?text=J%C3%B3venes%20de%20R%C3%ADo%20Ib%C3%A1%C3%B1ez%20participaron%20en%201%C2%B0%20Campamento%20de%20Conservaci%C3%B3n%20y%20Emprendimiento%20en%20el%20Turismo&#038;url=https:\/\/radiorevelacionfm.cl\/?p=51003' aria-hidden='false' data-av_icon='\ue8f1' data-av_iconfont='entypo-fontello' title='' data-avia-related-tooltip='Compartir en Twitter' rel=\"noopener\"><span class='avia_hidden_link_text'>Compartir en Twitter<\/span><\/a><\/li><li class='av-share-link av-social-link-whatsapp' ><a target=\"_blank\" aria-label=\"Compartir en Whatsapp\" href='https:\/\/api.whatsapp.com\/send?text=https:\/\/radiorevelacionfm.cl\/?p=51003' aria-hidden='false' data-av_icon='\uf232' data-av_iconfont='entypo-fontello' title='' data-avia-related-tooltip='Compartir en Whatsapp' rel=\"noopener\"><span class='avia_hidden_link_text'>Compartir en Whatsapp<\/span><\/a><\/li><li class='av-share-link av-social-link-linkedin' ><a target=\"_blank\" aria-label=\"Compartir en LinkedIn\" href='https:\/\/linkedin.com\/shareArticle?mini=true&#038;title=J%C3%B3venes%20de%20R%C3%ADo%20Ib%C3%A1%C3%B1ez%20participaron%20en%201%C2%B0%20Campamento%20de%20Conservaci%C3%B3n%20y%20Emprendimiento%20en%20el%20Turismo&#038;url=https:\/\/radiorevelacionfm.cl\/?p=51003' aria-hidden='false' data-av_icon='\ue8fc' data-av_iconfont='entypo-fontello' title='' data-avia-related-tooltip='Compartir en LinkedIn' rel=\"noopener\"><span class='avia_hidden_link_text'>Compartir en LinkedIn<\/span><\/a><\/li><li class='av-share-link av-social-link-mail' ><a  aria-label=\"Compartir por correo\" href='mailto:?subject=J%C3%B3venes%20de%20R%C3%ADo%20Ib%C3%A1%C3%B1ez%20participaron%20en%201%C2%B0%20Campamento%20de%20Conservaci%C3%B3n%20y%20Emprendimiento%20en%20el%20Turismo&#038;body=https:\/\/radiorevelacionfm.cl\/?p=51003' aria-hidden='false' data-av_icon='\ue805' data-av_iconfont='entypo-fontello' title='' data-avia-related-tooltip='Compartir por correo'><span class='avia_hidden_link_text'>Compartir por correo<\/span><\/a><\/li><\/ul><\/div><\/div>\n<div  style='height:50px' class='hr hr-invisible   avia-builder-el-8  el_after_av_social_share  el_before_av_comments_list '><span class='hr-inner ' ><span class='hr-inner-style'><\/span><\/span><\/div>\n<div  class='av-buildercomment  av-blog-meta-html-info-disabled av-blog-meta-tag-disabled  '><\/div>\n","protected":false},"excerpt":{"rendered":"","protected":false},"author":1,"featured_media":51004,"comment_status":"open","ping_status":"open","sticky":false,"template":"","format":"standard","meta":{"footnotes":""},"categories":[38],"tags":[],"class_list":["post-51003","post","type-post","status-publish","format-standard","has-post-thumbnail","hentry","category-regional"],"jetpack_featured_media_url":"https:\/\/radiorevelacionfm.cl\/wp-content\/uploads\/2025\/02\/7-15-1_optimized.jpeg","_links":{"self":[{"href":"https:\/\/radiorevelacionfm.cl\/index.php?rest_route=\/wp\/v2\/posts\/51003","targetHints":{"allow":["GET"]}}],"collection":[{"href":"https:\/\/radiorevelacionfm.cl\/index.php?rest_route=\/wp\/v2\/posts"}],"about":[{"href":"https:\/\/radiorevelacionfm.cl\/index.php?rest_route=\/wp\/v2\/types\/post"}],"author":[{"embeddable":true,"href":"https:\/\/radiorevelacionfm.cl\/index.php?rest_route=\/wp\/v2\/users\/1"}],"replies":[{"embeddable":true,"href":"https:\/\/radiorevelacionfm.cl\/index.php?rest_route=%2Fwp%2Fv2%2Fcomments&post=51003"}],"version-history":[{"count":1,"href":"https:\/\/radiorevelacionfm.cl\/index.php?rest_route=\/wp\/v2\/posts\/51003\/revisions"}],"predecessor-version":[{"id":51005,"href":"https:\/\/radiorevelacionfm.cl\/index.php?rest_route=\/wp\/v2\/posts\/51003\/revisions\/51005"}],"wp:featuredmedia":[{"embeddable":true,"href":"https:\/\/radiorevelacionfm.cl\/index.php?rest_route=\/wp\/v2\/media\/51004"}],"wp:attachment":[{"href":"https:\/\/radiorevelacionfm.cl\/index.php?rest_route=%2Fwp%2Fv2%2Fmedia&parent=51003"}],"wp:term":[{"taxonomy":"category","embeddable":true,"href":"https:\/\/radiorevelacionfm.cl\/index.php?rest_route=%2Fwp%2Fv2%2Fcategories&post=51003"},{"taxonomy":"post_tag","embeddable":true,"href":"https:\/\/radiorevelacionfm.cl\/index.php?rest_route=%2Fwp%2Fv2%2Ftags&post=51003"}],"curies":[{"name":"wp","href":"https:\/\/api.w.org\/{rel}","templated":true}]}}