{"id":51000,"date":"2025-02-28T14:30:22","date_gmt":"2025-02-28T17:30:22","guid":{"rendered":"https:\/\/radiorevelacionfm.cl\/?p=51000"},"modified":"2025-02-28T14:30:22","modified_gmt":"2025-02-28T17:30:22","slug":"isla-huichas-invita-a-participar-y-disfrutar-del-fin-de-las-actividades-de-aniversario-a-lo-grande","status":"publish","type":"post","link":"https:\/\/radiorevelacionfm.cl\/?p=51000","title":{"rendered":"Isla Huichas invita a participar y disfrutar del fin de las actividades de Aniversario a lo grande"},"content":{"rendered":"<div class=\"flex_column av_one_full  flex_column_div av-zero-column-padding first  avia-builder-el-0  el_before_av_one_full  avia-builder-el-first  \" style='border-radius:0px; '><div  class='avia-image-container  av-styling-    avia-builder-el-1  avia-builder-el-no-sibling  avia-align-center '  itemprop=\"image\" itemscope=\"itemscope\" itemtype=\"https:\/\/schema.org\/ImageObject\"  ><div class='avia-image-container-inner'><div class='avia-image-overlay-wrap'><img decoding=\"async\" class='wp-image-51001 avia-img-lazy-loading-not-51001 avia_image' src=\"https:\/\/radiorevelacionfm.cl\/wp-content\/uploads\/2025\/02\/huichas-1-1_optimized-1.jpg\" alt='' title='huichas-(1)-(1)_optimized (1)' height=\"1000\" width=\"800\"  itemprop=\"thumbnailUrl\" srcset=\"https:\/\/radiorevelacionfm.cl\/wp-content\/uploads\/2025\/02\/huichas-1-1_optimized-1.jpg 800w, https:\/\/radiorevelacionfm.cl\/wp-content\/uploads\/2025\/02\/huichas-1-1_optimized-1-240x300.jpg 240w, https:\/\/radiorevelacionfm.cl\/wp-content\/uploads\/2025\/02\/huichas-1-1_optimized-1-768x960.jpg 768w, https:\/\/radiorevelacionfm.cl\/wp-content\/uploads\/2025\/02\/huichas-1-1_optimized-1-564x705.jpg 564w, https:\/\/radiorevelacionfm.cl\/wp-content\/uploads\/2025\/02\/huichas-1-1_optimized-1-450x563.jpg 450w, https:\/\/radiorevelacionfm.cl\/wp-content\/uploads\/2025\/02\/huichas-1-1_optimized-1-600x750.jpg 600w\" sizes=\"(max-width: 800px) 100vw, 800px\" \/><\/div><\/div><\/div><\/div><div class=\"flex_column av_one_full  flex_column_div av-zero-column-padding first  avia-builder-el-2  el_after_av_one_full  el_before_av_one_full  column-top-margin\" style='border-radius:0px; '><section class=\"av_textblock_section \"  itemscope=\"itemscope\" itemtype=\"https:\/\/schema.org\/BlogPosting\" itemprop=\"blogPost\" ><div class='avia_textblock  '   itemprop=\"text\" ><p style=\"text-align: center;\"><strong><span style=\"font-size: 18pt;\">Isla Huichas invita a participar y disfrutar del fin de las actividades de Aniversario a lo grande<\/span><\/strong><\/p>\n<div id=\"gtx-trans\" style=\"position: absolute; left: -50px; top: 4.31534px;\">\n<div class=\"gtx-trans-icon\"><\/div>\n<\/div>\n<\/div><\/section><\/div><div class=\"flex_column av_one_full  flex_column_div av-zero-column-padding first  avia-builder-el-4  el_after_av_one_full  el_before_av_hr  column-top-margin\" style='border-radius:0px; '><section class=\"av_textblock_section \"  itemscope=\"itemscope\" itemtype=\"https:\/\/schema.org\/BlogPosting\" itemprop=\"blogPost\" ><div class='avia_textblock  '   itemprop=\"text\" ><p style=\"text-align: justify;\">Este fin de semana termina el 83 cumplea\u00f1os de las localidades de Estero Copa, Caleta Andrade y Puerto Aguirre, es por ello que la Municipalidad de Ays\u00e9n ha querido finalizar de la mejor manera, con variadas actividades para todos los vecinos y personas en general que visiten la isla.<\/p>\n<p style=\"text-align: justify;\">El alcalde de Ays\u00e9n, Luis Mart\u00ednez, realiz\u00f3 una invitaci\u00f3n a todos los vecinos de Ays\u00e9n para que se motiven a visitar Las Huichas este 1 y 2 de marzo.<\/p>\n<p style=\"text-align: justify;\">\u201cQuiero invitarlos este fin de semana al cierre de las actividades de la fecha de su aniversario con un show con artistas de nivel nacional el d\u00eda s\u00e1bado y con un curanto gratuito el d\u00eda domingo. Pueden viajar a Puerto Aguirre con mucha facilidad, contactarse a trav\u00e9s de la empresa Naviera Austral que tiene frecuencias todos los d\u00edas e ir a pasar un fin de semana a esta isla, que la verdad que tiene mucho que entregar tur\u00edsticamente. Un viaje corto, un viaje de familia, de fin de semana, para celebrar juntos a los huichanos\u201d, coment\u00f3 el alcalde Mart\u00ednez.<\/p>\n<p style=\"text-align: justify;\">Durante el s\u00e1bado 1 de febrero a las 11:00 horas comenzar\u00e1 la Feria Expo Aniversario, en el Gimnasio Demetrio C\u00e1rdenas de Puerto Aguirre, lugar en el que se encontrar\u00e1n expositores con sus productos para la venta. Al mismo tiempo se realizar\u00e1 el Espacio Belleza en Estero Copa, instancia en la que los vecinos pueden hacerse una manicura permanente o un corte de pelo.<\/p>\n<p style=\"text-align: justify;\">En el mismo espacio de la feria se realizar\u00e1n diversos talleres tanto el d\u00eda s\u00e1bado como el domingo, estos ser\u00e1n de \u201cCreaci\u00f3n de atrapasue\u00f1os\u201d, \u201cCosm\u00e9tica Natural\u201d, \u201cFieltro H\u00famedo\u201d y \u201cTelar en Cuadro con Dise\u00f1o\u201d; los horarios se encuentran disponibles en las redes sociales de la Municipalidad de Ays\u00e9n, mientras que las inscripciones se puede hacer en la Delegaci\u00f3n de la localidad.<\/p>\n<p style=\"text-align: justify;\">Igualmente esta iniciativa de Fomento Productivo cuenta con espacios para la entretenci\u00f3n de los ni\u00f1os. Al igual que la presentaci\u00f3n de los artistas nacionales \u201cFurias en Acci\u00f3n\u201d a las 20:30 y a los locales \u201cYonathan y su Banda\u201d a las 22:00 horas del d\u00eda s\u00e1bado.<\/p>\n<p style=\"text-align: justify;\">El domingo 2 de marzo se realizar\u00e1 a las 12:00 horas el \u201cPulmay Gratuito\u201d, referente a este, Francesca Stuardo, funcionaria de la Oficina de Fomento Productivo, coment\u00f3, \u201cTodos invitados a poder participar de este curanto, pueden llevar sus platos, sus servicios y vasos. Este Pulmay estar\u00e1 amenizado por \u201cLuis G\u00f3mez y su Mambo Patag\u00f3n\u201d, as\u00ed que compartamos este almuerzo comunitario que ser\u00e1 muy entretenido para todos\u201d.<\/p>\n<p style=\"text-align: justify;\">Para cualquier interesado en ir a participar de estos eventos o que quiera ir a visitar la isla, puede ver los itinerarios de salida de embarcaciones en la p\u00e1gina web de Naviera Austral, la cual sale desde Chacabuco y llega a Puerto Aguirre ambos d\u00edas.<\/p>\n<\/div><\/section><\/div><div  style='height:50px' class='hr hr-invisible   avia-builder-el-6  el_after_av_one_full  el_before_av_social_share '><span class='hr-inner ' ><span class='hr-inner-style'><\/span><\/span><\/div><\/p>\n<div  class='av-social-sharing-box  avia-builder-el-7  el_after_av_hr  el_before_av_hr  '><div class='av-share-box'><h5 class='av-share-link-description av-no-toc '>Compartir esta noticia<\/h5><ul class='av-share-box-list noLightbox'><li class='av-share-link av-social-link-facebook' ><a target=\"_blank\" aria-label=\"Compartir en Facebook\" href='https:\/\/www.facebook.com\/sharer.php?u=https:\/\/radiorevelacionfm.cl\/?p=51000&#038;t=Isla%20Huichas%20invita%20a%20participar%20y%20disfrutar%20del%20fin%20de%20las%20actividades%20de%20Aniversario%20a%20lo%20grande' aria-hidden='false' data-av_icon='\ue8f3' data-av_iconfont='entypo-fontello' title='' data-avia-related-tooltip='Compartir en Facebook' rel=\"noopener\"><span class='avia_hidden_link_text'>Compartir en Facebook<\/span><\/a><\/li><li class='av-share-link av-social-link-twitter' ><a target=\"_blank\" aria-label=\"Compartir en Twitter\" href='https:\/\/twitter.com\/share?text=Isla%20Huichas%20invita%20a%20participar%20y%20disfrutar%20del%20fin%20de%20las%20actividades%20de%20Aniversario%20a%20lo%20grande&#038;url=https:\/\/radiorevelacionfm.cl\/?p=51000' aria-hidden='false' data-av_icon='\ue8f1' data-av_iconfont='entypo-fontello' title='' data-avia-related-tooltip='Compartir en Twitter' rel=\"noopener\"><span class='avia_hidden_link_text'>Compartir en Twitter<\/span><\/a><\/li><li class='av-share-link av-social-link-whatsapp' ><a target=\"_blank\" aria-label=\"Compartir en Whatsapp\" href='https:\/\/api.whatsapp.com\/send?text=https:\/\/radiorevelacionfm.cl\/?p=51000' aria-hidden='false' data-av_icon='\uf232' data-av_iconfont='entypo-fontello' title='' data-avia-related-tooltip='Compartir en Whatsapp' rel=\"noopener\"><span class='avia_hidden_link_text'>Compartir en Whatsapp<\/span><\/a><\/li><li class='av-share-link av-social-link-linkedin' ><a target=\"_blank\" aria-label=\"Compartir en LinkedIn\" href='https:\/\/linkedin.com\/shareArticle?mini=true&#038;title=Isla%20Huichas%20invita%20a%20participar%20y%20disfrutar%20del%20fin%20de%20las%20actividades%20de%20Aniversario%20a%20lo%20grande&#038;url=https:\/\/radiorevelacionfm.cl\/?p=51000' aria-hidden='false' data-av_icon='\ue8fc' data-av_iconfont='entypo-fontello' title='' data-avia-related-tooltip='Compartir en LinkedIn' rel=\"noopener\"><span class='avia_hidden_link_text'>Compartir en LinkedIn<\/span><\/a><\/li><li class='av-share-link av-social-link-mail' ><a  aria-label=\"Compartir por correo\" href='mailto:?subject=Isla%20Huichas%20invita%20a%20participar%20y%20disfrutar%20del%20fin%20de%20las%20actividades%20de%20Aniversario%20a%20lo%20grande&#038;body=https:\/\/radiorevelacionfm.cl\/?p=51000' aria-hidden='false' data-av_icon='\ue805' data-av_iconfont='entypo-fontello' title='' data-avia-related-tooltip='Compartir por correo'><span class='avia_hidden_link_text'>Compartir por correo<\/span><\/a><\/li><\/ul><\/div><\/div>\n<div  style='height:50px' class='hr hr-invisible   avia-builder-el-8  el_after_av_social_share  el_before_av_comments_list '><span class='hr-inner ' ><span class='hr-inner-style'><\/span><\/span><\/div>\n<div  class='av-buildercomment  av-blog-meta-html-info-disabled av-blog-meta-tag-disabled  '><\/div>\n","protected":false},"excerpt":{"rendered":"","protected":false},"author":1,"featured_media":51001,"comment_status":"open","ping_status":"open","sticky":false,"template":"","format":"standard","meta":{"footnotes":""},"categories":[38],"tags":[],"class_list":["post-51000","post","type-post","status-publish","format-standard","has-post-thumbnail","hentry","category-regional"],"jetpack_featured_media_url":"https:\/\/radiorevelacionfm.cl\/wp-content\/uploads\/2025\/02\/huichas-1-1_optimized-1.jpg","_links":{"self":[{"href":"https:\/\/radiorevelacionfm.cl\/index.php?rest_route=\/wp\/v2\/posts\/51000","targetHints":{"allow":["GET"]}}],"collection":[{"href":"https:\/\/radiorevelacionfm.cl\/index.php?rest_route=\/wp\/v2\/posts"}],"about":[{"href":"https:\/\/radiorevelacionfm.cl\/index.php?rest_route=\/wp\/v2\/types\/post"}],"author":[{"embeddable":true,"href":"https:\/\/radiorevelacionfm.cl\/index.php?rest_route=\/wp\/v2\/users\/1"}],"replies":[{"embeddable":true,"href":"https:\/\/radiorevelacionfm.cl\/index.php?rest_route=%2Fwp%2Fv2%2Fcomments&post=51000"}],"version-history":[{"count":1,"href":"https:\/\/radiorevelacionfm.cl\/index.php?rest_route=\/wp\/v2\/posts\/51000\/revisions"}],"predecessor-version":[{"id":51002,"href":"https:\/\/radiorevelacionfm.cl\/index.php?rest_route=\/wp\/v2\/posts\/51000\/revisions\/51002"}],"wp:featuredmedia":[{"embeddable":true,"href":"https:\/\/radiorevelacionfm.cl\/index.php?rest_route=\/wp\/v2\/media\/51001"}],"wp:attachment":[{"href":"https:\/\/radiorevelacionfm.cl\/index.php?rest_route=%2Fwp%2Fv2%2Fmedia&parent=51000"}],"wp:term":[{"taxonomy":"category","embeddable":true,"href":"https:\/\/radiorevelacionfm.cl\/index.php?rest_route=%2Fwp%2Fv2%2Fcategories&post=51000"},{"taxonomy":"post_tag","embeddable":true,"href":"https:\/\/radiorevelacionfm.cl\/index.php?rest_route=%2Fwp%2Fv2%2Ftags&post=51000"}],"curies":[{"name":"wp","href":"https:\/\/api.w.org\/{rel}","templated":true}]}}