{"id":50997,"date":"2025-02-28T17:08:41","date_gmt":"2025-02-28T20:08:41","guid":{"rendered":"https:\/\/radiorevelacionfm.cl\/?p=50997"},"modified":"2025-02-28T17:08:41","modified_gmt":"2025-02-28T20:08:41","slug":"autoridades-entregan-recomendaciones-sobre-inicio-del-ano-escolar","status":"publish","type":"post","link":"https:\/\/radiorevelacionfm.cl\/?p=50997","title":{"rendered":"Autoridades entregan recomendaciones sobre inicio del a\u00f1o escolar"},"content":{"rendered":"<div class=\"flex_column av_one_full  flex_column_div av-zero-column-padding first  avia-builder-el-0  el_before_av_one_full  avia-builder-el-first  \" style='border-radius:0px; '><div  class='avia-image-container  av-styling-    avia-builder-el-1  avia-builder-el-no-sibling  avia-align-center '  itemprop=\"image\" itemscope=\"itemscope\" itemtype=\"https:\/\/schema.org\/ImageObject\"  ><div class='avia-image-container-inner'><div class='avia-image-overlay-wrap'><img decoding=\"async\" class='wp-image-50998 avia-img-lazy-loading-not-50998 avia_image' src=\"https:\/\/radiorevelacionfm.cl\/wp-content\/uploads\/2025\/02\/seremi2-1-1.jpeg\" alt='' title='seremi2 (1) (1)' height=\"600\" width=\"898\"  itemprop=\"thumbnailUrl\" srcset=\"https:\/\/radiorevelacionfm.cl\/wp-content\/uploads\/2025\/02\/seremi2-1-1.jpeg 898w, https:\/\/radiorevelacionfm.cl\/wp-content\/uploads\/2025\/02\/seremi2-1-1-300x200.jpeg 300w, https:\/\/radiorevelacionfm.cl\/wp-content\/uploads\/2025\/02\/seremi2-1-1-768x513.jpeg 768w, https:\/\/radiorevelacionfm.cl\/wp-content\/uploads\/2025\/02\/seremi2-1-1-705x471.jpeg 705w, https:\/\/radiorevelacionfm.cl\/wp-content\/uploads\/2025\/02\/seremi2-1-1-450x301.jpeg 450w, https:\/\/radiorevelacionfm.cl\/wp-content\/uploads\/2025\/02\/seremi2-1-1-600x401.jpeg 600w\" sizes=\"(max-width: 898px) 100vw, 898px\" \/><\/div><\/div><\/div><\/div><div class=\"flex_column av_one_full  flex_column_div av-zero-column-padding first  avia-builder-el-2  el_after_av_one_full  el_before_av_one_full  column-top-margin\" style='border-radius:0px; '><section class=\"av_textblock_section \"  itemscope=\"itemscope\" itemtype=\"https:\/\/schema.org\/BlogPosting\" itemprop=\"blogPost\" ><div class='avia_textblock  '   itemprop=\"text\" ><p style=\"text-align: center;\"><strong><span style=\"font-size: 18pt;\">Autoridades entregan recomendaciones sobre inicio del a\u00f1o escolar<\/span><\/strong><\/p>\n<div id=\"gtx-trans\" style=\"position: absolute; left: -50px; top: 4.31534px;\">\n<div class=\"gtx-trans-icon\"><\/div>\n<\/div>\n<\/div><\/section><\/div><div class=\"flex_column av_one_full  flex_column_div av-zero-column-padding first  avia-builder-el-4  el_after_av_one_full  el_before_av_hr  column-top-margin\" style='border-radius:0px; '><section class=\"av_textblock_section \"  itemscope=\"itemscope\" itemtype=\"https:\/\/schema.org\/BlogPosting\" itemprop=\"blogPost\" ><div class='avia_textblock  '   itemprop=\"text\" ><p class=\"v1MsoNormal\" style=\"text-align: justify;\"><span lang=\"ES\">Con el fin de orientar a las y los apoderados en este inicio del a\u00f1o escolar, hoy la Seremi de Educaci\u00f3n, Isabel Garrido, y la directora regional de la Superintendencia de Educaci\u00f3n, Pamela Adriazola, compartieron una serie de indicaciones y consejos respecto a la compra y exigencia de \u00fatiles, textos y uniformes escolares.<\/span><\/p>\n<p class=\"v1MsoNormal\" style=\"text-align: justify;\"><span lang=\"ES\">A ellas se sum\u00f3 el Seremi de Justicia y Derechos Humanos Samuel Navarro, quien llam\u00f3 a las familias a estar atentas a las inhabilidades para trabajar con ni\u00f1os y ni\u00f1as por condenas, registro p\u00fablico que puede ser consultado permanentemente por cualquier ciudadano\/a.<\/span><\/p>\n<p class=\"v1MsoNormal\" style=\"text-align: justify;\"><span lang=\"ES\">Las autoridades educacionales recordaron que los establecimientos tienen el deber de resguardar el derecho a la educaci\u00f3n de ni\u00f1os, ni\u00f1as y j\u00f3venes, y garantizar que ning\u00fan estudiante quede fuera de la sala de clases por falta de alguno de estos insumos.<\/span><\/p>\n<p class=\"v1MsoNormal\" style=\"text-align: justify;\"><span lang=\"ES\">Al respecto, Isabel Garrido se\u00f1al\u00f3 que \u201clo principal, es que ning\u00fan estudiante vea impedido el desarrollo de sus actividades acad\u00e9micas y educativas, por no contar con los recursos suficientes. Por eso, el Ministerio entrega, a trav\u00e9s de la JUNAEB, \u00fatiles escolares, m\u00e1s de 17 mil sets en la regi\u00f3n y, a trav\u00e9s de la Unidad de Curr\u00edculum y Evaluaci\u00f3n del Ministerio de Educaci\u00f3n, los textos escolares. Son herramientas que ponemos a disposici\u00f3n para llevar adelante el proceso educativo\u00bb, detall\u00f3.<\/span><\/p>\n<p class=\"v1MsoNormal\" style=\"text-align: justify;\"><span lang=\"ES\">Isabel Garrido detall\u00f3 que \u201cEstamos listos para iniciar el a\u00f1o escolar; nos hemos desplegado en terreno revisando el estado de la infraestructura escolar, sobre todo en aquellas escuelas y liceos p\u00fablicos donde se est\u00e1n realizando mejoramientos de infraestructura. Adem\u00e1s, para asegurar la alimentaci\u00f3n escolar, hemos chequeado el abastecimiento, calidad sanitaria y log\u00edstica de distribuci\u00f3n en la regi\u00f3n.\u00a0<\/span>El Programa de Alimentaci\u00f3n Escolar PAE, est\u00e1 presente en 128 establecimientos de toda la regi\u00f3n, considerando escuelas, liceos y jardines infantiles de la red JUNJI e Integra, beneficiando diariamente m\u00e1s de 15 mil estudiantes y p\u00e1rvulos\/as.<span lang=\"ES\">\u00a0Asimismo\u00a0<\/span>estamos entregando sets de \u00fatiles escolares para 17.230 estudiantes de distintos niveles educacionales\u201d.<\/p>\n<p class=\"v1MsoNormal\" style=\"text-align: justify;\"><b>Normativa sobre uniformes, \u00fatiles y textos escolares<\/b><\/p>\n<p class=\"v1MsoNormal\" style=\"text-align: justify;\"><span lang=\"ES\">La directora regional de la Superintendencia de Educaci\u00f3n, Pamela Adriazola, record\u00f3 que \u201cel derecho a la educaci\u00f3n no puede ser limitado por no tener \u00fatiles escolares o uniforme\u201d. En ese sentido, record\u00f3 que los establecimientos educacionales \u201cno pueden pedir marcas espec\u00edficas cuando se solicitan \u00fatiles escolares. Se pueden hacer recomendaciones fundadas siempre en dos razones: pedag\u00f3gicas o sanitarias. Solo en esas condiciones se puede recomendar la adquisici\u00f3n de determinados \u00fatiles escolares.\u201d \u00a0<\/span><\/p>\n<p class=\"v1MsoNormal\" style=\"text-align: justify;\"><span lang=\"ES\">Respecto a los textos escolares, agreg\u00f3 que los establecimientos que reciben subvenci\u00f3n del Estado, dado que cuentan con los textos escolares otorgados por el Ministerio de Educaci\u00f3n, \u201ctampoco pueden obligar a adquirir un determinado texto. Libros complementarios pueden ser solicitados previo acuerdo del Consejo Escolar, y si la familia no puede adquirirlos, deben ser proporcionados por el establecimiento\u201d.<\/span><\/p>\n<p class=\"v1MsoNormal\" style=\"text-align: justify;\"><span lang=\"ES\">Respecto al uniforme escolar, la normativa se\u00f1ala que la obligatoriedad del mismo debe estar se\u00f1alada en el Reglamento Interno, previa consulta a la comunidad educativa. Adem\u00e1s, las y los apoderados no pueden ser presionados o inducidos por el establecimiento a comprarlos a un proveedor determinado.<\/span><\/p>\n<p class=\"v1MsoNormal\" style=\"text-align: justify;\"><b><span lang=\"es-419\">Denuncias siguen a la baja<\/span><\/b><\/p>\n<p class=\"v1MsoNormal\" style=\"text-align: justify;\"><span lang=\"es-419\">Pamela Adriazola afirm\u00f3 que desde la instituci\u00f3n, \u201chemos visto como cada a\u00f1o disminuye la cifra de denuncias relacionadas a textos, \u00fatiles y uniformes escolares, lo que demuestra que tanto los establecimientos como las comunidades educativas conocen y respetan cada vez m\u00e1s la normativa educacional\u201d.<\/span><\/p>\n<p class=\"v1MsoNormal\" style=\"text-align: justify;\"><span lang=\"es-419\">Actualmente,\u00a0las denuncias recibidas por la Superintendencia a nivel nacional respecto a estas materias representan s\u00f3lo un 0,3% del total de 19.198 del a\u00f1o 2024. En la regi\u00f3n de Ays\u00e9n en dicho periodo se recibi\u00f3\u00a0 una denuncia sobre estas materias.<\/span><\/p>\n<p class=\"v1MsoNormal\" style=\"text-align: justify;\"><span lang=\"ES\">\u201cHace algunos a\u00f1os para todos era muy natural que cuando un ni\u00f1o, ni\u00f1a o adolescente no tuviera un texto, un \u00fatil o no portara el uniforme exigido, fuera devuelto a su casa. Eso hoy no est\u00e1 sucediendo, y no solo porque se protege la integridad f\u00edsica del ni\u00f1o, ni\u00f1a o adolescente, sino porque la ciudadan\u00eda ha comprendido que el derecho a la educaci\u00f3n es mucho m\u00e1s importante y debe ser protegido a todo evento, y que todas y todos somos responsables de aquello\u201d, afirm\u00f3 la Directora Regional de la Superintendencia.<\/span><\/p>\n<p class=\"v1MsoNormal\" style=\"text-align: justify;\"><span lang=\"ES\">Pamela Adriazola hizo un llamado a las madres, padres o apoderados que detecten incumplimientos a la normativa educacional respecto a estos temas, a acercarse a los establecimientos educacionales para resolverlo y, si se mantiene la controversia, solicitar una mediaci\u00f3n ante la Superintendencia, pedir orientaci\u00f3n en el fono 600 3600 390 o realizar una denuncia en sus oficinas regionales o a trav\u00e9s del sitio\u00a0<\/span><a href=\"http:\/\/www.supereduc.cl\/\" target=\"_blank\" rel=\"noopener noreferrer\"><span lang=\"ES\">www.supereduc.cl<\/span><\/a><span lang=\"ES\">.<\/span><\/p>\n<p class=\"v1MsoNormal\" style=\"text-align: justify;\"><b><span lang=\"ES\">Registro de Inhabilidades para trabajar con ni\u00f1os<\/span><\/b><\/p>\n<p class=\"v1MsoNormal\" style=\"text-align: justify;\"><span lang=\"ES\">Por su parte, el Seremi de Justicia y Derechos Humanos Samuel Navarro record\u00f3 la existencia del\u00a0<\/span>Registro de Inhabilidades y certificado de antecedentes.<\/p>\n<p class=\"v1MsoNormal\" style=\"text-align: justify;\">\u201cEs fundamental que los estudiantes cuenten con la mayor seguridad posible, en un contexto de resguardo para su bienestar y desarrollo integral.\u00a0 En este sentido, una de las exigencias de la normativa educacional, es que el personal directivo, docente, asistente, de transporte escolar u otro que se desempe\u00f1e en los establecimientos educacionales, cuenten con idoneidad moral, no presentando inhabilidad para trabajar con ni\u00f1os, ni\u00f1as y adolescentes.\u201d<\/p>\n<p class=\"v1MsoNormal\" style=\"text-align: justify;\">El Servicio de Registro Civil e Identificaci\u00f3n dispone de un registro p\u00fablico que informa a la ciudadan\u00eda sobre las personas que tienen inhabilidad para trabajar con ni\u00f1os, ni\u00f1as y adolescentes. \u00a0Samuel Navarro invit\u00f3 a los sostenedores de colegios y administradores de servicio de transporte escolar a consultar este registro cuyo acceso es p\u00fablico y gratuito.<\/p>\n<p class=\"v1MsoNormal\" style=\"text-align: justify;\">\u201cCualquier persona puede revisar de forma gratuita este informe en la secci\u00f3n \u2018Servicios en L\u00ednea\u2019 de la p\u00e1gina del\u00a0<a href=\"https:\/\/inhabilidades.srcei.cl\/ConsInhab\/consultaInhabilidad.do\" target=\"_blank\" rel=\"noopener noreferrer\">Registro Civil,<\/a>\u00a0donde deben ingresar los datos requeridos, como el RUN y el nombre completo de la persona a consultar. En este mismo sentido, se debe solicitar a la persona a contratar, su certificado de antecedentes, lo que permite conocer\u00a0si cuenta con antecedentes penales. Este se emite sobre la base de la informaci\u00f3n del registro general de condenas. Este documento acredita que una personase encuentra en este registro, por medio de una sentencia ejecutoriada\u201d.<\/p>\n<\/div><\/section><\/div><div  style='height:50px' class='hr hr-invisible   avia-builder-el-6  el_after_av_one_full  el_before_av_social_share '><span class='hr-inner ' ><span class='hr-inner-style'><\/span><\/span><\/div><\/p>\n<div  class='av-social-sharing-box  avia-builder-el-7  el_after_av_hr  el_before_av_hr  '><div class='av-share-box'><h5 class='av-share-link-description av-no-toc '>Compartir esta noticia<\/h5><ul class='av-share-box-list noLightbox'><li class='av-share-link av-social-link-facebook' ><a target=\"_blank\" aria-label=\"Compartir en Facebook\" href='https:\/\/www.facebook.com\/sharer.php?u=https:\/\/radiorevelacionfm.cl\/?p=50997&#038;t=Autoridades%20entregan%20recomendaciones%20sobre%20inicio%20del%20a%C3%B1o%20escolar' aria-hidden='false' data-av_icon='\ue8f3' data-av_iconfont='entypo-fontello' title='' data-avia-related-tooltip='Compartir en Facebook' rel=\"noopener\"><span class='avia_hidden_link_text'>Compartir en Facebook<\/span><\/a><\/li><li class='av-share-link av-social-link-twitter' ><a target=\"_blank\" aria-label=\"Compartir en Twitter\" href='https:\/\/twitter.com\/share?text=Autoridades%20entregan%20recomendaciones%20sobre%20inicio%20del%20a%C3%B1o%20escolar&#038;url=https:\/\/radiorevelacionfm.cl\/?p=50997' aria-hidden='false' data-av_icon='\ue8f1' data-av_iconfont='entypo-fontello' title='' data-avia-related-tooltip='Compartir en Twitter' rel=\"noopener\"><span class='avia_hidden_link_text'>Compartir en Twitter<\/span><\/a><\/li><li class='av-share-link av-social-link-whatsapp' ><a target=\"_blank\" aria-label=\"Compartir en Whatsapp\" href='https:\/\/api.whatsapp.com\/send?text=https:\/\/radiorevelacionfm.cl\/?p=50997' aria-hidden='false' data-av_icon='\uf232' data-av_iconfont='entypo-fontello' title='' data-avia-related-tooltip='Compartir en Whatsapp' rel=\"noopener\"><span class='avia_hidden_link_text'>Compartir en Whatsapp<\/span><\/a><\/li><li class='av-share-link av-social-link-linkedin' ><a target=\"_blank\" aria-label=\"Compartir en LinkedIn\" href='https:\/\/linkedin.com\/shareArticle?mini=true&#038;title=Autoridades%20entregan%20recomendaciones%20sobre%20inicio%20del%20a%C3%B1o%20escolar&#038;url=https:\/\/radiorevelacionfm.cl\/?p=50997' aria-hidden='false' data-av_icon='\ue8fc' data-av_iconfont='entypo-fontello' title='' data-avia-related-tooltip='Compartir en LinkedIn' rel=\"noopener\"><span class='avia_hidden_link_text'>Compartir en LinkedIn<\/span><\/a><\/li><li class='av-share-link av-social-link-mail' ><a  aria-label=\"Compartir por correo\" href='mailto:?subject=Autoridades%20entregan%20recomendaciones%20sobre%20inicio%20del%20a%C3%B1o%20escolar&#038;body=https:\/\/radiorevelacionfm.cl\/?p=50997' aria-hidden='false' data-av_icon='\ue805' data-av_iconfont='entypo-fontello' title='' data-avia-related-tooltip='Compartir por correo'><span class='avia_hidden_link_text'>Compartir por correo<\/span><\/a><\/li><\/ul><\/div><\/div>\n<div  style='height:50px' class='hr hr-invisible   avia-builder-el-8  el_after_av_social_share  el_before_av_comments_list '><span class='hr-inner ' ><span class='hr-inner-style'><\/span><\/span><\/div>\n<div  class='av-buildercomment  av-blog-meta-html-info-disabled av-blog-meta-tag-disabled  '><\/div>\n","protected":false},"excerpt":{"rendered":"","protected":false},"author":1,"featured_media":50998,"comment_status":"open","ping_status":"open","sticky":false,"template":"","format":"standard","meta":{"footnotes":""},"categories":[49],"tags":[],"class_list":["post-50997","post","type-post","status-publish","format-standard","has-post-thumbnail","hentry","category-educacion"],"jetpack_featured_media_url":"https:\/\/radiorevelacionfm.cl\/wp-content\/uploads\/2025\/02\/seremi2-1-1.jpeg","_links":{"self":[{"href":"https:\/\/radiorevelacionfm.cl\/index.php?rest_route=\/wp\/v2\/posts\/50997","targetHints":{"allow":["GET"]}}],"collection":[{"href":"https:\/\/radiorevelacionfm.cl\/index.php?rest_route=\/wp\/v2\/posts"}],"about":[{"href":"https:\/\/radiorevelacionfm.cl\/index.php?rest_route=\/wp\/v2\/types\/post"}],"author":[{"embeddable":true,"href":"https:\/\/radiorevelacionfm.cl\/index.php?rest_route=\/wp\/v2\/users\/1"}],"replies":[{"embeddable":true,"href":"https:\/\/radiorevelacionfm.cl\/index.php?rest_route=%2Fwp%2Fv2%2Fcomments&post=50997"}],"version-history":[{"count":1,"href":"https:\/\/radiorevelacionfm.cl\/index.php?rest_route=\/wp\/v2\/posts\/50997\/revisions"}],"predecessor-version":[{"id":50999,"href":"https:\/\/radiorevelacionfm.cl\/index.php?rest_route=\/wp\/v2\/posts\/50997\/revisions\/50999"}],"wp:featuredmedia":[{"embeddable":true,"href":"https:\/\/radiorevelacionfm.cl\/index.php?rest_route=\/wp\/v2\/media\/50998"}],"wp:attachment":[{"href":"https:\/\/radiorevelacionfm.cl\/index.php?rest_route=%2Fwp%2Fv2%2Fmedia&parent=50997"}],"wp:term":[{"taxonomy":"category","embeddable":true,"href":"https:\/\/radiorevelacionfm.cl\/index.php?rest_route=%2Fwp%2Fv2%2Fcategories&post=50997"},{"taxonomy":"post_tag","embeddable":true,"href":"https:\/\/radiorevelacionfm.cl\/index.php?rest_route=%2Fwp%2Fv2%2Ftags&post=50997"}],"curies":[{"name":"wp","href":"https:\/\/api.w.org\/{rel}","templated":true}]}}