{"id":50995,"date":"2025-02-28T16:18:37","date_gmt":"2025-02-28T19:18:37","guid":{"rendered":"https:\/\/radiorevelacionfm.cl\/?p=50995"},"modified":"2025-02-28T16:18:37","modified_gmt":"2025-02-28T19:18:37","slug":"la-tasa-de-desocupacion-en-la-region-de-aysen-fue-42-en-el-trimestre-noviembre-2024-enero-2025","status":"publish","type":"post","link":"https:\/\/radiorevelacionfm.cl\/?p=50995","title":{"rendered":"La tasa de desocupaci\u00f3n en la Regi\u00f3n de Ays\u00e9n fue 4,2% en el trimestre noviembre 2024 \u2013 enero 2025"},"content":{"rendered":"<div class=\"flex_column av_one_full  flex_column_div av-zero-column-padding first  avia-builder-el-0  el_before_av_one_full  avia-builder-el-first  \" style='border-radius:0px; '><div  class='avia-image-container  av-styling-    avia-builder-el-1  avia-builder-el-no-sibling  avia-align-center '  itemprop=\"image\" itemscope=\"itemscope\" itemtype=\"https:\/\/schema.org\/ImageObject\"  ><div class='avia-image-container-inner'><div class='avia-image-overlay-wrap'><img decoding=\"async\" class='wp-image-46616 avia-img-lazy-loading-not-46616 avia_image' src=\"https:\/\/radiorevelacionfm.cl\/wp-content\/uploads\/2024\/09\/Trabajadores-del-salmon-1-1.jpg\" alt='' title='Trabajadores del salmon (1) (1)' height=\"600\" width=\"897\"  itemprop=\"thumbnailUrl\" srcset=\"https:\/\/radiorevelacionfm.cl\/wp-content\/uploads\/2024\/09\/Trabajadores-del-salmon-1-1.jpg 897w, https:\/\/radiorevelacionfm.cl\/wp-content\/uploads\/2024\/09\/Trabajadores-del-salmon-1-1-300x201.jpg 300w, https:\/\/radiorevelacionfm.cl\/wp-content\/uploads\/2024\/09\/Trabajadores-del-salmon-1-1-768x514.jpg 768w, https:\/\/radiorevelacionfm.cl\/wp-content\/uploads\/2024\/09\/Trabajadores-del-salmon-1-1-705x472.jpg 705w, https:\/\/radiorevelacionfm.cl\/wp-content\/uploads\/2024\/09\/Trabajadores-del-salmon-1-1-450x301.jpg 450w, https:\/\/radiorevelacionfm.cl\/wp-content\/uploads\/2024\/09\/Trabajadores-del-salmon-1-1-600x401.jpg 600w\" sizes=\"(max-width: 897px) 100vw, 897px\" \/><\/div><\/div><\/div><\/div><div class=\"flex_column av_one_full  flex_column_div av-zero-column-padding first  avia-builder-el-2  el_after_av_one_full  el_before_av_one_full  column-top-margin\" style='border-radius:0px; '><section class=\"av_textblock_section \"  itemscope=\"itemscope\" itemtype=\"https:\/\/schema.org\/BlogPosting\" itemprop=\"blogPost\" ><div class='avia_textblock  '   itemprop=\"text\" ><p style=\"text-align: center;\"><strong><span style=\"font-size: 18pt;\">La tasa de desocupaci\u00f3n en la Regi\u00f3n de Ays\u00e9n fue 4,2% en el trimestre noviembre 2024 \u2013 enero 2025<\/span><\/strong><\/p>\n<div id=\"gtx-trans\" style=\"position: absolute; left: -50px; top: 4.31534px;\">\n<div class=\"gtx-trans-icon\"><\/div>\n<\/div>\n<\/div><\/section><\/div><div class=\"flex_column av_one_full  flex_column_div av-zero-column-padding first  avia-builder-el-4  el_after_av_one_full  el_before_av_hr  column-top-margin\" style='border-radius:0px; '><section class=\"av_textblock_section \"  itemscope=\"itemscope\" itemtype=\"https:\/\/schema.org\/BlogPosting\" itemprop=\"blogPost\" ><div class='avia_textblock  '   itemprop=\"text\" ><p style=\"text-align: justify;\">En doce meses se registr\u00f3 un descenso de 0,7 puntos porcentuales (pp.), explicado por el aumento presentado por las personas ocupadas (0,8%) y la nula variaci\u00f3n de la fuerza de trabajo.<\/p>\n<p style=\"text-align: justify;\">En 4,2% se ubic\u00f3 la tasa de desocupaci\u00f3n en la Regi\u00f3n de Ays\u00e9n durante el trimestre noviembre 2024 &#8211; enero 2025 (NDE 2024), de acuerdo con la informaci\u00f3n entregada por la Encuesta Nacional de Empleo (ENE), elaborada por el Instituto Nacional de Estad\u00edsticas de Chile (INE).<\/p>\n<p style=\"text-align: justify;\">La cifra signific\u00f3 una disminuci\u00f3n de 0,7 pp. en doce meses, debido a que la fuerza de trabajo no present\u00f3 variaci\u00f3n en doce meses, mientras que se registr\u00f3 un aumento en las personas ocupadas (0,8%).<\/p>\n<p style=\"text-align: justify;\">Respecto al mismo periodo del a\u00f1o anterior, la tasa de participaci\u00f3n se situ\u00f3 en 71,0% con una variaci\u00f3n interanual de -0,5 pp. mientras que la tasa de ocupaci\u00f3n alcanz\u00f3 68,0%, sin variaci\u00f3n en doce meses. Por otra parte, la poblaci\u00f3n fuera de la fuerza de trabajo aument\u00f3 2,8%, influida por la poblaci\u00f3n inactiva potencialmente activa (10,7%).<\/p>\n<p style=\"text-align: justify;\">En las mujeres, la tasa de desocupaci\u00f3n se situ\u00f3 en 5,4%, con un incremento de 0,2 pp. en doce meses; mientras que en los hombres, la tasa de desocupaci\u00f3n fue 3,2%, con una disminuci\u00f3n de 1,4 pp. en el mismo per\u00edodo.<\/p>\n<p style=\"text-align: justify;\"><b>Alza de personas ocupadas\u00a0 \u00a0 \u00a0\u00a0<\/b><\/p>\n<p style=\"text-align: justify;\">En doce meses, la estimaci\u00f3n del total de personas ocupadas experiment\u00f3 un crecimiento de 0,8%, incidido por mujeres (1,7%).<\/p>\n<p style=\"text-align: justify;\">Por categor\u00eda ocupacional, el alza se observ\u00f3 principalmente en personas asalariadas formales (3,5%).<\/p>\n<p style=\"text-align: justify;\"><b>Informalidad<\/b><\/p>\n<p style=\"text-align: justify;\">La tasa de ocupaci\u00f3n informal se ubic\u00f3 en 32,6%, con un descenso de 0,6 pp. en un a\u00f1o. Las personas ocupadas informales disminuyeron 0,9%, incididas por mujeres (-9,2%).<\/p>\n<p style=\"text-align: justify;\"><b>Indicadores de subutilizaci\u00f3n de la fuerza de trabajo<\/b><\/p>\n<p style=\"text-align: justify;\">La tasa combinada de desocupaci\u00f3n y fuerza de trabajo potencial alcanz\u00f3 11,3%, con una reducci\u00f3n de 0,2 pp. en el per\u00edodo. En los hombres se situ\u00f3 en 8,8% y en las mujeres, en 14,2%.La brecha de g\u00e9nero fue 5,4 pp..<\/p>\n<\/div><\/section><\/div><div  style='height:50px' class='hr hr-invisible   avia-builder-el-6  el_after_av_one_full  el_before_av_social_share '><span class='hr-inner ' ><span class='hr-inner-style'><\/span><\/span><\/div><\/p>\n<div  class='av-social-sharing-box  avia-builder-el-7  el_after_av_hr  el_before_av_hr  '><div class='av-share-box'><h5 class='av-share-link-description av-no-toc '>Compartir esta noticia<\/h5><ul class='av-share-box-list noLightbox'><li class='av-share-link av-social-link-facebook' ><a target=\"_blank\" aria-label=\"Compartir en Facebook\" href='https:\/\/www.facebook.com\/sharer.php?u=https:\/\/radiorevelacionfm.cl\/?p=50995&#038;t=La%20tasa%20de%20desocupaci%C3%B3n%20en%20la%20Regi%C3%B3n%20de%20Ays%C3%A9n%20fue%204%2C2%25%20en%20el%20trimestre%20noviembre%202024%20%E2%80%93%20enero%202025' aria-hidden='false' data-av_icon='\ue8f3' data-av_iconfont='entypo-fontello' title='' data-avia-related-tooltip='Compartir en Facebook' rel=\"noopener\"><span class='avia_hidden_link_text'>Compartir en Facebook<\/span><\/a><\/li><li class='av-share-link av-social-link-twitter' ><a target=\"_blank\" aria-label=\"Compartir en Twitter\" href='https:\/\/twitter.com\/share?text=La%20tasa%20de%20desocupaci%C3%B3n%20en%20la%20Regi%C3%B3n%20de%20Ays%C3%A9n%20fue%204%2C2%25%20en%20el%20trimestre%20noviembre%202024%20%E2%80%93%20enero%202025&#038;url=https:\/\/radiorevelacionfm.cl\/?p=50995' aria-hidden='false' data-av_icon='\ue8f1' data-av_iconfont='entypo-fontello' title='' data-avia-related-tooltip='Compartir en Twitter' rel=\"noopener\"><span class='avia_hidden_link_text'>Compartir en Twitter<\/span><\/a><\/li><li class='av-share-link av-social-link-whatsapp' ><a target=\"_blank\" aria-label=\"Compartir en Whatsapp\" href='https:\/\/api.whatsapp.com\/send?text=https:\/\/radiorevelacionfm.cl\/?p=50995' aria-hidden='false' data-av_icon='\uf232' data-av_iconfont='entypo-fontello' title='' data-avia-related-tooltip='Compartir en Whatsapp' rel=\"noopener\"><span class='avia_hidden_link_text'>Compartir en Whatsapp<\/span><\/a><\/li><li class='av-share-link av-social-link-linkedin' ><a target=\"_blank\" aria-label=\"Compartir en LinkedIn\" href='https:\/\/linkedin.com\/shareArticle?mini=true&#038;title=La%20tasa%20de%20desocupaci%C3%B3n%20en%20la%20Regi%C3%B3n%20de%20Ays%C3%A9n%20fue%204%2C2%25%20en%20el%20trimestre%20noviembre%202024%20%E2%80%93%20enero%202025&#038;url=https:\/\/radiorevelacionfm.cl\/?p=50995' aria-hidden='false' data-av_icon='\ue8fc' data-av_iconfont='entypo-fontello' title='' data-avia-related-tooltip='Compartir en LinkedIn' rel=\"noopener\"><span class='avia_hidden_link_text'>Compartir en LinkedIn<\/span><\/a><\/li><li class='av-share-link av-social-link-mail' ><a  aria-label=\"Compartir por correo\" href='mailto:?subject=La%20tasa%20de%20desocupaci%C3%B3n%20en%20la%20Regi%C3%B3n%20de%20Ays%C3%A9n%20fue%204%2C2%25%20en%20el%20trimestre%20noviembre%202024%20%E2%80%93%20enero%202025&#038;body=https:\/\/radiorevelacionfm.cl\/?p=50995' aria-hidden='false' data-av_icon='\ue805' data-av_iconfont='entypo-fontello' title='' data-avia-related-tooltip='Compartir por correo'><span class='avia_hidden_link_text'>Compartir por correo<\/span><\/a><\/li><\/ul><\/div><\/div>\n<div  style='height:50px' class='hr hr-invisible   avia-builder-el-8  el_after_av_social_share  el_before_av_comments_list '><span class='hr-inner ' ><span class='hr-inner-style'><\/span><\/span><\/div>\n<div  class='av-buildercomment  av-blog-meta-html-info-disabled av-blog-meta-tag-disabled  '><\/div>\n","protected":false},"excerpt":{"rendered":"","protected":false},"author":1,"featured_media":46616,"comment_status":"open","ping_status":"open","sticky":false,"template":"","format":"standard","meta":{"footnotes":""},"categories":[38],"tags":[],"class_list":["post-50995","post","type-post","status-publish","format-standard","has-post-thumbnail","hentry","category-regional"],"jetpack_featured_media_url":"https:\/\/radiorevelacionfm.cl\/wp-content\/uploads\/2024\/09\/Trabajadores-del-salmon-1-1.jpg","_links":{"self":[{"href":"https:\/\/radiorevelacionfm.cl\/index.php?rest_route=\/wp\/v2\/posts\/50995","targetHints":{"allow":["GET"]}}],"collection":[{"href":"https:\/\/radiorevelacionfm.cl\/index.php?rest_route=\/wp\/v2\/posts"}],"about":[{"href":"https:\/\/radiorevelacionfm.cl\/index.php?rest_route=\/wp\/v2\/types\/post"}],"author":[{"embeddable":true,"href":"https:\/\/radiorevelacionfm.cl\/index.php?rest_route=\/wp\/v2\/users\/1"}],"replies":[{"embeddable":true,"href":"https:\/\/radiorevelacionfm.cl\/index.php?rest_route=%2Fwp%2Fv2%2Fcomments&post=50995"}],"version-history":[{"count":1,"href":"https:\/\/radiorevelacionfm.cl\/index.php?rest_route=\/wp\/v2\/posts\/50995\/revisions"}],"predecessor-version":[{"id":50996,"href":"https:\/\/radiorevelacionfm.cl\/index.php?rest_route=\/wp\/v2\/posts\/50995\/revisions\/50996"}],"wp:featuredmedia":[{"embeddable":true,"href":"https:\/\/radiorevelacionfm.cl\/index.php?rest_route=\/wp\/v2\/media\/46616"}],"wp:attachment":[{"href":"https:\/\/radiorevelacionfm.cl\/index.php?rest_route=%2Fwp%2Fv2%2Fmedia&parent=50995"}],"wp:term":[{"taxonomy":"category","embeddable":true,"href":"https:\/\/radiorevelacionfm.cl\/index.php?rest_route=%2Fwp%2Fv2%2Fcategories&post=50995"},{"taxonomy":"post_tag","embeddable":true,"href":"https:\/\/radiorevelacionfm.cl\/index.php?rest_route=%2Fwp%2Fv2%2Ftags&post=50995"}],"curies":[{"name":"wp","href":"https:\/\/api.w.org\/{rel}","templated":true}]}}