{"id":50992,"date":"2025-02-28T10:20:55","date_gmt":"2025-02-28T13:20:55","guid":{"rendered":"https:\/\/radiorevelacionfm.cl\/?p=50992"},"modified":"2025-02-28T10:20:55","modified_gmt":"2025-02-28T13:20:55","slug":"la-ciudad-revelada-pasaje-medios-y-aysen-revelado-inauguran-segunda-exposicion-formativa-en-comodoro-rivadavia","status":"publish","type":"post","link":"https:\/\/radiorevelacionfm.cl\/?p=50992","title":{"rendered":"\u00abLa ciudad revelada\u201d: Pasaje Medios y Ays\u00e9n Revelado inauguran segunda exposici\u00f3n formativa en Comodoro Rivadavia"},"content":{"rendered":"<div class=\"flex_column av_one_full  flex_column_div av-zero-column-padding first  avia-builder-el-0  el_before_av_one_full  avia-builder-el-first  \" style='border-radius:0px; '><div  class='avia-image-container  av-styling-    avia-builder-el-1  avia-builder-el-no-sibling  avia-align-center '  itemprop=\"image\" itemscope=\"itemscope\" itemtype=\"https:\/\/schema.org\/ImageObject\"  ><div class='avia-image-container-inner'><div class='avia-image-overlay-wrap'><img decoding=\"async\" class='wp-image-50993 avia-img-lazy-loading-not-50993 avia_image' src=\"https:\/\/radiorevelacionfm.cl\/wp-content\/uploads\/2025\/02\/talleres-comodoro-1-1-1-1.jpeg\" alt='' title='talleres comodoro 1 (1) (1) (1)' height=\"600\" width=\"901\"  itemprop=\"thumbnailUrl\" srcset=\"https:\/\/radiorevelacionfm.cl\/wp-content\/uploads\/2025\/02\/talleres-comodoro-1-1-1-1.jpeg 901w, https:\/\/radiorevelacionfm.cl\/wp-content\/uploads\/2025\/02\/talleres-comodoro-1-1-1-1-300x200.jpeg 300w, https:\/\/radiorevelacionfm.cl\/wp-content\/uploads\/2025\/02\/talleres-comodoro-1-1-1-1-768x511.jpeg 768w, https:\/\/radiorevelacionfm.cl\/wp-content\/uploads\/2025\/02\/talleres-comodoro-1-1-1-1-705x469.jpeg 705w, https:\/\/radiorevelacionfm.cl\/wp-content\/uploads\/2025\/02\/talleres-comodoro-1-1-1-1-450x300.jpeg 450w, https:\/\/radiorevelacionfm.cl\/wp-content\/uploads\/2025\/02\/talleres-comodoro-1-1-1-1-600x400.jpeg 600w\" sizes=\"(max-width: 901px) 100vw, 901px\" \/><\/div><\/div><\/div><\/div><div class=\"flex_column av_one_full  flex_column_div av-zero-column-padding first  avia-builder-el-2  el_after_av_one_full  el_before_av_one_full  column-top-margin\" style='border-radius:0px; '><section class=\"av_textblock_section \"  itemscope=\"itemscope\" itemtype=\"https:\/\/schema.org\/BlogPosting\" itemprop=\"blogPost\" ><div class='avia_textblock  '   itemprop=\"text\" ><p style=\"text-align: center;\"><span style=\"font-size: 18pt;\"><b>\u00abLa ciudad revelada\u201d: Pasaje Medios y Ays\u00e9n Revelado inauguran segunda exposici\u00f3n formativa en Comodoro Rivadavia<\/b><\/span><\/p>\n<div id=\"gtx-trans\" style=\"position: absolute; left: -50px; top: 4.31534px;\">\n<div class=\"gtx-trans-icon\"><\/div>\n<\/div>\n<\/div><\/section><\/div><div class=\"flex_column av_one_full  flex_column_div av-zero-column-padding first  avia-builder-el-4  el_after_av_one_full  el_before_av_hr  column-top-margin\" style='border-radius:0px; '><section class=\"av_textblock_section \"  itemscope=\"itemscope\" itemtype=\"https:\/\/schema.org\/BlogPosting\" itemprop=\"blogPost\" ><div class='avia_textblock  '   itemprop=\"text\" ><p class=\"v1gmail-p7\" style=\"text-align: justify;\">Tras cuatro d\u00edas de talleres, teor\u00eda y pr\u00e1ctica de la fotograf\u00eda an\u00e1loga, adem\u00e1s de una jornada de montaje, Ays\u00e9n Revelado y la productora Pasaje Medios inauguraron una nueva exposici\u00f3n con los resultados del Taller de Fotograf\u00eda Patrimonial que dict\u00f3 el periodista y fot\u00f3grafo an\u00e1logo Rodrigo Campusano en Comodoro Rivadavia, Argentina. Todo en el marco del cumplea\u00f1os n\u00famero 124 de la ciudad.<\/p>\n<p class=\"v1gmail-p7\" style=\"text-align: justify;\">\u00abLa ciudad revelada\u00bb es el reflejo de la reflexi\u00f3n que hicieron personas mayores, ni\u00f1os y ni\u00f1as del puerto petrolero patag\u00f3n, mientras recorr\u00edan la ciudad guiados por la Direcci\u00f3n de Patrimonio de la Secretar\u00eda de Cultura y recog\u00edan im\u00e1genes con una Yashica D del a\u00f1o 1957, perfectamente conservada por el Colectivo de Fotograf\u00eda An\u00e1loga Ays\u00e9n Revelado, cuyo laboratorio m\u00f3vil lleg\u00f3 por segunda vez a Comodoro.<\/p>\n<p class=\"v1gmail-p7\" style=\"text-align: justify;\">\u00abEste taller responde a una invitaci\u00f3n de la Secretar\u00eda de Cultura con la que venimos trabajando desde que los contactamos de forma privada para iniciar una alianza que resultado sumamente virtuosa\u00bb, resume el periodista Rodrigo Campusano. Y agrega que \u00abes muy sorprendente que en solo cuatro d\u00edas podamos dictar dos talleres de fotograf\u00eda an\u00e1loga, montar en laboratorio, revelar las pel\u00edculas, hacer las copias con los qu\u00edmicos respectivos, y finalmente montar una exposici\u00f3n que quedar\u00e1 un mes en el Centro de Informaci\u00f3n P\u00fablica de la ciudad. Que los y las participantes puedan, en una experiencia atractiva e intensa, conocer y hacer sus propias im\u00e1genes es el principal motivo por los que Ays\u00e9n Revelado con la producci\u00f3n de Pasaje Medios se est\u00e1 moviendo a otros territorios del continente. Ya hemos recibido invitaciones de Bah\u00eda Blanca y los vecinos de Sarmiento ya est\u00e1n preguntando por qu\u00e9 si pasamos tantas veces por esa ciudad no desarrollamos tambi\u00e9n all\u00ed esta idea. Estamos creciendo y nos tiene muy contentos. \u00c9ste es un esfuerzo privado y agradecemos a Pira\u00f1a Cor que se sum\u00f3 con importante auspicio que nos permiti\u00f3 vestir nuestra marca en el extranjero.\u00bb.<\/p>\n<p class=\"v1gmail-p7\" style=\"text-align: justify;\">Arturo Sol\u00eds, director de la productora pasaje medios acompa\u00f1\u00f3 los 1000 km de recorrido haci\u00e9ndose cargo de cada detalle: \u00abPara nosotros resulta sumamente importante desarrollar esfuerzos en la gesti\u00f3n cultural porque es la semilla que despu\u00e9s va a generar el trabajo para todos y todas los que estamos vinculados a esta \u00e1rea. No es solamente el hecho de poder trabajar en las cosas que el mismo mercado interno te ofrece, sino crear nuevas oportunidades y nuevas formas de trabajo. En este caso, se centra en la vinculaci\u00f3n con otro pa\u00eds que tiene muchas caracter\u00edsticas similares a nuestro territorio\u00bb.<\/p>\n<p class=\"v1gmail-p7\" style=\"text-align: justify;\">Adem\u00e1s del Taller de Fotograf\u00eda An\u00e1loga Patrimonial, el equipo dict\u00f3 un Taller de Fotograf\u00eda An\u00e1loga Nocturna y una peque\u00f1a sesi\u00f3n de revelado de esa pel\u00edcula, cuyos resultados estar\u00e1n disponibles a partir de marzo.<\/p>\n<\/div><\/section><\/div><div  style='height:50px' class='hr hr-invisible   avia-builder-el-6  el_after_av_one_full  el_before_av_social_share '><span class='hr-inner ' ><span class='hr-inner-style'><\/span><\/span><\/div><\/p>\n<div  class='av-social-sharing-box  avia-builder-el-7  el_after_av_hr  el_before_av_hr  '><div class='av-share-box'><h5 class='av-share-link-description av-no-toc '>Compartir esta noticia<\/h5><ul class='av-share-box-list noLightbox'><li class='av-share-link av-social-link-facebook' ><a target=\"_blank\" aria-label=\"Compartir en Facebook\" href='https:\/\/www.facebook.com\/sharer.php?u=https:\/\/radiorevelacionfm.cl\/?p=50992&#038;t=%C2%ABLa%20ciudad%20revelada%E2%80%9D%3A%20Pasaje%20Medios%20y%20Ays%C3%A9n%20Revelado%20inauguran%20segunda%20exposici%C3%B3n%20formativa%20en%20Comodoro%20Rivadavia' aria-hidden='false' data-av_icon='\ue8f3' data-av_iconfont='entypo-fontello' title='' data-avia-related-tooltip='Compartir en Facebook' rel=\"noopener\"><span class='avia_hidden_link_text'>Compartir en Facebook<\/span><\/a><\/li><li class='av-share-link av-social-link-twitter' ><a target=\"_blank\" aria-label=\"Compartir en Twitter\" href='https:\/\/twitter.com\/share?text=%C2%ABLa%20ciudad%20revelada%E2%80%9D%3A%20Pasaje%20Medios%20y%20Ays%C3%A9n%20Revelado%20inauguran%20segunda%20exposici%C3%B3n%20formativa%20en%20Comodoro%20Rivadavia&#038;url=https:\/\/radiorevelacionfm.cl\/?p=50992' aria-hidden='false' data-av_icon='\ue8f1' data-av_iconfont='entypo-fontello' title='' data-avia-related-tooltip='Compartir en Twitter' rel=\"noopener\"><span class='avia_hidden_link_text'>Compartir en Twitter<\/span><\/a><\/li><li class='av-share-link av-social-link-whatsapp' ><a target=\"_blank\" aria-label=\"Compartir en Whatsapp\" href='https:\/\/api.whatsapp.com\/send?text=https:\/\/radiorevelacionfm.cl\/?p=50992' aria-hidden='false' data-av_icon='\uf232' data-av_iconfont='entypo-fontello' title='' data-avia-related-tooltip='Compartir en Whatsapp' rel=\"noopener\"><span class='avia_hidden_link_text'>Compartir en Whatsapp<\/span><\/a><\/li><li class='av-share-link av-social-link-linkedin' ><a target=\"_blank\" aria-label=\"Compartir en LinkedIn\" href='https:\/\/linkedin.com\/shareArticle?mini=true&#038;title=%C2%ABLa%20ciudad%20revelada%E2%80%9D%3A%20Pasaje%20Medios%20y%20Ays%C3%A9n%20Revelado%20inauguran%20segunda%20exposici%C3%B3n%20formativa%20en%20Comodoro%20Rivadavia&#038;url=https:\/\/radiorevelacionfm.cl\/?p=50992' aria-hidden='false' data-av_icon='\ue8fc' data-av_iconfont='entypo-fontello' title='' data-avia-related-tooltip='Compartir en LinkedIn' rel=\"noopener\"><span class='avia_hidden_link_text'>Compartir en LinkedIn<\/span><\/a><\/li><li class='av-share-link av-social-link-mail' ><a  aria-label=\"Compartir por correo\" href='mailto:?subject=%C2%ABLa%20ciudad%20revelada%E2%80%9D%3A%20Pasaje%20Medios%20y%20Ays%C3%A9n%20Revelado%20inauguran%20segunda%20exposici%C3%B3n%20formativa%20en%20Comodoro%20Rivadavia&#038;body=https:\/\/radiorevelacionfm.cl\/?p=50992' aria-hidden='false' data-av_icon='\ue805' data-av_iconfont='entypo-fontello' title='' data-avia-related-tooltip='Compartir por correo'><span class='avia_hidden_link_text'>Compartir por correo<\/span><\/a><\/li><\/ul><\/div><\/div>\n<div  style='height:50px' class='hr hr-invisible   avia-builder-el-8  el_after_av_social_share  el_before_av_comments_list '><span class='hr-inner ' ><span class='hr-inner-style'><\/span><\/span><\/div>\n<div  class='av-buildercomment  av-blog-meta-html-info-disabled av-blog-meta-tag-disabled  '><\/div>\n","protected":false},"excerpt":{"rendered":"","protected":false},"author":1,"featured_media":50993,"comment_status":"open","ping_status":"open","sticky":false,"template":"","format":"standard","meta":{"footnotes":""},"categories":[52],"tags":[],"class_list":["post-50992","post","type-post","status-publish","format-standard","has-post-thumbnail","hentry","category-cultura"],"jetpack_featured_media_url":"https:\/\/radiorevelacionfm.cl\/wp-content\/uploads\/2025\/02\/talleres-comodoro-1-1-1-1.jpeg","_links":{"self":[{"href":"https:\/\/radiorevelacionfm.cl\/index.php?rest_route=\/wp\/v2\/posts\/50992","targetHints":{"allow":["GET"]}}],"collection":[{"href":"https:\/\/radiorevelacionfm.cl\/index.php?rest_route=\/wp\/v2\/posts"}],"about":[{"href":"https:\/\/radiorevelacionfm.cl\/index.php?rest_route=\/wp\/v2\/types\/post"}],"author":[{"embeddable":true,"href":"https:\/\/radiorevelacionfm.cl\/index.php?rest_route=\/wp\/v2\/users\/1"}],"replies":[{"embeddable":true,"href":"https:\/\/radiorevelacionfm.cl\/index.php?rest_route=%2Fwp%2Fv2%2Fcomments&post=50992"}],"version-history":[{"count":1,"href":"https:\/\/radiorevelacionfm.cl\/index.php?rest_route=\/wp\/v2\/posts\/50992\/revisions"}],"predecessor-version":[{"id":50994,"href":"https:\/\/radiorevelacionfm.cl\/index.php?rest_route=\/wp\/v2\/posts\/50992\/revisions\/50994"}],"wp:featuredmedia":[{"embeddable":true,"href":"https:\/\/radiorevelacionfm.cl\/index.php?rest_route=\/wp\/v2\/media\/50993"}],"wp:attachment":[{"href":"https:\/\/radiorevelacionfm.cl\/index.php?rest_route=%2Fwp%2Fv2%2Fmedia&parent=50992"}],"wp:term":[{"taxonomy":"category","embeddable":true,"href":"https:\/\/radiorevelacionfm.cl\/index.php?rest_route=%2Fwp%2Fv2%2Fcategories&post=50992"},{"taxonomy":"post_tag","embeddable":true,"href":"https:\/\/radiorevelacionfm.cl\/index.php?rest_route=%2Fwp%2Fv2%2Ftags&post=50992"}],"curies":[{"name":"wp","href":"https:\/\/api.w.org\/{rel}","templated":true}]}}